{"id":135120,"date":"2025-05-28T19:58:08","date_gmt":"2025-05-28T19:58:08","guid":{"rendered":"https:\/\/www.europesays.com\/fr\/135120\/"},"modified":"2025-05-28T19:58:08","modified_gmt":"2025-05-28T19:58:08","slug":"toujours-de-grosses-difficultes-sur-la7-en-direction-du-sud","status":"publish","type":"post","link":"https:\/\/www.europesays.com\/fr\/135120\/","title":{"rendered":"toujours de grosses difficult\u00e9s sur l&rsquo;A7 en direction du Sud"},"content":{"rendered":"<p>Alors qu&rsquo;un bouchon de 22,5 km s&rsquo;est form\u00e9 entre Larnage et Portes-l\u00e8s-Valence (Dr\u00f4me), la circulation est toujours aussi compliqu\u00e9e sur l&rsquo;A7 en direction du Sud. \u00c0 19h, il fallait faire pr\u00e8s de 4h de route pour acc\u00e9der \u00e0 Orange depuis Lyon, contre 1h35 habituellement.<\/p>\n<p>Des ralentissements de 10 km sont \u00e9galement observ\u00e9s entre Saint-Paul-Trois-Ch\u00e2teaux \u00e0 Boll\u00e8ne.<\/p>\n<p>En revanche, dans le sens des retours, aucune perturbation n&rsquo;est \u00e0 signaler.<\/p>\n<p>Ce contenu est bloqu\u00e9 car vous n&rsquo;avez pas accept\u00e9 les cookies et autres traceurs.<\/p>\n<p>En cliquant sur \u00ab J\u2019accepte \u00bb, les cookies et autres traceurs seront d\u00e9pos\u00e9s et vous pourrez visualiser les contenus  (<a href=\"\" class=\"consentModule_policy\" target=\"_blank\" title=\"Consulter la politique de protection des donn\u00e9es du fournisseur\">plus d&rsquo;informations<\/a>).<\/p>\n<p>En cliquant sur \u00ab J\u2019accepte tous les cookies \u00bb, vous autorisez des d\u00e9p\u00f4ts de cookies et autres traceurs pour le stockage de vos donn\u00e9es sur nos sites et applications \u00e0 des fins de personnalisation et de ciblage publicitaire.<\/p>\n<p class=\"consentModule_secondaryText\">Vous gardez la possibilit\u00e9 de retirer votre consentement \u00e0 tout moment en consultant notre <a href=\"https:\/\/www.ledauphine.com\/protection-des-donnees\" target=\"_blank\" title=\"Consulter notre politique de protection des donn\u00e9es\" rel=\"noopener\">politique de protection des donn\u00e9es<\/a>. <br \/>&#13;<br \/>\n            <a href=\"https:\/\/www.ledauphine.com\/transport\/2025\/05\/28\/javascript:Didomi.notice.show()\" class=\"consentModule_cmp\" target=\"_blank\" rel=\"noopener\">G\u00e9rer mes choix<\/a>&#13;\n        <\/p>\n<p>&#13;<br \/>\n                        J&rsquo;accepte&#13;<br \/>\n            J&rsquo;accepte tous les cookies&#13;\n        <\/p>\n","protected":false},"excerpt":{"rendered":"Alors qu&rsquo;un bouchon de 22,5 km s&rsquo;est form\u00e9 entre Larnage et Portes-l\u00e8s-Valence (Dr\u00f4me), la circulation est toujours aussi&hellip;\n","protected":false},"author":2,"featured_media":135121,"comment_status":"","ping_status":"","sticky":false,"template":"","format":"standard","meta":{"footnotes":""},"categories":[1889],"tags":[1111,11,4646,2430,3542,4645,115,9543,3859,2737,2735,111,1777,674,107,1011,27,329,4638,108,2428,12,738,25,5508,2803,4520],"class_list":{"0":"post-135120","1":"post","2":"type-post","3":"status-publish","4":"format-standard","5":"has-post-thumbnail","7":"category-lyon","8":"tag-actu","9":"tag-actualites","10":"tag-ardeche","11":"tag-auvergne-rhone-alpes","12":"tag-circulation","13":"tag-edition-aubenas-privas-vallee-du-rhone","14":"tag-edition-bourgoin-jallieu-nord-dauphine","15":"tag-edition-mont-blanc-arve","16":"tag-edition-provencale","17":"tag-edition-romans-nord-drome","18":"tag-edition-valence-rhone-crussol-vallee-de-la-drome","19":"tag-edition-vienne-roussillon","20":"tag-eu","21":"tag-europe","22":"tag-fil-info","23":"tag-fr","24":"tag-france","25":"tag-france-monde","26":"tag-haute-savoie","27":"tag-isere","28":"tag-lyon","29":"tag-news","30":"tag-orange","31":"tag-republique-francaise","32":"tag-savoie","33":"tag-transport","34":"tag-vaucluse"},"share_on_mastodon":{"url":"","error":""},"_links":{"self":[{"href":"https:\/\/www.europesays.com\/fr\/wp-json\/wp\/v2\/posts\/135120","targetHints":{"allow":["GET"]}}],"collection":[{"href":"https:\/\/www.europesays.com\/fr\/wp-json\/wp\/v2\/posts"}],"about":[{"href":"https:\/\/www.europesays.com\/fr\/wp-json\/wp\/v2\/types\/post"}],"author":[{"embeddable":true,"href":"https:\/\/www.europesays.com\/fr\/wp-json\/wp\/v2\/users\/2"}],"replies":[{"embeddable":true,"href":"https:\/\/www.europesays.com\/fr\/wp-json\/wp\/v2\/comments?post=135120"}],"version-history":[{"count":0,"href":"https:\/\/www.europesays.com\/fr\/wp-json\/wp\/v2\/posts\/135120\/revisions"}],"wp:featuredmedia":[{"embeddable":true,"href":"https:\/\/www.europesays.com\/fr\/wp-json\/wp\/v2\/media\/135121"}],"wp:attachment":[{"href":"https:\/\/www.europesays.com\/fr\/wp-json\/wp\/v2\/media?parent=135120"}],"wp:term":[{"taxonomy":"category","embeddable":true,"href":"https:\/\/www.europesays.com\/fr\/wp-json\/wp\/v2\/categories?post=135120"},{"taxonomy":"post_tag","embeddable":true,"href":"https:\/\/www.europesays.com\/fr\/wp-json\/wp\/v2\/tags?post=135120"}],"curies":[{"name":"wp","href":"https:\/\/api.w.org\/{rel}","templated":true}]}}