{"id":135126,"date":"2025-05-28T20:04:13","date_gmt":"2025-05-28T20:04:13","guid":{"rendered":"https:\/\/www.europesays.com\/fr\/135126\/"},"modified":"2025-05-28T20:04:13","modified_gmt":"2025-05-28T20:04:13","slug":"linsee-brosse-le-portrait-des-habitants-du-departement-de-lessonne","status":"publish","type":"post","link":"https:\/\/www.europesays.com\/fr\/135126\/","title":{"rendered":"L\u2019Insee brosse le portrait des habitants du d\u00e9partement de l\u2019Essonne"},"content":{"rendered":"<p><img loading=\"lazy\" decoding=\"async\" alt=\"\u00a9\u00a0Shutterstock - Au 1er janvier 2022, 1 324 546 habitants ont \u00e9t\u00e9 recens\u00e9s en Essonne, sa population ayant augment\u00e9 en moyenne de 6 200 habitants par an depuis 2016.\" data-zoom-src=\"https:\/\/www.europesays.com\/fr\/wp-content\/uploads\/2025\/05\/initial-demgraphie.jpg\" data-zoomable=\"\" height=\"702\" src=\"https:\/\/www.europesays.com\/fr\/wp-content\/uploads\/2025\/05\/initial-demgraphie.jpg\" width=\"1248\"\/>  <\/p>\n<p class=\"article-desc\">\u00a9\u00a0Shutterstock &#8211; Au 1er janvier 2022, 1 324 546 habitants ont \u00e9t\u00e9 recens\u00e9s en Essonne, sa population ayant augment\u00e9 en moyenne de 6 200 habitants par an depuis 2016. <\/p>\n<p>Ce 23 mai, l\u2019<a href=\"https:\/\/mesinfos.fr\/92120-montrouge\/comprendre-le-bilan-demographique-2024-en-cinq-graphiques-214348.html\" rel=\"noopener nofollow\" target=\"_blank\">Institut national de la statistique et des \u00e9tudes \u00e9conomiques<\/a> (<strong>Insee<\/strong>) a publi\u00e9 une analyse dans laquelle il brosse le portrait des habitants du d\u00e9partement de l\u2019<strong>Essonne<\/strong>. Au pr\u00e9alable, il indique que ce dernier est le sixi\u00e8me de l\u2019Hexagone le plus dens\u00e9ment peupl\u00e9, apr\u00e8s Paris, les Hauts-de-Seine, la Seine-Saint-Denis, le Val-de-Marne et le Val-d\u2019Oise. Au 1er\u00a0janvier 2022, <strong>1\u00a0324\u00a0546 habitants<\/strong> ont \u00e9t\u00e9 recens\u00e9s dans le d\u00e9partement du sud francilien. Entre 2016 et 2022, celui-ci a vu sa population augmenter, en moyenne, de 6 200 habitants par an. <\/p>\n<p>60\u00a0% des m\u00e9nages essonniens propri\u00e9taires de leur logement <\/p>\n<p>Cette croissance d\u00e9mographique s\u2019explique, \u00e0 la fois, par un fort <strong>surplus<\/strong> de naissances sur les d\u00e9c\u00e8s, et par un <strong>d\u00e9ficit <\/strong>du sol migratoire, c\u2019est-\u00e0-dire la diff\u00e9rence entre les arriv\u00e9es et les d\u00e9parts du d\u00e9partement. L\u2019un dans l\u2019autre, cela repr\u00e9sente une <strong>hausse annuelle de 0,5\u00a0%<\/strong> de la population en Essonne. Selon des projections d\u00e9mographiques, celle-ci pourrait atteindre \u201cenviron 1,34\u00a0million d\u2019habitants en 2030\u201d.\u00a0 <\/p>\n<p>\u201cEn 2040, elle serait comprise entre 1,31 et 1,41 million d\u2019habitants selon les diff\u00e9rents sc\u00e9narios d\u00e9mographiques\u201d, indique l\u2019<a href=\"https:\/\/mesinfos.fr\/ile-de-france\/inflation-stable-en-janvier-vers-une-maitrise-durable-des-prix-215650.html\" rel=\"noopener nofollow\" target=\"_blank\">Insee<\/a>.<\/p>\n<p>Niveau de vie, le salaire annuel m\u00e9dian est de <strong>25\u00a0040\u00a0euros<\/strong> en Essonne. Il se situe apr\u00e8s celui de Paris (29\u00a0730\u00a0euros), des Hauts-de-Seine (29\u00a0720\u00a0euros) et des Yvelines (28\u00a0130\u00a0euros). Hors \u00cele-de-France, seuls les habitants de Haute-Savoie ont un niveau sup\u00e9rieur (28\u00a0120\u00a0euros). Pr\u00e8s de 60\u00a0% des m\u00e9nages essonniens sont <strong>propri\u00e9taires <\/strong>de leur logement, d\u00e9passant ainsi la moyenne en \u00cele-de-France (47\u00a0%). Pour les 40 % restants, 21 % r\u00e9sident dans le parc locatif priv\u00e9 et 19 % sont <strong>locataires <\/strong>du parc locatif social.<\/p>\n<p> Les Essonniens moins dipl\u00f4m\u00e9s de l\u2019enseignement sup\u00e9rieur que les Franciliens <\/p>\n<p>En 2020, parmi les <strong>m\u00e9nages essonniens<\/strong>, 32\u00a0% \u00e9taient des personnes seules, 23\u00a0%, des couples sans enfant, 32\u00a0%, des couples avec enfant(s) et 12\u00a0%, des familles monoparentales. En 2021, 13,9\u00a0% de la population en Essonne vivaient sous le seuil de\u00a0<strong>pauvret\u00e9<\/strong>. Cependant, dans les territoires o\u00f9 sont situ\u00e9s des <strong>quartiers prioritaires<\/strong> de la politique de la ville, \u201cle taux de pauvret\u00e9 est plus important qu\u2019ailleurs, jusqu\u2019\u00e0 19,3\u00a0% dans la communaut\u00e9 d\u2019agglom\u00e9ration Grand Paris Sud Seine Essonne S\u00e9nart\u201c, souligne l\u2019Insee. <\/p>\n<p>Selon l\u2019agence gouvernementale, plus de six Essonniens de 15\u00a0ans ou plus sur dix sont\u00a0<strong>actifs<\/strong>, soit en emploi ou au ch\u00f4mage, tandis que 22\u00a0% sont retrait\u00e9s et 16\u00a0%, en \u00e9tudes ou sans activit\u00e9. Moins de quatre Essonniens sur dix (38\u00a0%) sont <strong>dipl\u00f4m\u00e9s <\/strong>de l\u2019enseignement sup\u00e9rieur. C\u2019est mieux qu\u2019en France m\u00e9tropolitaine (33\u00a0%), mais moindre qu\u2019en \u00cele-de-France (45\u00a0%). Enfin, le taux de scolarisation des jeunes de 18 \u00e0 24\u00a0ans en Essonne se situe \u00e0 56,1\u00a0%, mais varie au sein du d\u00e9partement\u00a0: il est ainsi de 75,6\u00a0% \u00e0 <a href=\"https:\/\/mesinfos.fr\/ile-de-france\/palaiseau-le-lycee-international-de-l-essonne-accueille-ses-premiers-eleves-46478.html\" rel=\"noopener nofollow\" target=\"_blank\">Palaiseau<\/a>, mais de 47,9\u00a0% \u00e0 \u00c9tampes.<\/p>\n","protected":false},"excerpt":{"rendered":"\u00a9\u00a0Shutterstock &#8211; Au 1er janvier 2022, 1 324 546 habitants ont \u00e9t\u00e9 recens\u00e9s en Essonne, sa population ayant&hellip;\n","protected":false},"author":2,"featured_media":135127,"comment_status":"","ping_status":"","sticky":false,"template":"","format":"standard","meta":{"footnotes":""},"categories":[1592],"tags":[1111,11,6969,1777,674,1011,27,662,12,626,25],"class_list":{"0":"post-135126","1":"post","2":"type-post","3":"status-publish","4":"format-standard","5":"has-post-thumbnail","7":"category-ile-de-france","8":"tag-actu","9":"tag-actualites","10":"tag-demographie","11":"tag-eu","12":"tag-europe","13":"tag-fr","14":"tag-france","15":"tag-ile-de-france","16":"tag-news","17":"tag-paris","18":"tag-republique-francaise"},"share_on_mastodon":{"url":"https:\/\/pubeurope.com\/@fr\/114587255801957833","error":""},"_links":{"self":[{"href":"https:\/\/www.europesays.com\/fr\/wp-json\/wp\/v2\/posts\/135126","targetHints":{"allow":["GET"]}}],"collection":[{"href":"https:\/\/www.europesays.com\/fr\/wp-json\/wp\/v2\/posts"}],"about":[{"href":"https:\/\/www.europesays.com\/fr\/wp-json\/wp\/v2\/types\/post"}],"author":[{"embeddable":true,"href":"https:\/\/www.europesays.com\/fr\/wp-json\/wp\/v2\/users\/2"}],"replies":[{"embeddable":true,"href":"https:\/\/www.europesays.com\/fr\/wp-json\/wp\/v2\/comments?post=135126"}],"version-history":[{"count":0,"href":"https:\/\/www.europesays.com\/fr\/wp-json\/wp\/v2\/posts\/135126\/revisions"}],"wp:featuredmedia":[{"embeddable":true,"href":"https:\/\/www.europesays.com\/fr\/wp-json\/wp\/v2\/media\/135127"}],"wp:attachment":[{"href":"https:\/\/www.europesays.com\/fr\/wp-json\/wp\/v2\/media?parent=135126"}],"wp:term":[{"taxonomy":"category","embeddable":true,"href":"https:\/\/www.europesays.com\/fr\/wp-json\/wp\/v2\/categories?post=135126"},{"taxonomy":"post_tag","embeddable":true,"href":"https:\/\/www.europesays.com\/fr\/wp-json\/wp\/v2\/tags?post=135126"}],"curies":[{"name":"wp","href":"https:\/\/api.w.org\/{rel}","templated":true}]}}