{"id":135128,"date":"2025-05-28T20:05:11","date_gmt":"2025-05-28T20:05:11","guid":{"rendered":"https:\/\/www.europesays.com\/fr\/135128\/"},"modified":"2025-05-28T20:05:11","modified_gmt":"2025-05-28T20:05:11","slug":"ces-lyceens-font-la-fierte-de-leur-proviseure","status":"publish","type":"post","link":"https:\/\/www.europesays.com\/fr\/135128\/","title":{"rendered":"ces lyc\u00e9ens font la fiert\u00e9 de leur proviseure"},"content":{"rendered":"<p>            Par<br \/>\n        <strong><br \/>\n            <a href=\"https:\/\/actu.fr\/auteur\/yann-andre\" title=\"Consulter tous les articles de Yann Andr\u00e9\" rel=\"nofollow noopener\" target=\"_blank\">Yann Andr\u00e9<\/a><br \/>\n        <\/strong><\/p>\n<p>        Publi\u00e9 le<\/p>\n<p>            28 mai 2025 \u00e0 14h37        <\/p>\n<p>La France a besoin d\u2019ing\u00e9nieurs. \u00c0 <a href=\"https:\/\/actu.fr\/bretagne\/saint-brieuc_22278\" rel=\"nofollow noopener\" target=\"_blank\">Saint-Brieuc<\/a> <b>(C\u00f4tes-d\u2019Armor),<\/b> le lyc\u00e9e Chaptal est un v\u00e9ritable vivier de nouveaux talents et vient encore de le prouver si besoin \u00e9tait.<\/p>\n<p>Les meilleurs projets de France<\/p>\n<p class=\" wall-content\">Mardi 6 mai 2025 avaient lieu \u00e0 Rennes des <a href=\"https:\/\/www.education.gouv.fr\/olympiades-des-sciences-de-l-ingenieur-9548\" rel=\"nofollow noopener\" target=\"_blank\">Olympiades de sciences de l\u2019ing\u00e9nieur<\/a>. Suite \u00e0 cette comp\u00e9tition, deux \u00e9quipes du lyc\u00e9e Chaptal ont \u00e9t\u00e9 s\u00e9lectionn\u00e9es pour les \u00e9preuves nationales le mardi 27 mai \u00e0 Paris \u00e0 la Villette.<\/p>\n<p class=\" wall-content\">Cet <b>\u00e9v\u00e9nement annuel<\/b> regroupe les meilleurs projets de France, s\u00e9lectionn\u00e9s lors des finales acad\u00e9miques.\u00a0<\/p>\n<blockquote class=\"ac-article-quote wall-content\">\n<p>Ils ont gagn\u00e9 !!! C\u2019est super g\u00e9nialissime.<\/p>\n<p>Mireille Le Cornec, cheffe d\u2019\u00e9tablissement<\/p><\/blockquote>\n<p>\u00ab\u00a0Un grand bravo \u00e0 eux !\u00a0\u00bb<\/p>\n<p class=\" wall-content\">L\u2019\u00e9quipe MantaPulse de Chaptal est la grande gagnante de cette <b>finale nationale<\/b>. Elle est compos\u00e9e d\u2019\u00e9l\u00e8ves de de Terminale de la sp\u00e9cialit\u00e9 sciences de l\u2019ing\u00e9nieur de la fili\u00e8re g\u00e9n\u00e9rale : Yanis Khan (Quintin), Alan Chevalier (Quintin), Ilan Mont\u00e9ville (Pl\u00e9dran) et Auguste Lecomte (Binic).<\/p>\n<p>Vid\u00e9os : en ce moment sur Actu<br \/>\n    <img   decoding=\"async\" loading=\"lazy\" class=\"size-large\" src=\"https:\/\/www.europesays.com\/fr\/wp-content\/uploads\/2025\/05\/602367e7f63867ec367e7f638b2d36v-960x640.jpg\" alt=\"MantaPulse de Chaptal,\" width=\"960\" height=\"640\"\/><br \/>\n    Les \u00e9l\u00e8ves : Yanis Khan (Quintin), Alan Chevalier (Quintin), Ilan Mont\u00e9ville (Pl\u00e9dran) et Auguste Lecomte (Binic). \u00a9photo transmise<\/p>\n<p class=\" wall-content\">Leur projet de <b>propulseur biomim\u00e9tique<\/b> a s\u00e9duit le jury. \u00ab\u00a0Alliant prototypage, contact avec des industriels, mod\u00e9lisation et exp\u00e9rimentation, ils ont su obtenir un produit abouti et le pr\u00e9senter avec talent\u00a0\u00bb, applaudit Mireille Le Cornec, la proviseure du lyc\u00e9e Chaptal.<\/p>\n<p class=\" wall-content\">\u00ab\u00a0Un grand bravo \u00e0 eux et \u00e0 <b>leurs enseignants<\/b>, David Corrio et S\u00e9bastien Guittard\u2009! Le lyc\u00e9e Chaptal est tr\u00e8s fier d\u2019eux\u2009!\u00a0\u00bb Rendez-vous est pris pour les Olympiades de 2026.<\/p>\n<p class=\" wall-content\">Suivez toute l\u2019actualit\u00e9 de vos villes et m\u00e9dias favoris en vous inscrivant \u00e0 <a href=\"https:\/\/moncompte.actu.fr\" title=\"D\u00e9couvez Mon Actu\" rel=\"nofollow noopener\" data-trk=\"{&quot;cta&quot;:{&quot;action&quot;:&quot;https:\\\/\\\/moncompte.actu.fr&quot;,&quot;category&quot;:&quot;mon compte&quot;,&quot;from&quot;:&quot;article footer&quot;,&quot;name&quot;:&quot;Mon actu&quot;,&quot;type&quot;:&quot;cta&quot;}}\" target=\"_blank\">Mon Actu<\/a>.<\/p>\n<ul class=\"ac-article-tag wall-content\">\n<li><a href=\"https:\/\/actu.fr\/tag\/baie-de-saint-brieuc\" data-trk=\"{&quot;cta&quot;:{&quot;action&quot;:&quot;Baie de Saint-Brieuc&quot;,&quot;category&quot;:&quot;tag&quot;,&quot;from&quot;:&quot;article footer&quot;,&quot;name&quot;:&quot;Baie de Saint-Brieuc&quot;,&quot;type&quot;:&quot;cta&quot;}}\" rel=\"nofollow noopener\" target=\"_blank\">#Baie de Saint-Brieuc<\/a><\/li>\n<li><a href=\"https:\/\/actu.fr\/tag\/formation\" data-trk=\"{&quot;cta&quot;:{&quot;action&quot;:&quot;Formation&quot;,&quot;category&quot;:&quot;tag&quot;,&quot;from&quot;:&quot;article footer&quot;,&quot;name&quot;:&quot;Formation&quot;,&quot;type&quot;:&quot;cta&quot;}}\" rel=\"nofollow noopener\" target=\"_blank\">#Formation<\/a><\/li>\n<\/ul>\n","protected":false},"excerpt":{"rendered":"Par Yann Andr\u00e9 Publi\u00e9 le 28 mai 2025 \u00e0 14h37 La France a besoin d\u2019ing\u00e9nieurs. \u00c0 Saint-Brieuc (C\u00f4tes-d\u2019Armor),&hellip;\n","protected":false},"author":2,"featured_media":135129,"comment_status":"","ping_status":"","sticky":false,"template":"","format":"standard","meta":{"footnotes":""},"categories":[1888],"tags":[1111,1928,11,1927,2739,1777,674,1119,1011,27,12,1926,626,1925,25,104],"class_list":{"0":"post-135128","1":"post","2":"type-post","3":"status-publish","4":"format-standard","5":"has-post-thumbnail","7":"category-paris","8":"tag-actu","9":"tag-actu-paris","10":"tag-actualites","11":"tag-actualites-paris","12":"tag-baie-de-saint-brieuc","13":"tag-eu","14":"tag-europe","15":"tag-formation","16":"tag-fr","17":"tag-france","18":"tag-news","19":"tag-news-paris","20":"tag-paris","21":"tag-paris-news","22":"tag-republique-francaise","23":"tag-societe"},"share_on_mastodon":{"url":"https:\/\/pubeurope.com\/@fr\/114587259758799951","error":""},"_links":{"self":[{"href":"https:\/\/www.europesays.com\/fr\/wp-json\/wp\/v2\/posts\/135128","targetHints":{"allow":["GET"]}}],"collection":[{"href":"https:\/\/www.europesays.com\/fr\/wp-json\/wp\/v2\/posts"}],"about":[{"href":"https:\/\/www.europesays.com\/fr\/wp-json\/wp\/v2\/types\/post"}],"author":[{"embeddable":true,"href":"https:\/\/www.europesays.com\/fr\/wp-json\/wp\/v2\/users\/2"}],"replies":[{"embeddable":true,"href":"https:\/\/www.europesays.com\/fr\/wp-json\/wp\/v2\/comments?post=135128"}],"version-history":[{"count":0,"href":"https:\/\/www.europesays.com\/fr\/wp-json\/wp\/v2\/posts\/135128\/revisions"}],"wp:featuredmedia":[{"embeddable":true,"href":"https:\/\/www.europesays.com\/fr\/wp-json\/wp\/v2\/media\/135129"}],"wp:attachment":[{"href":"https:\/\/www.europesays.com\/fr\/wp-json\/wp\/v2\/media?parent=135128"}],"wp:term":[{"taxonomy":"category","embeddable":true,"href":"https:\/\/www.europesays.com\/fr\/wp-json\/wp\/v2\/categories?post=135128"},{"taxonomy":"post_tag","embeddable":true,"href":"https:\/\/www.europesays.com\/fr\/wp-json\/wp\/v2\/tags?post=135128"}],"curies":[{"name":"wp","href":"https:\/\/api.w.org\/{rel}","templated":true}]}}