{"id":135130,"date":"2025-05-28T20:06:11","date_gmt":"2025-05-28T20:06:11","guid":{"rendered":"https:\/\/www.europesays.com\/fr\/135130\/"},"modified":"2025-05-28T20:06:11","modified_gmt":"2025-05-28T20:06:11","slug":"a-paris-lopposition-veut-saisir-la-chambre-regionale-des-comptes","status":"publish","type":"post","link":"https:\/\/www.europesays.com\/fr\/135130\/","title":{"rendered":"\u00e0 Paris, l\u2019opposition veut saisir la Chambre r\u00e9gionale des comptes"},"content":{"rendered":"<p><strong>D\u00c9CRYPTAGE &#8211;<\/strong> La s\u00e9natrice de Paris Marie-Claire Carr\u00e8re-G\u00e9e accuse la majorit\u00e9 municipale de pr\u00e9senter aux \u00e9lus des \u00abdocuments budg\u00e9taires insinc\u00e8res\u00bb. Elle r\u00e9clame au pr\u00e9fet de r\u00e9gion de r\u00e9aliser \u00abun examen approfondi\u00bb des comptes de la Ville.<\/p>\n<p class=\"fig-paragraph\">Nouvelle passe d\u2019armes entre la mairie de Paris et l\u2019opposition locale sur le budget de la capitale. Quelques jours apr\u00e8s l\u2019alerte sonn\u00e9e mercredi 21 mai par la municipalit\u00e9 socialiste sur ses comptes &#8211; du fait des ponctions de l\u2019\u00c9tat, selon elle -, la s\u00e9natrice (LR) Marie-Claire Carr\u00e8re-G\u00e9e d\u00e9nonce la situation financi\u00e8re\u00a0<a href=\"http:\/\/www.lefigaro.fr\/conjoncture\/plus-de-9-milliards-d-euros-de-dette-le-tres-lourd-bilan-economique-d-anne-hidalgo-a-la-mairie-de-paris-20241126\" data-fig-type=\"NewsFlash\" data-gtm-custom-categorie=\"navigation\" data-gtm-custom-action=\"crossclick\" data-gtm-custom-label=\"Contextuel\" data-gtm-event=\"customEventSPE\" data-fig-domain=\"LEFIGARO\" target=\"_blank\" rel=\"noopener\">\u00ababsolument catastrophique\u00bb<\/a> \u00a0de l\u2019H\u00f4tel de ville. Et r\u00e9clame la saisie \u00aben urgence\u00bb de la Chambre r\u00e9gionale des comptes.<\/p>\n<p class=\"fig-premium-paywall__infos\">\n        Cet article est r\u00e9serv\u00e9 aux abonn\u00e9s.        Il vous reste 92% \u00e0 d\u00e9couvrir.\n    <\/p>\n<p>                <img  data- alt=\"Le Figaro\" class=\"fig-img--complete fig-img\"\/><\/p>\n<p class=\"fig-premium-paywall__title\">Vente Flash<\/p>\n<p class=\"fig-premium-paywall__subtitle\">4,99\u20ac par mois pendant 12 mois. Sans engagement.<\/p>\n<p class=\"fig-premium-paywall__connect\">\n                D\u00e9j\u00e0 abonn\u00e9\u00a0?                <a class=\"fig-premium-paywall__connect-link\" href=\"https:\/\/connect.lefigaro.fr\/login?client=horizon_web&amp;type=main&amp;redirect_uri=https%3A%2F%2Fwww.lefigaro.fr%2Fconjoncture%2Fun-trou-de-120-millions-d-euros-dans-le-budget-a-paris-l-opposition-veut-saisir-la-chambre-regionale-des-comptes-20250528\" data-js-gtm=\"{&quot;customCategorie&quot;: &quot;conversion&quot;, &quot;customAction&quot;: &quot;before_Landing_Connexion_paywall_manuel&quot;, &quot;customLabel&quot;: &quot;bGVmaWdhcm8uZnJfXzFmMDM5NDVmLTQ4MzctNmNmZS1iOWYxLTZkMzgzYzI1YTUzNl9fTmV3c0ZsYXNo_\u00abUn trou de 120 millions d\u2019euros\u00bb dans le budget\u00a0: \u00e0 Paris, l\u2019opposition veut saisir la Chambre r\u00e9gionale des comptes_820&quot;, &quot;customIDSPE&quot;: &quot;bGVmaWdhcm8uZnJfXzFmMDM5NDVmLTQ4MzctNmNmZS1iOWYxLTZkMzgzYzI1YTUzNl9fTmV3c0ZsYXNo&quot;, &quot;event&quot;: &quot;customEventSPE&quot;}\" target=\"_blank\" rel=\"noopener\"><br \/>\n                    Connectez-vous<br \/>\n                <\/a>\n            <\/p>\n","protected":false},"excerpt":{"rendered":"D\u00c9CRYPTAGE &#8211; La s\u00e9natrice de Paris Marie-Claire Carr\u00e8re-G\u00e9e accuse la majorit\u00e9 municipale de pr\u00e9senter aux \u00e9lus des \u00abdocuments&hellip;\n","protected":false},"author":2,"featured_media":135131,"comment_status":"","ping_status":"","sticky":false,"template":"","format":"standard","meta":{"footnotes":""},"categories":[1888],"tags":[1111,1928,339,11,1927,2618,340,343,345,350,130,344,352,349,33,341,313,1777,674,1011,27,346,342,353,351,347,12,1926,626,1925,348,25,354],"class_list":{"0":"post-135130","1":"post","2":"type-post","3":"status-publish","4":"format-standard","5":"has-post-thumbnail","7":"category-paris","8":"tag-actu","9":"tag-actu-paris","10":"tag-actualite-economique","11":"tag-actualites","12":"tag-actualites-paris","13":"tag-anne-hidalgo","14":"tag-bourse","15":"tag-cac-40","16":"tag-chef-dentreprise","17":"tag-concurrence","18":"tag-consommation","19":"tag-creation-dentreprise","20":"tag-crise","21":"tag-delocalisations","22":"tag-economie","23":"tag-emploi","24":"tag-entreprises","25":"tag-eu","26":"tag-europe","27":"tag-fr","28":"tag-france","29":"tag-grands-patrons","30":"tag-impots","31":"tag-licenciements","32":"tag-monopole","33":"tag-multinationales","34":"tag-news","35":"tag-news-paris","36":"tag-paris","37":"tag-paris-news","38":"tag-privatisation","39":"tag-republique-francaise","40":"tag-unio"},"share_on_mastodon":{"url":"https:\/\/pubeurope.com\/@fr\/114587263612053774","error":""},"_links":{"self":[{"href":"https:\/\/www.europesays.com\/fr\/wp-json\/wp\/v2\/posts\/135130","targetHints":{"allow":["GET"]}}],"collection":[{"href":"https:\/\/www.europesays.com\/fr\/wp-json\/wp\/v2\/posts"}],"about":[{"href":"https:\/\/www.europesays.com\/fr\/wp-json\/wp\/v2\/types\/post"}],"author":[{"embeddable":true,"href":"https:\/\/www.europesays.com\/fr\/wp-json\/wp\/v2\/users\/2"}],"replies":[{"embeddable":true,"href":"https:\/\/www.europesays.com\/fr\/wp-json\/wp\/v2\/comments?post=135130"}],"version-history":[{"count":0,"href":"https:\/\/www.europesays.com\/fr\/wp-json\/wp\/v2\/posts\/135130\/revisions"}],"wp:featuredmedia":[{"embeddable":true,"href":"https:\/\/www.europesays.com\/fr\/wp-json\/wp\/v2\/media\/135131"}],"wp:attachment":[{"href":"https:\/\/www.europesays.com\/fr\/wp-json\/wp\/v2\/media?parent=135130"}],"wp:term":[{"taxonomy":"category","embeddable":true,"href":"https:\/\/www.europesays.com\/fr\/wp-json\/wp\/v2\/categories?post=135130"},{"taxonomy":"post_tag","embeddable":true,"href":"https:\/\/www.europesays.com\/fr\/wp-json\/wp\/v2\/tags?post=135130"}],"curies":[{"name":"wp","href":"https:\/\/api.w.org\/{rel}","templated":true}]}}