{"id":135139,"date":"2025-05-28T20:11:08","date_gmt":"2025-05-28T20:11:08","guid":{"rendered":"https:\/\/www.europesays.com\/fr\/135139\/"},"modified":"2025-05-28T20:11:08","modified_gmt":"2025-05-28T20:11:08","slug":"les-entreprises-tentees-de-repercuter-les-droits-de-douane-sur-les-consommateurs","status":"publish","type":"post","link":"https:\/\/www.europesays.com\/fr\/135139\/","title":{"rendered":"les entreprises tent\u00e9es de r\u00e9percuter les droits de douane sur les consommateurs"},"content":{"rendered":"<p class=\"fig-paragraph\">Les entreprises sont enclines \u00e0 r\u00e9percuter \u00aben totalit\u00e9 ou en partie\u00bb dans leurs prix de vente les surco\u00fbts li\u00e9s aux droits de douane de\u00a0<a href=\"http:\/\/www.lefigaro.fr\/international\/guerre-en-ukraine-donald-trump-accuse-vladimir-poutine-de-jouer-avec-le-feu-20250527\" data-fig-type=\"NewsFlash\" data-gtm-custom-categorie=\"navigation\" data-gtm-custom-action=\"crossclick\" data-gtm-custom-label=\"Contextuel\" data-gtm-event=\"customEventSPE\" data-fig-domain=\"LEFIGARO\" target=\"_blank\" rel=\"noopener\">Donald Trump<\/a>, selon un compte rendu des d\u00e9bats des responsables de la Fed, publi\u00e9 mercredi. Lors de leur derni\u00e8re r\u00e9union de politique mon\u00e9taire, les 6 et 7 mai, les responsables de la banque centrale des \u00c9tats-Unis avaient laiss\u00e9 leurs taux directeurs inchang\u00e9s, le temps de voir comment l&rsquo;\u00e9conomie am\u00e9ricaine allait atterrir face aux soubresauts douaniers depuis le retour au pouvoir du r\u00e9publicain.<\/p>\n<p class=\"fig-paragraph\">Selon le compte rendu (\u00abminutes\u00bb) de cette r\u00e9union, tous les participants ont jug\u00e9 l&rsquo;incertitude li\u00e9e la politique commerciale \u00abinhabituellement \u00e9lev\u00e9e\u00bb et consid\u00e9r\u00e9 qu&rsquo;ils \u00e9taient dans le flou consid\u00e9rant \u00abl&rsquo;\u00e9tendue, l&rsquo;ampleur, la dur\u00e9e et la persistance des impacts \u00e9conomiques associ\u00e9s\u00bb. Depuis la r\u00e9union de mai, l&rsquo;ex\u00e9cutif am\u00e9ricain a annonc\u00e9 un accord commercial avec Londres, amorc\u00e9 une spectaculaire d\u00e9tente avec P\u00e9kin apr\u00e8s que les droits de douane eurent atteint un niveau faramineux des deux c\u00f4t\u00e9s, mais aussi renouvel\u00e9 ses menaces \u00e0 l&rsquo;\u00e9gard de l&rsquo;Union europ\u00e9enne.<\/p>\n<p class=\"fig-paragraph\">Les responsables de la Fed s&rsquo;attendent \u00e0 un impact des droits de douane sur les prix, a minima \u00e0 court terme. Selon le compte rendu de la derni\u00e8re r\u00e9union, \u00abnombre\u00bb d&rsquo;entre eux \u00abont rapport\u00e9 (&#8230;) que les entreprises se pr\u00e9paraient g\u00e9n\u00e9ralement \u00e0 r\u00e9percuter en totalit\u00e9 ou en partie aux consommateurs leurs surco\u00fbts li\u00e9s aux droits de douane\u00bb. \u00abPlusieurs participants ont relev\u00e9 que des entreprises pas directement affect\u00e9es par les droits de douane pourraient en profiter pour augmenter leurs prix si d&rsquo;autres prix augmentent\u00bb, est-il \u00e9galement \u00e9crit. Des facteurs peuvent toutefois att\u00e9nuer l&rsquo;impact sur l&rsquo;inflation, des responsables de la Fed citant en exemples d&rsquo;\u00e9ventuelles baisses n\u00e9goci\u00e9es de droits de douane, \u00abune moindre tol\u00e9rance aux hausses de prix chez les m\u00e9nages\u00bb ou encore un \u00abralentissement de l&rsquo;\u00e9conomie\u00bb.<\/p>\n<p class=\"fig-paragraph\">Certains banquiers centraux ont mis en avant que les petites entreprises pourraient \u00eatre les \u00abplus vuln\u00e9rables\u00bb aux nouveaux droits de douane, \u00abcomme elles ont moins la capacit\u00e9 d&rsquo;absorber des baisses de marge et de diversifier leurs approvisionnements\u00bb. Par ailleurs, alors que Donald Trump a promis de doper la production d&rsquo;\u00e9nergie nationale, des responsables de la Fed ont rapport\u00e9 que leurs sources dans ce secteur consid\u00e9raient que la croissance serait \u00ablimit\u00e9e car les prix ont baiss\u00e9 pr\u00e8s du niveau auquel il n&rsquo;est plus profitable d&rsquo;accro\u00eetre les capacit\u00e9s de production\u00bb, toujours selon le compte rendu.<\/p>\n","protected":false},"excerpt":{"rendered":"Les entreprises sont enclines \u00e0 r\u00e9percuter \u00aben totalit\u00e9 ou en partie\u00bb dans leurs prix de vente les surco\u00fbts&hellip;\n","protected":false},"author":2,"featured_media":135140,"comment_status":"","ping_status":"","sticky":false,"template":"","format":"standard","meta":{"footnotes":""},"categories":[1589],"tags":[1111,47,11,1117,1109,1112,636,981,341,257,73,1866,632,1108,107,1106,1107,1119,1116,1110,1114,500,12,1113,1118,137,401,1115,1864,1865,1863,308],"class_list":{"0":"post-135139","1":"post","2":"type-post","3":"status-publish","4":"format-standard","5":"has-post-thumbnail","7":"category-etats-unis","8":"tag-actu","9":"tag-actualite","10":"tag-actualites","11":"tag-assurance","12":"tag-breves","13":"tag-depeches","14":"tag-devises","15":"tag-douane","16":"tag-emploi","17":"tag-entreprise","18":"tag-etats-unis","19":"tag-etats-unis-damerique","20":"tag-fcp","21":"tag-fil","22":"tag-fil-info","23":"tag-flash","24":"tag-flash-actu","25":"tag-formation","26":"tag-immobilier","27":"tag-informations","28":"tag-infos","29":"tag-medias","30":"tag-news","31":"tag-nouvelles","32":"tag-placement","33":"tag-retraite","34":"tag-sicav","35":"tag-taux","36":"tag-united-states","37":"tag-united-states-of-america","38":"tag-us","39":"tag-usa"},"share_on_mastodon":{"url":"https:\/\/pubeurope.com\/@fr\/114587283246541605","error":""},"_links":{"self":[{"href":"https:\/\/www.europesays.com\/fr\/wp-json\/wp\/v2\/posts\/135139","targetHints":{"allow":["GET"]}}],"collection":[{"href":"https:\/\/www.europesays.com\/fr\/wp-json\/wp\/v2\/posts"}],"about":[{"href":"https:\/\/www.europesays.com\/fr\/wp-json\/wp\/v2\/types\/post"}],"author":[{"embeddable":true,"href":"https:\/\/www.europesays.com\/fr\/wp-json\/wp\/v2\/users\/2"}],"replies":[{"embeddable":true,"href":"https:\/\/www.europesays.com\/fr\/wp-json\/wp\/v2\/comments?post=135139"}],"version-history":[{"count":0,"href":"https:\/\/www.europesays.com\/fr\/wp-json\/wp\/v2\/posts\/135139\/revisions"}],"wp:featuredmedia":[{"embeddable":true,"href":"https:\/\/www.europesays.com\/fr\/wp-json\/wp\/v2\/media\/135140"}],"wp:attachment":[{"href":"https:\/\/www.europesays.com\/fr\/wp-json\/wp\/v2\/media?parent=135139"}],"wp:term":[{"taxonomy":"category","embeddable":true,"href":"https:\/\/www.europesays.com\/fr\/wp-json\/wp\/v2\/categories?post=135139"},{"taxonomy":"post_tag","embeddable":true,"href":"https:\/\/www.europesays.com\/fr\/wp-json\/wp\/v2\/tags?post=135139"}],"curies":[{"name":"wp","href":"https:\/\/api.w.org\/{rel}","templated":true}]}}