{"id":13514,"date":"2025-04-09T20:43:21","date_gmt":"2025-04-09T20:43:21","guid":{"rendered":"https:\/\/www.europesays.com\/fr\/13514\/"},"modified":"2025-04-09T20:43:21","modified_gmt":"2025-04-09T20:43:21","slug":"strasbourg-un-hommage-solennel-a-la-cathedrale-en-presence-dincorpores-de-force-le-13-avril","status":"publish","type":"post","link":"https:\/\/www.europesays.com\/fr\/13514\/","title":{"rendered":"Strasbourg. Un hommage solennel \u00e0 la cath\u00e9drale en pr\u00e9sence d\u2019incorpor\u00e9s de force le 13\u00a0avril"},"content":{"rendered":"<p>Jean-Louis Spieser est en passe de r\u00e9ussir son pari\u00a0: rendre un hommage (un dernier\u00a0?) aux d\u00e9sormais rares incorpor\u00e9s de force encore de ce monde. Le 25\u00a0ao\u00fbt 2023, il avait, \u00e0 Colmar, lors du 81e anniversaire du d\u00e9cret instituant l\u2019incorporation de force, lanc\u00e9 un appel poignant\u00a0: \u00ab\u00a0L\u2019Alsace ne pourrait-elle pas, le moment venu, accompagner le dernier d\u2019entre eux en guise d\u2019hommage silencieux \u00e0 tous les Malgr\u00e9-nous de nos familles, qu\u2019ils soient tomb\u00e9s loin de leur Heimet ou qu\u2019ils y soient revenus\u00a0?\u00a0\u00bb <a href=\"https:\/\/www.lalsace.fr\/societe\/2024\/11\/10\/pour-un-hommage-solennel-au-dernier-malgre-nous\" target=\"_blank\" rel=\"nofollow noopener\">Deux ans plus tard, seul avec Sylvie Reff-Stern, il a convaincu l\u2019archev\u00each\u00e9 de consacrer une messe<\/a> \u00e0 ces quelque 143\u00a0000 Alsaciens-Mosellans qui ont \u00e9t\u00e9 vers\u00e9s dans l\u2019arm\u00e9e allemande contre leur gr\u00e9.<\/p>\n<p>  Dimanche des Rameaux<\/p>\n<p>Cette c\u00e9r\u00e9monie, ouverte au public, aura lieu le dimanche des Rameaux (*) \u00e0 la <a href=\"https:\/\/www.lalsace.fr\/p\/cathedrale-de-strasbourg\" target=\"_blank\" rel=\"nofollow noopener\">cath\u00e9drale de Strasbourg<\/a>. \u00ab\u00a0Quinze Malgr\u00e9-nous et une Malgr\u00e9-elle sont annonc\u00e9s, dit-il. Les plus jeunes ont plus de 97 ans\u00a0! Ce sera une c\u00e9r\u00e9monie avant tout religieuse mais nous pourrons lire quelques textes profanes\u00a0\u00bb, se f\u00e9licite Jean-Louis Spieser. Et notamment celui de Charles Kreutter, originaire de Waldighofen, qui, apr\u00e8s l\u2019attentat avort\u00e9 contre Hitler en juillet\u00a01944, avait ouvertement regrett\u00e9 son \u00e9chec. D\u00e9nonc\u00e9, il fut condamn\u00e9 mort puis pendu en ao\u00fbt\u00a01944. \u00ab\u00a0On lira sa lettre d\u2019adieu, particuli\u00e8rement \u00e9mouvante\u00a0\u00bb. Autre texte, celui de l\u2019\u00e9crivain Andr\u00e9 Weckmann. \u00ab\u00a0Il s\u2019agit d\u2019un dialogue entre un enfant et son grand-p\u00e8re. Avec comme message fort cette phrase\u00a0: \u00ab\u00a0L\u2019Alsace n\u2019a pas perdu son \u00e2me aux heures tragiques de son Histoire\u00a0\u00bb.<\/p>\n<p>  Un sentiment de reconnaissance<\/p>\n<p>Jean-Louis Spieser a pu rencontrer quelques anciens incorpor\u00e9s et les persuader de venir. \u00ab\u00a0Il faut voir le sentiment de reconnaissance de ces gens-l\u00e0. \u00c0 S\u00e9lestat, l\u2019un d\u2019eux m\u2019a dit\u00a0: \u201cc\u2019est trop tard\u201d. Mais non, il est tard mais pas trop tard\u00a0\u00bb. Il indique, par ailleurs, que deux d\u00e9l\u00e9gu\u00e9s de la f\u00e9d\u00e9ration luxembourgeoise des enr\u00f4l\u00e9s de force seront pr\u00e9sents. Une fa\u00e7on de rappeler que l\u2019incorporation ne fut pas qu\u2019une histoire alsaco-mosellane. Selon les travaux de l\u2019historien Nicolas Mengus (**), de 295\u00a0000\u00a0\u00e0 750\u00a0000 Polonais, 39\u00a0000 Slov\u00e8nes, 9\u00a0100 Luxembourgeois et 8\u00a0000 Belges connurent le m\u00eame sort.<\/p>\n<p>Symboliquement, le grand bourdon de la cath\u00e9drale sonnera tout comme la grande cloche de l\u2019\u00e9glise Saint-Thomas.<\/p>\n<p class=\"note\">(*) Dimanche 13\u00a0avril \u00e0 15\u00a0h. Contact\u00a0: avec-nos-malgre-nous@orange.fr (**) : \u00ab Les Malgr\u00e9-nous, l\u2019incorporation de force des Alsaciens-Mosellans dans l\u2019arm\u00e9e allemande\u00a0\u00bb, par Nicolas Mengus, \u00c9ditions Ouest France, 2019.<\/p>\n","protected":false},"excerpt":{"rendered":"Jean-Louis Spieser est en passe de r\u00e9ussir son pari\u00a0: rendre un hommage (un dernier\u00a0?) aux d\u00e9sormais rares incorpor\u00e9s&hellip;\n","protected":false},"author":2,"featured_media":13515,"comment_status":"","ping_status":"","sticky":false,"template":"","format":"standard","meta":{"footnotes":""},"categories":[2820],"tags":[1111,11,2389,3206,1777,674,107,1011,27,775,12,25,640],"class_list":{"0":"post-13514","1":"post","2":"type-post","3":"status-publish","4":"format-standard","5":"has-post-thumbnail","7":"category-strasbourg","8":"tag-actu","9":"tag-actualites","10":"tag-alsace","11":"tag-defense-guerre-conflit","12":"tag-eu","13":"tag-europe","14":"tag-fil-info","15":"tag-fr","16":"tag-france","17":"tag-grand-est","18":"tag-news","19":"tag-republique-francaise","20":"tag-strasbourg"},"share_on_mastodon":{"url":"https:\/\/pubeurope.com\/@fr\/114309955829193915","error":""},"_links":{"self":[{"href":"https:\/\/www.europesays.com\/fr\/wp-json\/wp\/v2\/posts\/13514","targetHints":{"allow":["GET"]}}],"collection":[{"href":"https:\/\/www.europesays.com\/fr\/wp-json\/wp\/v2\/posts"}],"about":[{"href":"https:\/\/www.europesays.com\/fr\/wp-json\/wp\/v2\/types\/post"}],"author":[{"embeddable":true,"href":"https:\/\/www.europesays.com\/fr\/wp-json\/wp\/v2\/users\/2"}],"replies":[{"embeddable":true,"href":"https:\/\/www.europesays.com\/fr\/wp-json\/wp\/v2\/comments?post=13514"}],"version-history":[{"count":0,"href":"https:\/\/www.europesays.com\/fr\/wp-json\/wp\/v2\/posts\/13514\/revisions"}],"wp:featuredmedia":[{"embeddable":true,"href":"https:\/\/www.europesays.com\/fr\/wp-json\/wp\/v2\/media\/13515"}],"wp:attachment":[{"href":"https:\/\/www.europesays.com\/fr\/wp-json\/wp\/v2\/media?parent=13514"}],"wp:term":[{"taxonomy":"category","embeddable":true,"href":"https:\/\/www.europesays.com\/fr\/wp-json\/wp\/v2\/categories?post=13514"},{"taxonomy":"post_tag","embeddable":true,"href":"https:\/\/www.europesays.com\/fr\/wp-json\/wp\/v2\/tags?post=13514"}],"curies":[{"name":"wp","href":"https:\/\/api.w.org\/{rel}","templated":true}]}}