{"id":135165,"date":"2025-05-28T20:27:14","date_gmt":"2025-05-28T20:27:14","guid":{"rendered":"https:\/\/www.europesays.com\/fr\/135165\/"},"modified":"2025-05-28T20:27:14","modified_gmt":"2025-05-28T20:27:14","slug":"inter-ousmane-dembele-une-inquietude-est-signalee","status":"publish","type":"post","link":"https:\/\/www.europesays.com\/fr\/135165\/","title":{"rendered":"Inter : Ousmane Demb\u00e9l\u00e9, une inqui\u00e9tude est signal\u00e9e"},"content":{"rendered":"<p>Un match pour l\u2019Histoire. Apr\u00e8s une qu\u00eate jonch\u00e9e de p\u00e9rip\u00e9ties, et pas toujours joyeuses, le Paris Saint-Germain pourrait enfin atteindre son but ultime. Celui de brandir, dans la nuit de Munich, le troph\u00e9e de la Ligue des champions. Mais pour cela, il reste une derni\u00e8re marche \u00e0 franchir. Certainement la plus difficile sur le papier.<\/p>\n<p>J\u00e9r\u00f4me Alonzo confie son inqui\u00e9tude sur Ousmane Demb\u00e9l\u00e9<\/p>\n<p>En effet, les Rouge et Bleu font face \u00e0 l\u2019Inter ce samedi soir sur la pelouse de l\u2019Allianz Arena. Et si beaucoup voient le club de la capitale l\u00e9g\u00e8rement favori avant ce choc XXL, ce n\u2019est pas forc\u00e9ment le cas de J\u00e9r\u00f4me Alonzo.<\/p>\n<p><img loading=\"lazy\" data-lazyloaded=\"1\" width=\"72\" height=\"72\" decoding=\"async\" src=\"https:\/\/www.europesays.com\/fr\/wp-content\/uploads\/2025\/05\/1f4a3.png\" alt=\"\ud83d\udca3\" class=\"wp-smiley\" style=\"height: 1em; max-height: 1em;\"\/>\u00a0 Actu chaude<\/p>\n<ul class=\"liste-articles-sim\">\n<li><a href=\"https:\/\/allezparis.fr\/coupes\/ligue-des-champions\/ldc-la-parade-du-psg-a-paris-le-suspense-est-au-max-41565\" rel=\"nofollow noopener\" target=\"_blank\">LDC : la parade du PSG \u00e0 Paris ? Le suspense est au max !<\/a><\/li>\n<li><a href=\"https:\/\/allezparis.fr\/coupes\/ligue-des-champions\/psg-inter-pierre-menes-et-le-detail-qui-peut-tout-changer-41559\" rel=\"nofollow noopener\" target=\"_blank\">PSG -Inter : Pierre M\u00e9n\u00e8s et le d\u00e9tail qui peut tout changer !<\/a><\/li>\n<\/ul>\n<p>Sur les antennes de La Cha\u00eene L\u2019\u00c9quipe, l\u2019ancien gardien du PSG a ainsi estim\u00e9 qu\u2019un seul facteur permettra aux hommes de Luis Enrique de l\u2019emporter. Un facteur qui porte le nom d\u2019Ousmane Demb\u00e9l\u00e9. \u00ab\u00a0Je suis inquiet parce que si Ousmane Demb\u00e9l\u00e9 a le m\u00eame niveau que face \u00e0 Reims, en \u00e9tant moyen plus, le PSG ne gagne pas contre l\u2019Inter\u00a0\u00bb, a-t-il martel\u00e9.<\/p>\n<p>Une analyse tr\u00e8s minimaliste sur le papier<\/p>\n<p>Et J\u00e9r\u00f4me Alonzo d\u2019ajouter : \u00ab\u00a0Pour battre l\u2019Inter, il faut un Ousmane Demb\u00e9l\u00e9 sur la p\u00e9riode de janvier \u00e0 mai. Celui qui presse, qui marque, qui inqui\u00e8te les d\u00e9fenses. Sans ce joueur-l\u00e0, je pense sinc\u00e8rement que Paris ne peut pas battre l\u2019Inter.\u00a0\u00bb<\/p>\n<p>Une analyse que l\u2019on jugera tr\u00e8s minimaliste. \u00c0 croire que J\u00e9r\u00f4me Alonzo n\u2019a pas regard\u00e9 le PSG depuis l\u2019entame de la saison en cours.<\/p>\n<p>Pub.\tle 28\/05\/2025 &#8211; 19:30<br \/>\n&#8211; MAJ 28\/05\/2025 &#8211; 22:08<\/p>\n","protected":false},"excerpt":{"rendered":"Un match pour l\u2019Histoire. Apr\u00e8s une qu\u00eate jonch\u00e9e de p\u00e9rip\u00e9ties, et pas toujours joyeuses, le Paris Saint-Germain pourrait&hellip;\n","protected":false},"author":2,"featured_media":135166,"comment_status":"","ping_status":"","sticky":false,"template":"","format":"standard","meta":{"footnotes":""},"categories":[1410],"tags":[63,1011,27,26099,447,2782,20357,60],"class_list":{"0":"post-135165","1":"post","2":"type-post","3":"status-publish","4":"format-standard","5":"has-post-thumbnail","7":"category-football","8":"tag-football","9":"tag-fr","10":"tag-france","11":"tag-jerome-alonzo","12":"tag-ligue-des-champions","13":"tag-ousmane-dembele","14":"tag-psg-inter","15":"tag-sports"},"share_on_mastodon":{"url":"https:\/\/pubeurope.com\/@fr\/114587346149505197","error":""},"_links":{"self":[{"href":"https:\/\/www.europesays.com\/fr\/wp-json\/wp\/v2\/posts\/135165","targetHints":{"allow":["GET"]}}],"collection":[{"href":"https:\/\/www.europesays.com\/fr\/wp-json\/wp\/v2\/posts"}],"about":[{"href":"https:\/\/www.europesays.com\/fr\/wp-json\/wp\/v2\/types\/post"}],"author":[{"embeddable":true,"href":"https:\/\/www.europesays.com\/fr\/wp-json\/wp\/v2\/users\/2"}],"replies":[{"embeddable":true,"href":"https:\/\/www.europesays.com\/fr\/wp-json\/wp\/v2\/comments?post=135165"}],"version-history":[{"count":0,"href":"https:\/\/www.europesays.com\/fr\/wp-json\/wp\/v2\/posts\/135165\/revisions"}],"wp:featuredmedia":[{"embeddable":true,"href":"https:\/\/www.europesays.com\/fr\/wp-json\/wp\/v2\/media\/135166"}],"wp:attachment":[{"href":"https:\/\/www.europesays.com\/fr\/wp-json\/wp\/v2\/media?parent=135165"}],"wp:term":[{"taxonomy":"category","embeddable":true,"href":"https:\/\/www.europesays.com\/fr\/wp-json\/wp\/v2\/categories?post=135165"},{"taxonomy":"post_tag","embeddable":true,"href":"https:\/\/www.europesays.com\/fr\/wp-json\/wp\/v2\/tags?post=135165"}],"curies":[{"name":"wp","href":"https:\/\/api.w.org\/{rel}","templated":true}]}}