{"id":135169,"date":"2025-05-28T20:29:09","date_gmt":"2025-05-28T20:29:09","guid":{"rendered":"https:\/\/www.europesays.com\/fr\/135169\/"},"modified":"2025-05-28T20:29:09","modified_gmt":"2025-05-28T20:29:09","slug":"cette-artiste-a-la-palette-tres-expressive-expose-pres-de-dieppe","status":"publish","type":"post","link":"https:\/\/www.europesays.com\/fr\/135169\/","title":{"rendered":"Cette artiste \u00e0 la palette tr\u00e8s expressive expose pr\u00e8s de Dieppe"},"content":{"rendered":"<p>            Par<br \/>\n        <strong><br \/>\n            <a href=\"https:\/\/actu.fr\/auteur\/informations-dieppoises\" title=\"Consulter tous les articles de R\u00e9daction Dieppe\" rel=\"nofollow noopener\" target=\"_blank\">R\u00e9daction Dieppe<\/a><br \/>\n        <\/strong><\/p>\n<p>        Publi\u00e9 le<\/p>\n<p>            28 mai 2025 \u00e0 10h58        <\/p>\n<p>L\u2019artiste Annie Puybareau est une habitu\u00e9e de l\u2019Espace de la mer dans la station baln\u00e9aire de Pourville, \u00e0 <a href=\"https:\/\/actu.fr\/normandie\/hautot-sur-mer_76349\" rel=\"nofollow noopener\" target=\"_blank\">Hautot-sur-Mer (Seine-Maritime)<\/a> o\u00f9 elle a d\u00e9j\u00e0 expos\u00e9 \u00e0 plusieurs reprises.<\/p>\n<p class=\" wall-content\">Elle y expose en solo jusqu\u2019au 1er juin 2025 avec une <b>centaine d\u2019\u0153uvres <\/b>dont 75 toiles repr\u00e9sentatives de ses sujets favoris : les sc\u00e8nes de plage, les marines, les voyages et les portraits de musiciens.<\/p>\n<p>Une palette expressive<\/p>\n<p class=\" wall-content\">Annie Puybareau est une artiste professionnelle reconnue pour sa <b>ma\u00eetrise de la lumi\u00e8re<\/b> et son attachement aux paysages. Form\u00e9e \u00e0 l\u2019\u00e9cole rouennaise, elle s\u2019est rapidement forg\u00e9 une r\u00e9putation dans le milieu artistique gr\u00e2ce \u00e0 une peinture vibratoire et une palette tr\u00e8s <b>expressive<\/b>.<\/p>\n<p class=\" wall-content\">Annie Puybareau s\u2019inscrit dans la tradition des <b>post-impressionnistes<\/b>, des toiles peintes en plein air qui captent l\u2019instantan\u00e9, le miroitement de l\u2019eau, la lumi\u00e8re changeante du ciel normand. Ce travail sur le vif permet d\u2019infuser ses toiles d\u2019une r\u00e9elle spontan\u00e9it\u00e9.<\/p>\n<p>Vid\u00e9os : en ce moment sur Actu<\/p>\n<p class=\" wall-content\">L\u2019artiste poss\u00e8de un palmar\u00e8s bien garni de prix remport\u00e9s au fil de ses expositions en France. L\u2019univers d\u2019Annie Puybareau s\u00e9duit pour sa <b>fra\u00eecheur <\/b>et la simplicit\u00e9 de ses sujets, toujours magnifi\u00e9s par un cadrage pr\u00e9cis.<\/p>\n<p>L\u2019exposition est \u00e0 voir tous les jours de 14 h \u00e0 19 h, entr\u00e9e gratuite.<\/p>\n<p class=\" wall-content\">Suivez toute l\u2019actualit\u00e9 de vos villes et m\u00e9dias favoris en vous inscrivant \u00e0 <a href=\"https:\/\/moncompte.actu.fr\" title=\"D\u00e9couvez Mon Actu\" rel=\"nofollow noopener\" data-trk=\"{&quot;cta&quot;:{&quot;action&quot;:&quot;https:\\\/\\\/moncompte.actu.fr&quot;,&quot;category&quot;:&quot;mon compte&quot;,&quot;from&quot;:&quot;article footer&quot;,&quot;name&quot;:&quot;Mon actu&quot;,&quot;type&quot;:&quot;cta&quot;}}\" target=\"_blank\">Mon Actu<\/a>.<\/p>\n","protected":false},"excerpt":{"rendered":"Par R\u00e9daction Dieppe Publi\u00e9 le 28 mai 2025 \u00e0 10h58 L\u2019artiste Annie Puybareau est une habitu\u00e9e de l\u2019Espace&hellip;\n","protected":false},"author":2,"featured_media":135170,"comment_status":"","ping_status":"","sticky":false,"template":"","format":"standard","meta":{"footnotes":""},"categories":[1358],"tags":[1477,1348,1384,1385,1386,58,59,1011,27,1652],"class_list":{"0":"post-135169","1":"post","2":"type-post","3":"status-publish","4":"format-standard","5":"has-post-thumbnail","7":"category-arts-et-design","8":"tag-artisanat","9":"tag-arts","10":"tag-arts-and-design","11":"tag-arts-et-design","12":"tag-design","13":"tag-divertissement","14":"tag-entertainment","15":"tag-fr","16":"tag-france","17":"tag-loisirs-culture"},"share_on_mastodon":{"url":"https:\/\/pubeurope.com\/@fr\/114587353930908966","error":""},"_links":{"self":[{"href":"https:\/\/www.europesays.com\/fr\/wp-json\/wp\/v2\/posts\/135169","targetHints":{"allow":["GET"]}}],"collection":[{"href":"https:\/\/www.europesays.com\/fr\/wp-json\/wp\/v2\/posts"}],"about":[{"href":"https:\/\/www.europesays.com\/fr\/wp-json\/wp\/v2\/types\/post"}],"author":[{"embeddable":true,"href":"https:\/\/www.europesays.com\/fr\/wp-json\/wp\/v2\/users\/2"}],"replies":[{"embeddable":true,"href":"https:\/\/www.europesays.com\/fr\/wp-json\/wp\/v2\/comments?post=135169"}],"version-history":[{"count":0,"href":"https:\/\/www.europesays.com\/fr\/wp-json\/wp\/v2\/posts\/135169\/revisions"}],"wp:featuredmedia":[{"embeddable":true,"href":"https:\/\/www.europesays.com\/fr\/wp-json\/wp\/v2\/media\/135170"}],"wp:attachment":[{"href":"https:\/\/www.europesays.com\/fr\/wp-json\/wp\/v2\/media?parent=135169"}],"wp:term":[{"taxonomy":"category","embeddable":true,"href":"https:\/\/www.europesays.com\/fr\/wp-json\/wp\/v2\/categories?post=135169"},{"taxonomy":"post_tag","embeddable":true,"href":"https:\/\/www.europesays.com\/fr\/wp-json\/wp\/v2\/tags?post=135169"}],"curies":[{"name":"wp","href":"https:\/\/api.w.org\/{rel}","templated":true}]}}