{"id":135173,"date":"2025-05-28T20:31:16","date_gmt":"2025-05-28T20:31:16","guid":{"rendered":"https:\/\/www.europesays.com\/fr\/135173\/"},"modified":"2025-05-28T20:31:16","modified_gmt":"2025-05-28T20:31:16","slug":"une-influenceuse-approchee-par-cyril-hanouna-pour-rejoindre-tout-beau-tout-9-sa-nouvelle-emission-sur-w9","status":"publish","type":"post","link":"https:\/\/www.europesays.com\/fr\/135173\/","title":{"rendered":"Une influenceuse approch\u00e9e par Cyril Hanouna pour rejoindre Tout beau, tout 9, sa nouvelle \u00e9mission sur W9"},"content":{"rendered":"<p>Ce mercredi 28 mai, au micro de son \u00e9mission On marche sur la t\u00eate sur Europe 1, Cyril Hanouna a d\u00e9voil\u00e9 qu&rsquo;une influenceuse a \u00e9t\u00e9 approch\u00e9e par les \u00e9quipes de M6.<\/p>\n<p>En mars dernier, <a href=\"https:\/\/www.programme-tv.net\/biographie\/25805-hanouna-cyril\/\" data-link-people=\"5dcd4d55-b4fe-4234-abc6-b74b4abdaf5c\" target=\"_blank\" rel=\"noopener\">Cyril Hanouna<\/a> et sa bande ont pr\u00e9sent\u00e9 <a href=\"https:\/\/www.programme-tv.net\/news\/tv\/372483-quelle-audience-pour-la-derniere-de-touche-pas-a-mon-poste-avec-cyril-hanouna-avant-la-fermeture-de-c8\/\" data-api-deeplink=\"teleloisirs:\/\/news\/372483\" target=\"_blank\" rel=\"noopener\">la derni\u00e8re de Touche pas \u00e0 mon poste<\/a>. Si C8 a cess\u00e9 d&rsquo;\u00e9mettre apr\u00e8s une d\u00e9cision de l&rsquo;Arcom, c&rsquo;est \u00e9galement le cas pour NRJ12. Depuis, les auditeurs d&rsquo;Europe 1 peuvent retrouver <a href=\"https:\/\/www.programme-tv.net\/news\/people\/379467-je-n-ai-pas-de-fiancee-pour-l-instant-cyril-hanouna-fait-une-mise-au-point-sur-sa-vie-amoureuse\/\" data-api-deeplink=\"teleloisirs:\/\/news\/379467\" target=\"_blank\" rel=\"noopener\">Cyril Hanouna<\/a> et sa bande dans On marche sur la t\u00eate. Ce mercredi 28 mai, l&rsquo;animateur \u00e9tait entour\u00e9 de <a href=\"https:\/\/www.programme-tv.net\/news\/tv\/378801-tout-beau-tout-9-cyril-hanouna-devoile-le-nom-des-premiers-chroniqueurs-de-sa-nouvelle-emission-sur-w9\/\" data-api-deeplink=\"teleloisirs:\/\/news\/378801\" target=\"_blank\" rel=\"noopener\">Val\u00e9rie Bena\u00efm<\/a>, de <a href=\"https:\/\/www.programme-tv.net\/biographie\/75560-maillet-geraldine\/\" data-link-people=\"ed551d46-8ab0-4c95-99cb-6e679875e24c\" target=\"_blank\" rel=\"noopener\">G\u00e9raldine Maillet<\/a>, d&rsquo;Olivier Dartigolles et de Gauthier Le Bret. Lors de l&rsquo;\u00e9mission, l&rsquo;animateur-producteur a notamment r\u00e9v\u00e9l\u00e9 qu&rsquo;une influenceuse a \u00e9t\u00e9 approch\u00e9e par les \u00e9quipes de M6.<\/p>\n<p>Cyril Hanouna annonce qu&rsquo;une influenceuse a \u00e9t\u00e9 approch\u00e9e pour rejoindre sa nouvelle \u00e9mission sur W9<\/p>\n<p>\u00c0 la rentr\u00e9e prochaine, Cyril Hanouna sera de retour \u00e0 la t\u00e9l\u00e9 avec l&rsquo;\u00e9mission Tout beau, tout 9 qu&rsquo;il animera sur W9. Si <a href=\"https:\/\/www.programme-tv.net\/biographie\/9864-benaim-valerie\/\" data-link-people=\"94df6d69-972b-4696-b537-3e0e6060c661\" target=\"_blank\" rel=\"noopener\">Val\u00e9rie Bena\u00efm<\/a> <a href=\"https:\/\/www.programme-tv.net\/news\/tv\/378801-tout-beau-tout-9-cyril-hanouna-devoile-le-nom-des-premiers-chroniqueurs-de-sa-nouvelle-emission-sur-w9\/\" data-api-deeplink=\"teleloisirs:\/\/news\/378801\" target=\"_blank\" rel=\"noopener\">devrait le rejoindre<\/a>, d&rsquo;anciens chroniqueurs de TPMP devraient \u00e9galement \u00eatre de la partie comme <a href=\"https:\/\/www.programme-tv.net\/news\/tv\/378801-tout-beau-tout-9-cyril-hanouna-devoile-le-nom-des-premiers-chroniqueurs-de-sa-nouvelle-emission-sur-w9\/\" data-api-deeplink=\"teleloisirs:\/\/news\/378801\" target=\"_blank\" rel=\"noopener\">G\u00e9raldine Maillet ou encore Jordan De Luxe.<\/a> Ce mercredi 28 mai, au micro d&rsquo;Europe 1, l&rsquo;animateur-producteur a annonc\u00e9 le nom d&rsquo;une possible nouvelle chroniqueuse. Il s&rsquo;agit de<b>\u00a0Tha\u00efs Gauchkarian<\/b>, une cr\u00e9atrice de contenus. Lors de l&rsquo;\u00e9mission, la jeune femme \u00e9tait invit\u00e9e \u00e0 t\u00e9moigner face au conducteur de bus, qui lui avait fait une remarque sur sa tenue vestimentaire le 21 mai dernier. Cyril Hanouna a profit\u00e9 du moment pour pr\u00e9senter l&rsquo;influenceuse, qui va passer le casting pour rejoindre son futur talk-show. <b>\u00ab\u00a0Vous avez eu une bonne nouvelle en venant quand m\u00eame t\u00e9moigner ici puisque mes \u00e9quipes l&rsquo;ont rep\u00e9r\u00e9e et elle passera le casting pour la prochaine \u00e9mission en t\u00e9l\u00e9vision. Et oui, elle sera avec nous lors du pilote\u00a0\u00bb<\/b><b>,<\/b> a d\u00e9clar\u00e9 l&rsquo;animateur.<\/p>\n<p>                        Cyril Hanouna raconte comment les \u00e9quipes de M6 ont rep\u00e9r\u00e9 la cr\u00e9atrice de contenus<\/p>\n<p>Lors de son \u00e9mission, Cyril Hanouna a ensuite racont\u00e9 comment la jeune femme a \u00e9t\u00e9 rep\u00e9r\u00e9e directement par les \u00e9quipes de <a href=\"https:\/\/www.programme-tv.net\/news\/tv\/379054-cyril-hanouna-le-nom-de-sa-nouvelle-emission-sur-fun-radio-annonce-et-il-y-a-un-gros-point-commun-avec-tout-beau-tout-9-sur-w9\/\" data-api-deeplink=\"teleloisirs:\/\/news\/379054\" target=\"_blank\" rel=\"noopener\">M6<\/a>. \u00ab\u00a0Moi je vais vous raconter ce qu&rsquo;il s&rsquo;est pass\u00e9. Vous savez que les \u00e9quipes du groupe M6 \u00e9coutaient l&rsquo;\u00e9mission et ils m&rsquo;ont appel\u00e9, ils m&rsquo;ont dit &lsquo;la jeune fille, elle serait peut-\u00eatre pas mal&rsquo;. C&rsquo;\u00e9tait quand m\u00eame incroyable. Vous vous rendez compte ou pas. C&rsquo;est-\u00e0-dire que c&rsquo;est les \u00e9quipes de M6 qui m&rsquo;ont appel\u00e9\u00a0\u00bb, a-t-il expliqu\u00e9.<\/p>\n","protected":false},"excerpt":{"rendered":"Ce mercredi 28 mai, au micro de son \u00e9mission On marche sur la t\u00eate sur Europe 1, Cyril&hellip;\n","protected":false},"author":2,"featured_media":135174,"comment_status":"","ping_status":"","sticky":false,"template":"","format":"standard","meta":{"footnotes":""},"categories":[1356],"tags":[244,58,59,1011,27,252,1364,2395,1421],"class_list":{"0":"post-135173","1":"post","2":"type-post","3":"status-publish","4":"format-standard","5":"has-post-thumbnail","7":"category-television","8":"tag-commentaire","9":"tag-divertissement","10":"tag-entertainment","11":"tag-fr","12":"tag-france","13":"tag-television","14":"tag-tv","15":"tag-w9","16":"tag-zap"},"share_on_mastodon":{"url":"https:\/\/pubeurope.com\/@fr\/114587361987255498","error":""},"_links":{"self":[{"href":"https:\/\/www.europesays.com\/fr\/wp-json\/wp\/v2\/posts\/135173","targetHints":{"allow":["GET"]}}],"collection":[{"href":"https:\/\/www.europesays.com\/fr\/wp-json\/wp\/v2\/posts"}],"about":[{"href":"https:\/\/www.europesays.com\/fr\/wp-json\/wp\/v2\/types\/post"}],"author":[{"embeddable":true,"href":"https:\/\/www.europesays.com\/fr\/wp-json\/wp\/v2\/users\/2"}],"replies":[{"embeddable":true,"href":"https:\/\/www.europesays.com\/fr\/wp-json\/wp\/v2\/comments?post=135173"}],"version-history":[{"count":0,"href":"https:\/\/www.europesays.com\/fr\/wp-json\/wp\/v2\/posts\/135173\/revisions"}],"wp:featuredmedia":[{"embeddable":true,"href":"https:\/\/www.europesays.com\/fr\/wp-json\/wp\/v2\/media\/135174"}],"wp:attachment":[{"href":"https:\/\/www.europesays.com\/fr\/wp-json\/wp\/v2\/media?parent=135173"}],"wp:term":[{"taxonomy":"category","embeddable":true,"href":"https:\/\/www.europesays.com\/fr\/wp-json\/wp\/v2\/categories?post=135173"},{"taxonomy":"post_tag","embeddable":true,"href":"https:\/\/www.europesays.com\/fr\/wp-json\/wp\/v2\/tags?post=135173"}],"curies":[{"name":"wp","href":"https:\/\/api.w.org\/{rel}","templated":true}]}}