{"id":135183,"date":"2025-05-28T20:36:11","date_gmt":"2025-05-28T20:36:11","guid":{"rendered":"https:\/\/www.europesays.com\/fr\/135183\/"},"modified":"2025-05-28T20:36:11","modified_gmt":"2025-05-28T20:36:11","slug":"television-une-iseroise-va-t-elle-bientot-remplacer-anne-sophie-lapix-au-20-heures-de-france-2","status":"publish","type":"post","link":"https:\/\/www.europesays.com\/fr\/135183\/","title":{"rendered":"T\u00e9l\u00e9vision. Une Is\u00e9roise va-t-elle bient\u00f4t remplacer Anne-Sophie Lapix au 20 heures de France 2 ?"},"content":{"rendered":"<p>Bient\u00f4t huit ans qu&rsquo;elle \u00e9tait le visage du journal de 20 heures de France 2 : <a href=\"https:\/\/www.ledauphine.com\/p\/anne-sophie-lapix\" target=\"_blank\" rel=\"noopener\">Anne-Sophie Lapix<\/a> s&rsquo;appr\u00eate toutefois \u00e0 raccrocher, <a href=\"https:\/\/www.ledauphine.com\/societe\/2025\/05\/27\/anne-sophie-lapix-quittera-la-presentation-du-20-heures-de-france-2-mi-juillet\" target=\"_blank\" rel=\"noopener\">comme l&rsquo;a annonc\u00e9 France T\u00e9l\u00e9visions<\/a>, mardi 27 mai. Une d\u00e9cision venue directement du groupe audiovisuel public, qui pr\u00e9voit de confier d&rsquo;autres projets \u00e0 la journaliste d\u00e8s la rentr\u00e9e.<\/p>\n<p>Mais alors, qui pour la remplacer\u00a0? Si la deuxi\u00e8me cha\u00eene n&rsquo;a pour l&rsquo;heure pas r\u00e9v\u00e9l\u00e9 (l&rsquo;a-t-elle seulement choisi&#8230;) le nom de son successeur, les sp\u00e9culations vont bon train. Et au jeu des pronostics, l&rsquo;un des noms qui revient le plus souvent est celui de&#8230; Caroline Roux.<\/p>\n<p>Une journaliste \u00ab\u00a0made in\u00a0\u00bb Is\u00e8re qui fait les grandes heures du magazine de d\u00e9bats de la cha\u00eene France 5, C dans l&rsquo;air, depuis 2013 (d&rsquo;abord en tant que joker d&rsquo;Yves Calvi, puis en tant qu&rsquo;animatrice principale \u00e0 partir de 2016). Sans oublier un passage remarqu\u00e9 par La Matinale de Canal+ de 2011 \u00e0 2012.<\/p>\n<p>Cette Is\u00e9roise, n\u00e9e \u00e0 Bourgoin-Jallieu en 1972, a pass\u00e9 sa jeunesse \u00e0 Grenoble, o\u00f9 elle est arriv\u00e9e autour de 1980. Une ville \u00e0 laquelle elle demeure tr\u00e8s attach\u00e9e, <a href=\"https:\/\/www.ledauphine.com\/isere-sud\/2012\/05\/03\/la-grenobloise-qui-reveille-les-politiques-sur-canal-ikny\" target=\"_blank\" rel=\"noopener\">comme elle le racontait en 2012 \u00e0 notre journal<\/a>. \u00ab\u00a0J\u2019ai pass\u00e9 mes plus belles ann\u00e9es \u00e0 Grenoble, une partie de mon enfance et mes ann\u00e9es de jeune adulte. J\u2019ai tant de souvenirs ici. Mes fiestas d\u2019\u00e9tudiante place du trib\u2019, au Palazzo. Et je faisais aussi pas mal de musique, on jouait \u00e0 l\u2019Entrep\u00f4t. [&#8230;]\u00a0Quand je pense \u00e0 Grenoble, j\u2019ai un sentiment tr\u00e8s doux, une jolie nostalgie.\u00a0\u00bb<\/p>\n<p>Celle qui a notamment \u00e9tudi\u00e9 \u00e0 l&rsquo;IEP de Grenoble a aussi fait ses premiers pas de journaliste dans la capitale des Alpes. Et pas n&rsquo;importe o\u00f9\u00a0: au Dauphin\u00e9 Lib\u00e9r\u00e9, figurez-vous. \u00ab\u00a0J\u2019en suis tr\u00e8s fi\u00e8re, comme je l\u2019\u00e9tais \u00e0 l\u2019\u00e9poque. Votre journal m\u2019avait prise comme pigiste pour r\u00e9diger des petits articles sur les gagnants du jeu de l\u2019\u00e9t\u00e9 qui s\u2019appelait Tip-Top Soleil\u00a0\u00bb, nous confiait-elle, toujours en 2012. \u00ab Je me revois encore parcourant le plateau de la Matheysine pour rencontrer les gagnants. J\u2019\u00e9tais heureuse. Et vous savez, j\u2019ai gard\u00e9 ma carte de correspondant que Le Dauphin\u00e9 m\u2019avait donn\u00e9e. C\u2019\u00e9tait ma premi\u00e8re carte bleu-blanc-rouge. Un peu ma premi\u00e8re carte de presse !\u00a0\u00bb<\/p>\n<p>Alors les chauvins que nous sommes pourront-ils se r\u00e9jouir de retrouver prochainement une figure locale \u00e0 la t\u00eate du 20 heures de France 2\u00a0? Encore un peu de patience pour le savoir, d&rsquo;autant qu&rsquo;en t\u00e9l\u00e9, tout peut changer tr\u00e8s vite&#8230;<\/p>\n","protected":false},"excerpt":{"rendered":"Bient\u00f4t huit ans qu&rsquo;elle \u00e9tait le visage du journal de 20 heures de France 2 : Anne-Sophie Lapix&hellip;\n","protected":false},"author":2,"featured_media":135184,"comment_status":"","ping_status":"","sticky":false,"template":"","format":"standard","meta":{"footnotes":""},"categories":[8],"tags":[12919,13047,1687,58,115,112,59,107,1011,27,329,2731,108,273,104,2205],"class_list":{"0":"post-135183","1":"post","2":"type-post","3":"status-publish","4":"format-standard","5":"has-post-thumbnail","7":"category-divertissement","8":"tag-bourgoin-jallieu","9":"tag-bourgoin-jallieu-bassin","10":"tag-culture-loisirs","11":"tag-divertissement","12":"tag-edition-bourgoin-jallieu-nord-dauphine","13":"tag-edition-grenoble-agglomeration","14":"tag-entertainment","15":"tag-fil-info","16":"tag-fr","17":"tag-france","18":"tag-france-monde","19":"tag-grenoble","20":"tag-isere","21":"tag-selection-de-la-redaction","22":"tag-societe","23":"tag-television-medias"},"share_on_mastodon":{"url":"https:\/\/pubeurope.com\/@fr\/114587381492881595","error":""},"_links":{"self":[{"href":"https:\/\/www.europesays.com\/fr\/wp-json\/wp\/v2\/posts\/135183","targetHints":{"allow":["GET"]}}],"collection":[{"href":"https:\/\/www.europesays.com\/fr\/wp-json\/wp\/v2\/posts"}],"about":[{"href":"https:\/\/www.europesays.com\/fr\/wp-json\/wp\/v2\/types\/post"}],"author":[{"embeddable":true,"href":"https:\/\/www.europesays.com\/fr\/wp-json\/wp\/v2\/users\/2"}],"replies":[{"embeddable":true,"href":"https:\/\/www.europesays.com\/fr\/wp-json\/wp\/v2\/comments?post=135183"}],"version-history":[{"count":0,"href":"https:\/\/www.europesays.com\/fr\/wp-json\/wp\/v2\/posts\/135183\/revisions"}],"wp:featuredmedia":[{"embeddable":true,"href":"https:\/\/www.europesays.com\/fr\/wp-json\/wp\/v2\/media\/135184"}],"wp:attachment":[{"href":"https:\/\/www.europesays.com\/fr\/wp-json\/wp\/v2\/media?parent=135183"}],"wp:term":[{"taxonomy":"category","embeddable":true,"href":"https:\/\/www.europesays.com\/fr\/wp-json\/wp\/v2\/categories?post=135183"},{"taxonomy":"post_tag","embeddable":true,"href":"https:\/\/www.europesays.com\/fr\/wp-json\/wp\/v2\/tags?post=135183"}],"curies":[{"name":"wp","href":"https:\/\/api.w.org\/{rel}","templated":true}]}}