{"id":135189,"date":"2025-05-28T20:39:15","date_gmt":"2025-05-28T20:39:15","guid":{"rendered":"https:\/\/www.europesays.com\/fr\/135189\/"},"modified":"2025-05-28T20:39:15","modified_gmt":"2025-05-28T20:39:15","slug":"ladministration-trump-refusera-les-visas-aux-responsables-etrangers-qui-censurent-les-americains","status":"publish","type":"post","link":"https:\/\/www.europesays.com\/fr\/135189\/","title":{"rendered":"L\u2019administration Trump refusera les visas aux responsables \u00e9trangers qui \u00ab\u00a0censurent\u00a0\u00bb les Am\u00e9ricains"},"content":{"rendered":"<p>C\u2019est un nouveau geste de d\u00e9fiance diplomatique. Mercredi, l\u2019administration de <a href=\"https:\/\/www.20minutes.fr\/dossier\/donald_trump\" target=\"_blank\" class=\"color-ultramarine c-link\" rel=\"nofollow noopener\">Donald Trump<\/a> a annonc\u00e9 une nouvelle politique de restrictions de <a href=\"https:\/\/www.20minutes.fr\/dossier\/visa\" target=\"_blank\" class=\"color-ultramarine c-link\" rel=\"nofollow noopener\">visas<\/a> visant les responsables \u00e9trangers accus\u00e9s de censurer les citoyens am\u00e9ricains sur les r\u00e9seaux sociaux. Cette initiative marque une escalade dans la d\u00e9fense de la libert\u00e9 d\u2019expression en ligne, que les <a href=\"https:\/\/www.20minutes.fr\/monde\/etats-unis\/\" target=\"_blank\" class=\"color-ultramarine c-link\" rel=\"nofollow noopener\">Etats-Unis<\/a> consid\u00e8rent comme un droit fondamental, y compris au-del\u00e0 de leurs fronti\u00e8res.<\/p>\n<p>Le secr\u00e9taire d\u2019Etat <a href=\"https:\/\/www.20minutes.fr\/politique\/marco-rubio\/\" target=\"_blank\" class=\"color-ultramarine c-link\" rel=\"nofollow noopener\">Marco Rubio<\/a> a d\u00e9clar\u00e9 que cette mesure s\u2019adressait \u00e0 ceux qui \u00ab\u00a0se rendent complices de la censure des Am\u00e9ricains\u00a0\u00bb, sans nommer de pays ni de responsables en particulier. Toutefois, il avait r\u00e9cemment d\u00e9nonc\u00e9 le juge br\u00e9silien Alexandre de Moraes, de la Cour supr\u00eame, qui avait temporairement bloqu\u00e9 le r\u00e9seau social <a href=\"https:\/\/www.20minutes.fr\/high-tech\/twitter\/\" target=\"_blank\" class=\"color-ultramarine c-link\" rel=\"nofollow noopener\">X<\/a> au Br\u00e9sil en\u00a02024 apr\u00e8s un diff\u00e9rend avec <a href=\"https:\/\/www.20minutes.fr\/dossier\/elon_musk\" target=\"_blank\" class=\"color-ultramarine c-link\" rel=\"nofollow noopener\">Elon Musk<\/a>.<\/p>\n<\/p>\n<p>Des milliers de visas d\u00e9j\u00e0 r\u00e9voqu\u00e9s<\/p>\n<p>\u00ab\u00a0La libert\u00e9 d\u2019expression est essentielle au mode de vie am\u00e9ricain \u2013 un droit inn\u00e9 sur lequel les gouvernements \u00e9trangers n\u2019ont aucune autorit\u00e9\u00a0\u00bb, a affirm\u00e9 Marco Rubio. Il a insist\u00e9 sur le fait que les Etats-Unis \u00ab\u00a0ne tol\u00e9reront aucun empi\u00e8tement sur la souverainet\u00e9 am\u00e9ricaine\u00a0\u00bb, en particulier lorsqu\u2019il s\u2019agit de restreindre ce droit fondamental. L\u2019administration de Donald Trump a d\u00e9j\u00e0 point\u00e9 du doigt certains alli\u00e9s, notamment l\u2019<a href=\"https:\/\/www.20minutes.fr\/dossier\/allemagne\" target=\"_blank\" class=\"color-ultramarine c-link\" rel=\"nofollow noopener\">Allemagne<\/a> et le <a href=\"https:\/\/www.20minutes.fr\/monde\/royaume-uni\/\" target=\"_blank\" class=\"color-ultramarine c-link\" rel=\"nofollow noopener\">Royaume-Uni<\/a>, accus\u00e9s d\u2019avoir restreint l\u2019acc\u00e8s \u00e0 des contenus qualifi\u00e9s de haineux dans leurs juridictions.<\/p>\n<p><a href=\"https:\/\/www.20minutes.fr\/monde\/etats-unis\/\" target=\"_blank\" class=\"c-link c-btn c-btn--primary\" rel=\"nofollow noopener\">Notre dossier sur les Etats-Unis<\/a><\/p>\n<p>Le secr\u00e9taire d\u2019Etat a aussi confirm\u00e9 avoir d\u00e9j\u00e0 r\u00e9voqu\u00e9 des milliers de visas, principalement ceux de ressortissants \u00e9trangers ayant particip\u00e9 \u00e0 des manifestations contre l\u2019offensive isra\u00e9lienne \u00e0 Gaza. Parmi les cas les plus m\u00e9diatis\u00e9s figure celui de Rumeysa Ozturk, doctorante \u00e0 l\u2019universit\u00e9 Tufts, interpell\u00e9e fin mars par des agents des services de l\u2019immigration (ICE) avant d\u2019\u00eatre rel\u00e2ch\u00e9e d\u00e9but mai sur d\u00e9cision d\u2019un juge f\u00e9d\u00e9ral.<\/p>\n","protected":false},"excerpt":{"rendered":"C\u2019est un nouveau geste de d\u00e9fiance diplomatique. Mercredi, l\u2019administration de Donald Trump a annonc\u00e9 une nouvelle politique de&hellip;\n","protected":false},"author":2,"featured_media":135190,"comment_status":"","ping_status":"","sticky":false,"template":"","format":"standard","meta":{"footnotes":""},"categories":[5],"tags":[47,11,9006,312,75,46,73,1011,27,14,474,1907,74,12,938,4392,28],"class_list":{"0":"post-135189","1":"post","2":"type-post","3":"status-publish","4":"format-standard","5":"has-post-thumbnail","7":"category-international","8":"tag-actualite","9":"tag-actualites","10":"tag-censure","11":"tag-diplomatie","12":"tag-donald-trump","13":"tag-elon-musk","14":"tag-etats-unis","15":"tag-fr","16":"tag-france","17":"tag-international","18":"tag-liberte-dexpression","19":"tag-marco-rubio","20":"tag-monde","21":"tag-news","22":"tag-reseaux-sociaux","23":"tag-visa","24":"tag-world"},"share_on_mastodon":{"url":"https:\/\/pubeurope.com\/@fr\/114587393295141386","error":""},"_links":{"self":[{"href":"https:\/\/www.europesays.com\/fr\/wp-json\/wp\/v2\/posts\/135189","targetHints":{"allow":["GET"]}}],"collection":[{"href":"https:\/\/www.europesays.com\/fr\/wp-json\/wp\/v2\/posts"}],"about":[{"href":"https:\/\/www.europesays.com\/fr\/wp-json\/wp\/v2\/types\/post"}],"author":[{"embeddable":true,"href":"https:\/\/www.europesays.com\/fr\/wp-json\/wp\/v2\/users\/2"}],"replies":[{"embeddable":true,"href":"https:\/\/www.europesays.com\/fr\/wp-json\/wp\/v2\/comments?post=135189"}],"version-history":[{"count":0,"href":"https:\/\/www.europesays.com\/fr\/wp-json\/wp\/v2\/posts\/135189\/revisions"}],"wp:featuredmedia":[{"embeddable":true,"href":"https:\/\/www.europesays.com\/fr\/wp-json\/wp\/v2\/media\/135190"}],"wp:attachment":[{"href":"https:\/\/www.europesays.com\/fr\/wp-json\/wp\/v2\/media?parent=135189"}],"wp:term":[{"taxonomy":"category","embeddable":true,"href":"https:\/\/www.europesays.com\/fr\/wp-json\/wp\/v2\/categories?post=135189"},{"taxonomy":"post_tag","embeddable":true,"href":"https:\/\/www.europesays.com\/fr\/wp-json\/wp\/v2\/tags?post=135189"}],"curies":[{"name":"wp","href":"https:\/\/api.w.org\/{rel}","templated":true}]}}