{"id":135191,"date":"2025-05-28T20:40:09","date_gmt":"2025-05-28T20:40:09","guid":{"rendered":"https:\/\/www.europesays.com\/fr\/135191\/"},"modified":"2025-05-28T20:40:09","modified_gmt":"2025-05-28T20:40:09","slug":"jusqua-13-ans-prison-et-pres-de-10-millions-damendes","status":"publish","type":"post","link":"https:\/\/www.europesays.com\/fr\/135191\/","title":{"rendered":"jusqu\u2019\u00e0 13 ans prison et pr\u00e8s de 10 millions d&rsquo;amendes"},"content":{"rendered":"<p>Seuls deux des 24 pr\u00e9venus ont b\u00e9n\u00e9fici\u00e9 d\u2019une relaxe totale alors que de lourdes peines de prison ont \u00e9t\u00e9 prononc\u00e9es dans ce dossier purement financier.<\/p>\n<p class=\"fig-paragraph\">Au proc\u00e8s du\u00a0<a href=\"http:\/\/www.lefigaro.fr\/flash-actu\/affaire-du-petit-bar-27-personnes-renvoyees-devant-le-tribunal-de-marseille-20240808\" data-fig-type=\"NewsFlash\" data-gtm-custom-categorie=\"navigation\" data-gtm-custom-action=\"crossclick\" data-gtm-custom-label=\"Contextuel\" data-gtm-event=\"customEventSPE\" data-fig-domain=\"LEFIGARO\" target=\"_blank\" rel=\"noopener\">tentaculaire dossier de blanchiment<\/a>\u00a0des fonds occultes de la bande criminelle corse du \u00abPetit Bar\u00bb, si des peines s\u00e9v\u00e8res allant jusqu&rsquo;\u00e0 13 ans de prison ont \u00e9t\u00e9 prononc\u00e9es, des pans du dossier se sont sold\u00e9s par une relaxe, mercredi \u00e0 Marseille. Des amendes pour un total de pr\u00e8s de 10 millions d&rsquo;euros ont \u00e9galement \u00e9t\u00e9 inflig\u00e9es dans ce dossier baptis\u00e9 \u00abEmail Diamant\u00bb par les enqu\u00eateurs, pour le pouvoir blanchisseur de cette p\u00e2te dentifrice.<\/p>\n<p class=\"fig-paragraph\">Pendant les trois mois d&rsquo;audiences devant le tribunal correctionnel, deux visions se sont affront\u00e9es\u00a0: d&rsquo;un c\u00f4t\u00e9 le parquet, qui a d\u00e9nonc\u00e9 \u00abl&#8217;emprise mafieuse\u00bb de cette \u00e9quipe sur l&rsquo;\u00e9conomie et la politique de Corse-du-Sud, en r\u00e9clamant des condamnations jusqu&rsquo;\u00e0 14 ans de prison, peines rarissimes dans un dossier purement financier ; de l&rsquo;autre, la d\u00e9fense, qui avait plaid\u00e9 une relaxe quasi-g\u00e9n\u00e9rale. Mercredi, la pr\u00e9sidente, Patricia Krummenacker, a commenc\u00e9 par rejeter la demande de disjonction d\u00e9pos\u00e9e par Jacques Santoni, chef incontest\u00e9 du \u00abPetit Bar\u00bb selon l&rsquo;accusation, assurant que son incapacit\u00e9 \u00e0 compara\u00eetre n&rsquo;avait pas \u00e9t\u00e9 d\u00e9montr\u00e9e.<\/p>\n<p class=\"fig-paragraph\">T\u00e9trapl\u00e9gique depuis un accident de moto en 2003,\u00a0<a href=\"http:\/\/www.lefigaro.fr\/flash-actu\/le-chef-presume-de-la-bande-criminelle-du-petit-bar-tetraplegique-libere-de-prison-20210910\" data-fig-type=\"NewsFlash\" data-gtm-custom-categorie=\"navigation\" data-gtm-custom-action=\"crossclick\" data-gtm-custom-label=\"Contextuel\" data-gtm-event=\"customEventSPE\" data-fig-domain=\"LEFIGARO\" target=\"_blank\" rel=\"noopener\">Jacques Santoni<\/a>, qui ne s&rsquo;est jamais pr\u00e9sent\u00e9 \u00e0 ce proc\u00e8s, ouvert en f\u00e9vrier, a \u00e9t\u00e9 condamn\u00e9 \u00e0 13 ans de prison avec mandat d&rsquo;arr\u00eat, 1,5 million d\u2019euros d&rsquo;amende. Il a par contre \u00e9t\u00e9 relax\u00e9 pour le volet d&rsquo;extorsion d&rsquo;un marchand d&rsquo;art afin de lui soutirer deux millions d&rsquo;euros, tout comme les autres pr\u00e9venus concern\u00e9s, la pr\u00e9sidente conc\u00e9dant que \u00abla contrainte, les violences ou les menaces\u00bb n&rsquo;ont \u00abpas \u00e9t\u00e9 d\u00e9montr\u00e9es\u00bb.<\/p>\n<p class=\"fig-paragraph\">Parmi les 24 pr\u00e9venus, seuls Fran\u00e7ois-Xavier Susini, riche commer\u00e7ant de Courchevel, et Angelique Peretti, avocate et fille du marchand d&rsquo;art Jean-Marc Peretti, ont b\u00e9n\u00e9fici\u00e9 d&rsquo;une relaxe compl\u00e8te. L&rsquo;avocate de Fran\u00e7ois-Xavier Susini, Me Margaux Durand-Poinclou a dit \u00e0 l&rsquo;AFP son \u00absoulagement\u00bb que son client soit reconnu \u00abtotalement innocent\u00bb. La pr\u00e9sidente a n\u00e9anmoins reconnu coupable les pr\u00e9venus pour blanchiment et association de malfaiteurs, pointant notamment le \u00abtrain de vie dispendieux\u00bb du clan, \u00abqui ne correspond aucunement \u00e0 leurs revenus officiels\u00bb, prouvant qu&rsquo;ils \u00abdispos(ai)ent indiscutablement de revenus occultes\u00bb.<\/p>\n<p>Deux femmes condamn\u00e9es<\/p>\n<p class=\"fig-paragraph\">Douze ans de prison ont \u00e9t\u00e9 prononc\u00e9s contre Michael Ettori, le \u00abbras droit\u00bb du chef, en fuite, ainsi qu&rsquo;une amende de 1,5 million d&rsquo;euros. Pascal Porri, autre \u00abpi\u00e8ce ma\u00eetresse\u00bb du clan, comparaissant d\u00e9tenu, a lui \u00e9cop\u00e9 de 10 ans de prison et d&rsquo;un million d&rsquo;euros d&rsquo;amende. D\u00e9crit par l&rsquo;accusation comme \u00able cheval de Troie du Petit Bar pour p\u00e9n\u00e9trer l&rsquo;\u00e9conomie r\u00e9elle\u00bb, le chef d&rsquo;entreprise Antony Perrino a \u00e9t\u00e9 condamn\u00e9 \u00e0 cinq ans de prison dont 30 mois avec sursis &#8211; contre neuf ans demand\u00e9s par le parquet -, la peine ferme devant \u00eatre ex\u00e9cut\u00e9e sous bracelet \u00e9lectronique. Il a \u00e9galement \u00e9t\u00e9 condamn\u00e9 \u00e0 une interdiction de g\u00e9rer pendant trois ans, avec ex\u00e9cution provisoire, et une amende de 750.000 euros. Son avocat, Me Julien Pinelli, a jug\u00e9 aupr\u00e8s de l&rsquo;AFP cette condamnation \u00abadapt\u00e9e \u00e0 ces faits\u00bb, se f\u00e9licitant de l&rsquo;absence de nouvelle incarc\u00e9ration de son client et de la reconnaissance par le tribunal qu&rsquo;il \u00abn&rsquo;est pas le membre d&rsquo;une organisation criminelle\u00bb.<\/p>\n<p class=\"fig-paragraph\">Parmi les compagnes ou ex-compagnes du clan, Sonia Susini, ex-\u00e9pouse de Jacques Santoni, \u00abson \u00e9gale au f\u00e9minin\u00bb selon la procureure, a \u00e9t\u00e9 condamn\u00e9e \u00e0 cinq ans de prison dont deux avec sursis, avec mandat d&rsquo;arr\u00eat, et 150.000 euros d&rsquo;amende. G\u00e9rante notamment d&rsquo;une soci\u00e9t\u00e9 immobili\u00e8re, elle est d\u00e9sormais d\u00e9finitivement interdite de g\u00e9rer une entreprise. Saveria Lucchini, compagne de Michael Ettori et g\u00e9rante d&rsquo;un h\u00f4tel d&rsquo;Ajaccio, a elle \u00e9t\u00e9 condamn\u00e9e \u00e0 quatre ans de prison dont 18 mois avec sursis, avec mandat d&rsquo;arr\u00eat, et une amende de 200.000 euros.<\/p>\n<p>Un suspect toujours en fuite<\/p>\n<p class=\"fig-paragraph\">Concernant \u00ables financiers\u00bb du clan, selon l&rsquo;accusation, Jean-Pierre Valentini, vivant entre Duba\u00ef et la Suisse apr\u00e8s avoir construit une fortune colossale dans le trading du p\u00e9trole en Afrique, a \u00e9t\u00e9 condamn\u00e9 \u00e0 quatre ans de prison avec sursis et \u00e0 750.000 euros d&rsquo;amende. Son avocat, Me St\u00e9phane Ceccaldi s&rsquo;est f\u00e9licit\u00e9 aupr\u00e8s de l&rsquo;AFP que le tribunal l&rsquo;ait relax\u00e9 \u00abpour l&rsquo;ensemble de l&rsquo;op\u00e9ration de Courchevel\u00bb, le volet du dossier concernant des accusations de juteuses op\u00e9rations immobili\u00e8res, notamment autour d&rsquo;un luxueux chalet de cette tr\u00e8s select station de ski savoyarde. En pronon\u00e7ant une relaxe, la pr\u00e9sidente a en effet d\u00e9clar\u00e9 que les op\u00e9rations sur ce volet ne mettaient \u00abpas en lumi\u00e8re de blanchiment\u00bb.<\/p>\n<p class=\"fig-paragraph\">Le \u00abmarchand d&rsquo;art\u00bb Jean-Marc Peretti, en fuite, a \u00e9t\u00e9 condamn\u00e9 \u00e0 cinq ans de prison avec mandat d&rsquo;arr\u00eat et 750.000 euros d&rsquo;amende. \u00c0 noter qu&rsquo;une peine d&rsquo;in\u00e9ligibilit\u00e9 de cinq ans a \u00e9t\u00e9 prononc\u00e9e pour tous les pr\u00e9venus condamn\u00e9s, ainsi qu&rsquo;une peine d&rsquo;interdiction de g\u00e9rer une entreprise, soit d\u00e9finitive soit de 3 ou 10 ans.<\/p>\n","protected":false},"excerpt":{"rendered":"Seuls deux des 24 pr\u00e9venus ont b\u00e9n\u00e9fici\u00e9 d\u2019une relaxe totale alors que de lourdes peines de prison ont&hellip;\n","protected":false},"author":2,"featured_media":135192,"comment_status":"","ping_status":"","sticky":false,"template":"","format":"standard","meta":{"footnotes":""},"categories":[4],"tags":[1111,47,11,9732,3849,1109,1112,118,1108,107,1106,1107,1011,27,1110,1114,14,12,1113,316,806,25],"class_list":{"0":"post-135191","1":"post","2":"type-post","3":"status-publish","4":"format-standard","5":"has-post-thumbnail","7":"category-france","8":"tag-actu","9":"tag-actualite","10":"tag-actualites","11":"tag-bar","12":"tag-blanchiment","13":"tag-breves","14":"tag-depeches","15":"tag-faits-divers","16":"tag-fil","17":"tag-fil-info","18":"tag-flash","19":"tag-flash-actu","20":"tag-fr","21":"tag-france","22":"tag-informations","23":"tag-infos","24":"tag-international","25":"tag-news","26":"tag-nouvelles","27":"tag-politique","28":"tag-prison","29":"tag-republique-francaise"},"share_on_mastodon":{"url":"https:\/\/pubeurope.com\/@fr\/114587397297790146","error":""},"_links":{"self":[{"href":"https:\/\/www.europesays.com\/fr\/wp-json\/wp\/v2\/posts\/135191","targetHints":{"allow":["GET"]}}],"collection":[{"href":"https:\/\/www.europesays.com\/fr\/wp-json\/wp\/v2\/posts"}],"about":[{"href":"https:\/\/www.europesays.com\/fr\/wp-json\/wp\/v2\/types\/post"}],"author":[{"embeddable":true,"href":"https:\/\/www.europesays.com\/fr\/wp-json\/wp\/v2\/users\/2"}],"replies":[{"embeddable":true,"href":"https:\/\/www.europesays.com\/fr\/wp-json\/wp\/v2\/comments?post=135191"}],"version-history":[{"count":0,"href":"https:\/\/www.europesays.com\/fr\/wp-json\/wp\/v2\/posts\/135191\/revisions"}],"wp:featuredmedia":[{"embeddable":true,"href":"https:\/\/www.europesays.com\/fr\/wp-json\/wp\/v2\/media\/135192"}],"wp:attachment":[{"href":"https:\/\/www.europesays.com\/fr\/wp-json\/wp\/v2\/media?parent=135191"}],"wp:term":[{"taxonomy":"category","embeddable":true,"href":"https:\/\/www.europesays.com\/fr\/wp-json\/wp\/v2\/categories?post=135191"},{"taxonomy":"post_tag","embeddable":true,"href":"https:\/\/www.europesays.com\/fr\/wp-json\/wp\/v2\/tags?post=135191"}],"curies":[{"name":"wp","href":"https:\/\/api.w.org\/{rel}","templated":true}]}}