{"id":135195,"date":"2025-05-28T20:43:09","date_gmt":"2025-05-28T20:43:09","guid":{"rendered":"https:\/\/www.europesays.com\/fr\/135195\/"},"modified":"2025-05-28T20:43:09","modified_gmt":"2025-05-28T20:43:09","slug":"il-retrouve-sa-mere-biologique-grace-a-une-photo","status":"publish","type":"post","link":"https:\/\/www.europesays.com\/fr\/135195\/","title":{"rendered":"il retrouve sa m\u00e8re biologique gr\u00e2ce \u00e0 une photo"},"content":{"rendered":"<p class=\"article-p mdl\"><strong>N\u00e9 sous X, Florian a \u00e9t\u00e9 adopt\u00e9 par une famille landaise \u00e0 l&rsquo;\u00e2ge de 6 mois. <\/strong>Aujourd&rsquo;hui \u00e2g\u00e9 de 36 ans, il se rappelle d&rsquo;un d\u00e9calage ressenti d\u00e8s l&rsquo;enfance vis-\u00e0-vis de son entourage, marqu\u00e9 par des questions sur ses origines. <strong>\u00ab\u00a0Je n&rsquo;\u00e9tais pas \u00e0 ma place\u00a0\u00bb, confie-t-il. <\/strong>Ses parents lui annoncent son adoption alors qu&rsquo;il est en classe de CP, mais restent tr\u00e8s \u00e9vasifs et vagues. Florian n&rsquo;ouvrira son dossier d&rsquo;adoption qu&rsquo;en cachette, \u00e0 l&rsquo;\u00e2ge de 14 ans, un moment qu&rsquo;il vit comme un v\u00e9ritable choc et qui g\u00e9n\u00e8re chez lui une crise identitaire. C&rsquo;est seulement en 2023, que Florian d\u00e9couvre tout de ses origines <strong>gr\u00e2ce \u00e0 un d\u00e9tail anodin de son dossier : la signature de Le\u00efla, sa m\u00e8re biologique. <\/strong>\u00ab\u00a0Je l&rsquo;ai post\u00e9e sur Twitter un soir comme \u00e7a, de f\u00eate des m\u00e8res et \u00e7a s&rsquo;est emball\u00e9\u00a0\u00bb, explique-t-il.\u00a0<\/p>\n<p class=\"article-p mdl\"><strong>En postant une simple photo, Florian ne se doutait pas une seconde qu&rsquo;il allait retrouver sa m\u00e8re.<\/strong> Le jour m\u00eame, il re\u00e7oit pourtant le message d&rsquo;une femme, qui va tout faire basculer. \u00ab\u00a0Elle me dit : j&rsquo;ai ma s\u0153ur qui a accouch\u00e9 \u00e0 Saint-\u00c9tienne le 27 avril 1989 et j&rsquo;ai l&rsquo;impression d&rsquo;avoir reconnu sa signature\u00a0\u00bb, raconte le trentenaire. Florian est subjugu\u00e9 : <strong>\u00ab\u00a0Elle \u00e9tait en train de me raconter la vie de ma m\u00e8re, ce que j&rsquo;avais sous les yeux, ce que l&rsquo;assistante sociale avait narr\u00e9 dans le dossier d&rsquo;<a class=\"link\" href=\"https:\/\/www.rtl.fr\/actu\/debats-societe\/adoption-la-decision-douloureuse-d-emeline-et-son-mari-7900324655\" title=\"Adoption : la d\u00e9cision douloureuse d&#039;\u00c9meline et son mari\" target=\"_blank\" rel=\"noopener\">adoption<\/a>\u00ab\u00a0.<\/strong> Du jour au lendemain, il se retrouve ainsi en contact avec des membres de sa famille et en apprend plus sur les raisons de son abandon. Mais sa m\u00e8re refuse d&rsquo;abord d&rsquo;entrer en contact avec lui. \u00ab\u00a0C&rsquo;\u00e9tait trop douloureux pour elle parce que je suis n\u00e9 d&rsquo;un viol\u00a0\u00bb, confie-t-il.\u00a0<\/p>\n<p class=\"article-p mdl\">Avec beaucoup d&rsquo;h\u00e9sitation, Florian finit par t\u00e9l\u00e9phoner \u00e0 Le\u00efla. \u00ab\u00a0Je lui ai dit : &lsquo;Est-ce que vous \u00eates assise ? Je crois qu&rsquo;on a quelque chose en commun.&rsquo; Et l\u00e0, elle s&rsquo;est mise \u00e0 pleurer\u00a0\u00bb, raconte-t-il. <strong>Pendant un appel de 45 minutes, la m\u00e8re et le fils \u00e9changent leurs histoires, comblant des ann\u00e9es de silence et de questions sans r\u00e9ponse. <\/strong>Trois mois plus tard, Florian rencontre enfin sa m\u00e8re en personne. \u00ab\u00a0On a les m\u00eames yeux, on a la m\u00eame t\u00eate\u00a0\u00bb, observe-t-il avec \u00e9motion. Aujourd&rsquo;hui, Florian et sa m\u00e8re biologique entretiennent une relation \u00e9panouissante, b\u00e2tie sur la compr\u00e9hension et l&rsquo;acceptation mutuelles de leur histoire.\u00a0<\/p>\n<p class=\"article-p mdl\"><a class=\"link\" href=\"https:\/\/www.rtl.fr\/programmes\/heros\" target=\"_blank\" rel=\"noopener\">H\u00e9ros<\/a>,\u00a0une \u00e9mission diffus\u00e9e du lundi au jeudi de 20h \u00e0 21h, sur RTL.\u00a0Faustine Bollaert vous propose de rencontrer des femmes et des hommes ordinaires qui ont des parcours de vie extraordinaires. Des t\u00e9moignages authentiques, surprenants, parfois \u00e9mouvants.\u00a0<\/p>\n<p>    La r\u00e9daction vous recommande<\/p>\n<p class=\"s-newsletter__title\">\n                L\u2019actualit\u00e9 par la r\u00e9daction de RTL dans votre bo\u00eete mail.\n            <\/p>\n<p class=\"s-newsletter__subtitle\">\n                Gr\u00e2ce \u00e0 votre compte RTL abonnez-vous \u00e0 la newsletter RTL info pour suivre toute l&rsquo;actualit\u00e9 au quotidien\n            <\/p>\n<p>\n                                    Lire la suite\n                                <\/p>\n","protected":false},"excerpt":{"rendered":"N\u00e9 sous X, Florian a \u00e9t\u00e9 adopt\u00e9 par une famille landaise \u00e0 l&rsquo;\u00e2ge de 6 mois. Aujourd&rsquo;hui \u00e2g\u00e9&hellip;\n","protected":false},"author":2,"featured_media":135196,"comment_status":"","ping_status":"","sticky":false,"template":"","format":"standard","meta":{"footnotes":""},"categories":[9653],"tags":[1111,11,2430,1777,674,6308,107,1011,27,12,362,361,25,4001,240],"class_list":{"0":"post-135195","1":"post","2":"type-post","3":"status-publish","4":"format-standard","5":"has-post-thumbnail","7":"category-saint-etienne","8":"tag-actu","9":"tag-actualites","10":"tag-auvergne-rhone-alpes","11":"tag-eu","12":"tag-europe","13":"tag-faustine-bollaert","14":"tag-fil-info","15":"tag-fr","16":"tag-france","17":"tag-news","18":"tag-replay","19":"tag-replay-a-la-une","20":"tag-republique-francaise","21":"tag-saint-etienne","22":"tag-temoignage"},"share_on_mastodon":{"url":"https:\/\/pubeurope.com\/@fr\/114587409029380040","error":""},"_links":{"self":[{"href":"https:\/\/www.europesays.com\/fr\/wp-json\/wp\/v2\/posts\/135195","targetHints":{"allow":["GET"]}}],"collection":[{"href":"https:\/\/www.europesays.com\/fr\/wp-json\/wp\/v2\/posts"}],"about":[{"href":"https:\/\/www.europesays.com\/fr\/wp-json\/wp\/v2\/types\/post"}],"author":[{"embeddable":true,"href":"https:\/\/www.europesays.com\/fr\/wp-json\/wp\/v2\/users\/2"}],"replies":[{"embeddable":true,"href":"https:\/\/www.europesays.com\/fr\/wp-json\/wp\/v2\/comments?post=135195"}],"version-history":[{"count":0,"href":"https:\/\/www.europesays.com\/fr\/wp-json\/wp\/v2\/posts\/135195\/revisions"}],"wp:featuredmedia":[{"embeddable":true,"href":"https:\/\/www.europesays.com\/fr\/wp-json\/wp\/v2\/media\/135196"}],"wp:attachment":[{"href":"https:\/\/www.europesays.com\/fr\/wp-json\/wp\/v2\/media?parent=135195"}],"wp:term":[{"taxonomy":"category","embeddable":true,"href":"https:\/\/www.europesays.com\/fr\/wp-json\/wp\/v2\/categories?post=135195"},{"taxonomy":"post_tag","embeddable":true,"href":"https:\/\/www.europesays.com\/fr\/wp-json\/wp\/v2\/tags?post=135195"}],"curies":[{"name":"wp","href":"https:\/\/api.w.org\/{rel}","templated":true}]}}