{"id":135209,"date":"2025-05-28T20:51:14","date_gmt":"2025-05-28T20:51:14","guid":{"rendered":"https:\/\/www.europesays.com\/fr\/135209\/"},"modified":"2025-05-28T20:51:14","modified_gmt":"2025-05-28T20:51:14","slug":"yame-en-dedicaces-a-la-fnac-lyon-bellecour-et-rouen-sur-inscriptions","status":"publish","type":"post","link":"https:\/\/www.europesays.com\/fr\/135209\/","title":{"rendered":"Yam\u00ea en d\u00e9dicaces \u00e0 la Fnac Lyon Bellecour et Rouen ! Sur inscriptions"},"content":{"rendered":"<p>La Fnac a le plaisir de recevoir Yam\u00ea pour la sortie de son album \u00ab \u00c9B\u0112M \u00bb (13 juin 2025) !<\/p>\n<p>                            <strong>D\u00e9dicaces sur inscription :\u00a0<\/strong><br \/>\n\u25ba Fnac Lyon Bellecour \u2013 Le 18 juin de 18h \u00e0 19h\u00a0<strong>&gt;<a href=\"https:\/\/animation.fnac.com\/zn\/yame_rouen_lyon\" target=\"_blank\" rel=\"noopener\"> Inscriptions ici<\/a> <br \/>\u25ba Fnac Rouen \u2013 Le 25 juin de 18h \u00e0 19h <strong>&gt; <a href=\"https:\/\/animation.fnac.com\/zn\/yame_rouen_lyon\" target=\"_blank\" rel=\"noopener\">Inscriptions ici <\/a><\/strong><\/strong><\/p>\n<p><strong>Deux ans apr\u00e8s avoir brill\u00e9 aux yeux du monde, Yam\u00ea d\u00e9voile son premier album \u00c9B\u0112M !<\/strong><\/p>\n<p>D\u00e9couvert il y a deux ans seulement par le grand public avec son single \u201cB\u00e9cane\u201d \u2013 certifi\u00e9 Platine et qui compte plus de 200M de streams \u2013 Yam\u00ea a captiv\u00e9 l\u2019attention avec sa voix singuli\u00e8re et sa musique hybride. R\u00e9v\u00e9lation masculine aux Victoires de la Musique 2024, il re\u00e7oit \u00e9galement le prix du Grand Jury au Music Moves Europe 2025 et le titre de r\u00e9v\u00e9lation du prix Sacem.<\/p>\n<p>Sur fond de transmission et d\u2019apprentissage, son premier album \u00c9B\u0112M, largement introspectif, plonge l\u2019auditeur dans un voyage initiatique au c\u0153ur de ses doutes et contradictions.<\/p>\n<p>Tout au long des quatorze titres qui composent l\u2019album, Yam\u00ea alterne entre ses diverses influences musicales : un peu de chanson fran\u00e7aise, de jazz, de blues, de rap, quelques inspirations africaines. \u00c9B\u0112M\u00a0permet \u00e0 Yam\u00ea d\u2019aller \u00e0 la rencontre des autres de mani\u00e8re encore plus sinc\u00e8re, et\u00a0 prouve que l\u2019\u00e9volution constante de l\u2019\u00eatre r\u00e9siste \u00e0 toute \u00e9preuve et que les efforts consacr\u00e9s dans la qu\u00eate sont toujours r\u00e9compens\u00e9s. \u00ab Sans le chemin, la fin ne vaut rien \u00bb<\/p>\n<p style=\"text-align: center;\">*\u00c9v\u00e9nements gratuits <strong>sur inscription.<\/strong><\/p>\n<p>        <img decoding=\"async\" src=\"https:\/\/www.europesays.com\/fr\/wp-content\/uploads\/2025\/04\/logo-rse.png\" alt=\"Logo RSE\" loading=\"lazy\" width=\"84\" height=\"116\"\/><\/p>\n<p>\n        La Fnac s\u2019engage activement dans les initiatives de responsabilit\u00e9 soci\u00e9tale des entreprises (RSE).\n    <\/p>\n<p>\n        Aidez-nous en choisissant la mobilit\u00e9 douce en privil\u00e9giant par exemple le v\u00e9lo (pistes cyclables et stationnements \u00e0 disposition), les transports en commun ou le covoiturage pour nous rejoindre. Ainsi, vous contribuez \u00e0 r\u00e9duire les \u00e9missions de gaz \u00e0 effet de serre et \u00e0 am\u00e9liorer notre qualit\u00e9 de l\u2019air. Pour plus d\u2019information, consultez la fiche du magasin.<br \/>Tous nos \u00e9v\u00e8nements sont en acc\u00e8s gratuit, dans la limite des places disponibles.\n    <\/p>\n","protected":false},"excerpt":{"rendered":"La Fnac a le plaisir de recevoir Yam\u00ea pour la sortie de son album \u00ab \u00c9B\u0112M \u00bb (13&hellip;\n","protected":false},"author":2,"featured_media":135210,"comment_status":"","ping_status":"","sticky":false,"template":"","format":"standard","meta":{"footnotes":""},"categories":[9587],"tags":[1111,26101,11,1777,674,9391,1011,27,26102,12,5161,26103,25,9590,26104],"class_list":{"0":"post-135209","1":"post","2":"type-post","3":"status-publish","4":"format-standard","5":"has-post-thumbnail","7":"category-rouen","8":"tag-actu","9":"tag-actualite-lp","10":"tag-actualites","11":"tag-eu","12":"tag-europe","13":"tag-evenement-fnac-gratuit","14":"tag-fr","15":"tag-france","16":"tag-lp","17":"tag-news","18":"tag-normandie","19":"tag-premier-album","20":"tag-republique-francaise","21":"tag-rouen","22":"tag-yame"},"share_on_mastodon":{"url":"https:\/\/pubeurope.com\/@fr\/114587440469828714","error":""},"_links":{"self":[{"href":"https:\/\/www.europesays.com\/fr\/wp-json\/wp\/v2\/posts\/135209","targetHints":{"allow":["GET"]}}],"collection":[{"href":"https:\/\/www.europesays.com\/fr\/wp-json\/wp\/v2\/posts"}],"about":[{"href":"https:\/\/www.europesays.com\/fr\/wp-json\/wp\/v2\/types\/post"}],"author":[{"embeddable":true,"href":"https:\/\/www.europesays.com\/fr\/wp-json\/wp\/v2\/users\/2"}],"replies":[{"embeddable":true,"href":"https:\/\/www.europesays.com\/fr\/wp-json\/wp\/v2\/comments?post=135209"}],"version-history":[{"count":0,"href":"https:\/\/www.europesays.com\/fr\/wp-json\/wp\/v2\/posts\/135209\/revisions"}],"wp:featuredmedia":[{"embeddable":true,"href":"https:\/\/www.europesays.com\/fr\/wp-json\/wp\/v2\/media\/135210"}],"wp:attachment":[{"href":"https:\/\/www.europesays.com\/fr\/wp-json\/wp\/v2\/media?parent=135209"}],"wp:term":[{"taxonomy":"category","embeddable":true,"href":"https:\/\/www.europesays.com\/fr\/wp-json\/wp\/v2\/categories?post=135209"},{"taxonomy":"post_tag","embeddable":true,"href":"https:\/\/www.europesays.com\/fr\/wp-json\/wp\/v2\/tags?post=135209"}],"curies":[{"name":"wp","href":"https:\/\/api.w.org\/{rel}","templated":true}]}}