{"id":13521,"date":"2025-04-09T20:47:54","date_gmt":"2025-04-09T20:47:54","guid":{"rendered":"https:\/\/www.europesays.com\/fr\/13521\/"},"modified":"2025-04-09T20:47:54","modified_gmt":"2025-04-09T20:47:54","slug":"un-jeune-nantais-meurt-dans-une-collision-entre-un-poids-lourd-et-une-camionnette-pres-dangers","status":"publish","type":"post","link":"https:\/\/www.europesays.com\/fr\/13521\/","title":{"rendered":"Un jeune Nantais meurt dans une collision entre un poids lourd et une camionnette pr\u00e8s d\u2019Angers"},"content":{"rendered":"<tr wp_automatic_readability=\"2.9296875\">\n<td valign=\"middle\" align=\"center\" class=\"col-logo\">\n    <img decoding=\"async\" src=\"https:\/\/www.europesays.com\/fr\/wp-content\/uploads\/2025\/04\/courrier-ouest.gif\" alt=\"logo Courrier de l'Ouest\" height=\"66\"\/><\/p>\n<\/td>\n<td class=\"col-titre\">\n\t\t\tLundi 07 avril 2025 18:44<br \/>\n\t\t\t<a class=\"icon-bulle sizeL count\" href=\"#ancreAvis\"><br \/>\n\t&#8230;<br \/>\n<\/a><\/td>\n<\/tr>\n<p>\t\t<a class=\"mavillebox2 elmt-photo\" href=\"https:\/\/maville.com\/photosmvi\/2025\/04\/07\/P35156881D6754777G.jpg\" title=\" Le choc frontal a \u00e9t\u00e9 fatal au conducteur du fourgon.  \u00a9  Archives CO  &lt;!--TAG-BLC credit--&gt;\" rel=\"galerie_actu nofollow noopener\" target=\"_blank\"><br \/>\n\t<img decoding=\"async\" src=\"https:\/\/www.europesays.com\/fr\/wp-content\/uploads\/2025\/04\/P35156881D6754777G_crop_640-330_.jpg\" alt=\"photo  le choc frontal a \u00e9t\u00e9 fatal au conducteur du fourgon.  \u00a9  archives co \"\/><br \/>\n\t1<br \/>\n<\/a><\/p>\n<p class=\"elmt-legende\"> Le choc frontal a \u00e9t\u00e9 fatal au conducteur du fourgon.  \u00a9  Archives CO  <\/p>\n<p>\t\tLa collision impliquant un poids lourd et un fourgon ce lundi matin 7\u00a0avril \u00e0 Chavagnes-les-Eaux (Terranjou) a fait un mort. Un second accident est survenu sur l\u2019itin\u00e9raire de d\u00e9viation mis en place pendant les op\u00e9rations de secours.<\/p>\n<p><b>Cet article est r\u00e9serv\u00e9 aux abonn\u00e9s<\/b><\/p>\n<p>Pour un acc\u00e8s imm\u00e9diat, abonnez-vous<\/p>\n<p><b>1\u00e8re semaine offerte<\/b><\/p>\n<p>\t\tCourrier de l&rsquo;Ouest<\/p>\n<p>Retrouvez d&rsquo;autres actus sur les communes de :<\/p>\n<p>\t\t&#13;<\/p>\n","protected":false},"excerpt":{"rendered":"Lundi 07 avril 2025 18:44 &#8230; 1 Le choc frontal a \u00e9t\u00e9 fatal au conducteur du fourgon. \u00a9&hellip;\n","protected":false},"author":2,"featured_media":13522,"comment_status":"","ping_status":"","sticky":false,"template":"","format":"standard","meta":{"footnotes":""},"categories":[2818],"tags":[1111,11,1438,6045,2192,4504,1777,674,1011,27,3913,5402,5479,4715,766,12,2636,5401,3762,25],"class_list":{"0":"post-13521","1":"post","2":"type-post","3":"status-publish","4":"format-standard","5":"has-post-thumbnail","7":"category-nantes","8":"tag-actu","9":"tag-actualites","10":"tag-angers","11":"tag-camionnette","12":"tag-cholet","13":"tag-collision","14":"tag-eu","15":"tag-europe","16":"tag-fr","17":"tag-france","18":"tag-jeune","19":"tag-lourd","20":"tag-meurt","21":"tag-nantais","22":"tag-nantes","23":"tag-news","24":"tag-pays-de-la-loire","25":"tag-poids","26":"tag-pres","27":"tag-republique-francaise"},"share_on_mastodon":{"url":"https:\/\/pubeurope.com\/@fr\/114309975469365976","error":""},"_links":{"self":[{"href":"https:\/\/www.europesays.com\/fr\/wp-json\/wp\/v2\/posts\/13521","targetHints":{"allow":["GET"]}}],"collection":[{"href":"https:\/\/www.europesays.com\/fr\/wp-json\/wp\/v2\/posts"}],"about":[{"href":"https:\/\/www.europesays.com\/fr\/wp-json\/wp\/v2\/types\/post"}],"author":[{"embeddable":true,"href":"https:\/\/www.europesays.com\/fr\/wp-json\/wp\/v2\/users\/2"}],"replies":[{"embeddable":true,"href":"https:\/\/www.europesays.com\/fr\/wp-json\/wp\/v2\/comments?post=13521"}],"version-history":[{"count":0,"href":"https:\/\/www.europesays.com\/fr\/wp-json\/wp\/v2\/posts\/13521\/revisions"}],"wp:featuredmedia":[{"embeddable":true,"href":"https:\/\/www.europesays.com\/fr\/wp-json\/wp\/v2\/media\/13522"}],"wp:attachment":[{"href":"https:\/\/www.europesays.com\/fr\/wp-json\/wp\/v2\/media?parent=13521"}],"wp:term":[{"taxonomy":"category","embeddable":true,"href":"https:\/\/www.europesays.com\/fr\/wp-json\/wp\/v2\/categories?post=13521"},{"taxonomy":"post_tag","embeddable":true,"href":"https:\/\/www.europesays.com\/fr\/wp-json\/wp\/v2\/tags?post=13521"}],"curies":[{"name":"wp","href":"https:\/\/api.w.org\/{rel}","templated":true}]}}