{"id":135219,"date":"2025-05-28T20:56:24","date_gmt":"2025-05-28T20:56:24","guid":{"rendered":"https:\/\/www.europesays.com\/fr\/135219\/"},"modified":"2025-05-28T20:56:24","modified_gmt":"2025-05-28T20:56:24","slug":"strasbourg-lopposition-attaque-la-maire-pour-une-carte-de-la-palestine","status":"publish","type":"post","link":"https:\/\/www.europesays.com\/fr\/135219\/","title":{"rendered":"Strasbourg. L&rsquo;opposition attaque la maire pour une carte de la Palestine"},"content":{"rendered":"<p class=\"wp-block-post-excerpt__excerpt\">En annon\u00e7ant un jumelage avec un camp de r\u00e9fugi\u00e9s en Palestine, Jeanne Barseghian savait qu\u2019elle s\u2019attirerait les foudres d\u2019une partie de son opposition. L\u2019attaque a un peu tard\u00e9, elle s\u2019est servie d\u2019un cadeau offert \u00e0 la maire. <\/p>\n<p class=\"font-sans\">\n\t\t\tCet article est en acc\u00e8s libre. Pour soutenir Rue89 Strasbourg,<br \/>\n\t\t\t<a class=\"underline\" href=\"https:\/\/www.rue89strasbourg.com\/abonnement\" target=\"_blank\" rel=\"noopener\">abonnez-vous<\/a>.\n\t\t<\/p>\n<p>Pierre France<\/p>\n<p>Publi\u00e9 le 28 mai 2025\u00a0\u00a0\u00b7\u00a0\u00a0<\/p>\n<p>Imprim\u00e9 le 28 mai 2025 \u00e0 22h55\u00a0\u00a0\u00b7\u00a0\u00a0<\/p>\n<p>\t\t\t\t\t5\u00a0minutes\n<\/p>\n<p class=\"has-drop-cap\">L\u2019histoire avait pourtant bien commenc\u00e9. \u00c0 la surprise g\u00e9n\u00e9rale, la maire (Les \u00c9cologistes) de Strasbourg, Jeanne Barseghian, a <a href=\"https:\/\/www.francebleu.fr\/infos\/politique\/la-maire-de-strasbourg-souhaite-un-jumelage-avec-le-camp-de-refugies-palestinien-d-aida-1935464#xtor=RSS-103\" target=\"_blank\" rel=\"noreferrer noopener\">annonc\u00e9 jeudi 22 mai \u00e0 l\u2019AFP<\/a> qu\u2019elle souhaitait jumeler la Ville de Strasbourg avec le camp palestinien d\u2019A\u00efda, pr\u00e8s de Bethl\u00e9em en Cisjordanie. Des liens existent entre le centre culturel de ce village form\u00e9 par des palestiniens d\u00e9plac\u00e9s en 1948 et quelques associations strasbourgeoises, dont le Festival Musica, qui avait accueilli une troupe d\u2019A\u00efda en 2023.<\/p>\n<p>Donc un jumelage pourquoi pas\u00a0? Samedi 23 mai, Jeanne Barseghian invite, comme il est d\u2019usage, les pr\u00e9sidents des groupes d\u2019opposition \u00e0 rencontrer la d\u00e9l\u00e9gation palestinienne \u00e0 l\u2019H\u00f4tel de ville. La droite est repr\u00e9sent\u00e9e par Gabrielle Roesner-Bloch, les macronistes par Nicolas Matt et Pierre Jakubowicz, qui n\u2019expriment pas d\u2019opposition. Quant aux socialistes, ils ne sont pas pr\u00e9sents mais leur pr\u00e9sidente Catherine Trautmann s\u2019en excuse dans un courrier o\u00f9 elle \u00e9crit que \u00ab\u00a0c\u2019est avec un grand int\u00e9r\u00eat que nous suivons ces initiatives qui t\u00e9moignent de l\u2019engagement de la Ville de Strasbourg en faveur de la solidarit\u00e9 internationale et aupr\u00e8s de la population palestinienne\u00a0\u00bb. En 1993, alors maire de Strasbourg, elle avait re\u00e7u le dirigeant politique palestinien Yasser Arafat \u00e0 l\u2019H\u00f4tel de ville.<\/p>\n<p><a href=\"https:\/\/www.rue89strasbourg.com\/abonnement\" target=\"_blank\" rel=\"noopener\"><img loading=\"lazy\" decoding=\"async\" width=\"970\" height=\"250\" src=\"https:\/\/www.europesays.com\/fr\/wp-content\/uploads\/2025\/05\/bannie\u0300re-autopromo-2025-desktop-1.gif\" alt=\"\" class=\"wp-image-343590\" style=\"width:792px\"\/><\/a><\/p>\n<p><a href=\"https:\/\/www.rue89strasbourg.com\/abonnement\" target=\"_blank\" rel=\"noopener\"><img loading=\"lazy\" decoding=\"async\" width=\"300\" height=\"300\" src=\"https:\/\/www.europesays.com\/fr\/wp-content\/uploads\/2025\/05\/bannieres@2x.png\" alt=\"\" class=\"wp-image-341656\"  \/><\/a><\/p>\n<p>Col\u00e8re du Crif Alsace<\/p>\n<p>Mais dimanche, cette belle union s\u2019\u00e9croule. En apprenant que le jumelage avec la ville isra\u00e9lienne de Ramat Gan est \u00ab\u00a0gel\u00e9 de fait\u00a0\u00bb, la section alsacienne du Comit\u00e9 repr\u00e9sentatif des institutions juives (Crif) publie un communiqu\u00e9 pour \u00e9triller l\u2019initiative municipale, qualifi\u00e9e \u00ab\u00a0d\u2019indigne\u00a0\u00bb et de \u00ab\u00a0faillite morale\u00a0\u00bb\u00a0:<\/p>\n<blockquote class=\"wp-block-quote is-layout-flow wp-block-quote-is-layout-flow\">\n<p>\u00ab\u00a0La Ville de Strasbourg rompt avec son r\u00f4le historique de dialogue et de r\u00e9conciliation, et c\u00e8de \u00e0 l\u2019intimidation et aux pressions exerc\u00e9es dans notre ville par des groupuscules extr\u00e9mistes depuis des mois. (\u2026) Comble de cette s\u00e9quence, la visite de la d\u00e9l\u00e9gation palestinienne a \u00e9t\u00e9 marqu\u00e9e par la remise d\u2019un \u201ccadeau\u201d en forme de carte d\u2019Isra\u00ebl couverte de drapeaux palestiniens sur tout le territoire, sur lequel Isra\u00ebl a disparu. Accepter un tel cadeau tout en portant le keffieh quand on repr\u00e9sente la Ville de Strasbourg est un choix politique grave et lourd de sens.\u00a0\u00bb<\/p>\n<\/blockquote>\n<p>Quelques heures plus tard, Pernelle Richardot, \u00e9lue socialiste de l\u2019opposition, publie <a href=\"https:\/\/www.facebook.com\/pernelle.richardot\/posts\/pfbid02XCyFh28C9mCqeucBMkKcy7r3Bs3NgPxNZTLaAKEtUMM6u27KGKSf2qDyJxiiWC8fl?__cft__[0]=AZVB3Ol3eOw0_4hGjyICniOIFVFRrRNFKZ3fnhI5bxwCyMKkxK2XeBWgEJLVts-9i2Y3zjs8gM_pkFEf3ouioS3dEvfEihoz7WR6EEeyR9zO2NlDx1R02C97Je5oIkp7JwMWCTIGKnaxzk8CZUGvfohXNp4bFK5nxTVjX8rmV8apcvyKOaPjiN2fJmQPJhf1FdSDCF99JVNmBtUy2xWHYrTB&amp;__tn__=%2CO%2CP-R\" target=\"_blank\" rel=\"noreferrer noopener\">sur Facebook<\/a> et X un texte qui reprend l\u2019accusation d\u2019effacement d\u2019Isra\u00ebl\u00a0: \u00ab\u00a0Ce n\u2019est pas un appel \u00e0 deux \u00c9tats, ni m\u00eame un compromis difficile. C\u2019est l\u2019adh\u00e9sion implicite \u00e0 un projet de destruction, celui d\u2019une vision o\u00f9 le peuple juif serait \u00e0 nouveau ni\u00e9, d\u00e9plac\u00e9, effac\u00e9.\u00a0\u00bb Des propos qui ont valu \u00e0 Pernelle Richardot d\u2019\u00eatre <a href=\"https:\/\/www.i24news.tv\/fr\/actu\/france\/artc-strasbourg-une-elue-ps-denonce-la-negation-de-l-histoire-dans-le-jumelage-avec-un-camp-de-refugies-palestiniens\" target=\"_blank\" rel=\"noreferrer noopener\">invit\u00e9e sur i24news<\/a>. Du miel pour ce m\u00e9dia qui soutient le gouvernement de Benjamin Netanyahou et qui fait campagne pour que les juifs de France s\u2019installent en Isra\u00ebl. La s\u00e9quence est sous-titr\u00e9e\u00a0: \u00ab\u00a0Strasbourg, une mairie hostile \u00e0 Isra\u00ebl\u00a0?\u00a0\u00bb<\/p>\n<p>L\u2019opposition municipale change alors de ton et envoie, lundi 26 mai, une lettre commune \u00e0 la maire, qui reprend les m\u00eames arguments du keffieh et de la carte \u00ab\u00a0sur laquelle Isra\u00ebl avait purement et simplement disparu\u00a0\u00bb. Le mardi 27 mai, c\u2019est au tour de la Licra de reprendre les m\u00eames arguments. Elle a m\u00eame suspendu un partenariat avec la Ville de Strasbourg visant \u00e0 projeter un documentaire sur l\u2019exil des Alsaciens pendant la seconde guerre mondiale devant des coll\u00e9giens et des lyc\u00e9ens.<\/p>\n<p>\t\tUne carte historique<\/p>\n<p>Rencontr\u00e9s mardi 27 mai, les membres de la d\u00e9l\u00e9gation palestinienne s\u2019avouent d\u00e9sol\u00e9s de la tournure prise par les r\u00e9actions \u00e0 ce jumelage, dont <a href=\"https:\/\/www.rue89strasbourg.com\/strasbourg-delegation-palestinienne-futur-jumelage-344811\" target=\"_blank\" rel=\"noreferrer noopener\">ils attendent beaucoup<\/a>. \u00ab\u00a0La carte offerte \u00e0 Jeanne Barseghian est une reproduction de la Palestine <a href=\"https:\/\/fr.wikipedia.org\/wiki\/Accords_Sykes-Picot\" target=\"_blank\" rel=\"noreferrer noopener\">au moment des accords Sykes-Picot<\/a>\u00ab\u00a0, indique Abdelfatah Abusrour, directeur du centre culturel Al-Rowwad \u00e0 A\u00efda\u00a0:<\/p>\n<blockquote class=\"wp-block-quote is-layout-flow wp-block-quote-is-layout-flow\">\n<p>\u00ab\u00a0La carte date de la fin de la Premi\u00e8re guerre mondiale. Ce sont les puissances coloniales de l\u2019\u00e9poque qui ont d\u00e9cid\u00e9 des fronti\u00e8res, et m\u00eame du drapeau palestinien, dont il s\u2019agit de l\u2019une des premi\u00e8res repr\u00e9sentations. La Palestine ayant \u00e9t\u00e9 attribu\u00e9e au mandat britannique.\u00a0\u00bb<\/p>\n<\/blockquote>\n<p>Cette carte, qui repr\u00e9sente \u00e9galement un id\u00e9al palestinien, se trouve \u00ab\u00a0dans toutes les maisons palestiniennes\u00a0\u00bb, assure de son c\u00f4t\u00e9 Anas Abou Srur, du Comit\u00e9 populaire d\u2019A\u00efda. Il pr\u00e9cise\u00a0:<\/p>\n<blockquote class=\"wp-block-quote is-layout-flow wp-block-quote-is-layout-flow\">\n<p>\u00ab\u00a0Il ne s\u2019agit pas d\u2019une n\u00e9gation d\u2019Isra\u00ebl, qui n\u2019existait pas \u00e0 l\u2019\u00e9poque. C\u2019est une carte qui montre d\u2019o\u00f9 nous venons, r\u00e9fugi\u00e9s dans notre propre pays. Et en tant que tels, nous revendiquons un droit au retour, lequel nous a d\u2019ailleurs \u00e9t\u00e9 accord\u00e9 par plusieurs r\u00e9solutions des Nations unies, m\u00eame si c\u2019est en Isra\u00ebl.\u00a0\u00bb<\/p>\n<\/blockquote>\n<p>Le comit\u00e9 d\u2019A\u00efda reconnait le droit d\u2019Isra\u00ebl \u00e0 exister<\/p>\n<p>Le comit\u00e9 populaire d\u2019A\u00efda est une organisation politique qui d\u00e9pend du Comit\u00e9 des r\u00e9fugi\u00e9s palestiniens, lequel se place sous l\u2019autorit\u00e9 du Fatah, le parti palestinien signataire des <a href=\"https:\/\/fr.wikipedia.org\/wiki\/Accords_d%27Oslo\" target=\"_blank\" rel=\"noreferrer noopener\">accords d\u2019Oslo de 1993<\/a>, qui reconnaissent notamment le droit d\u2019Isra\u00ebl \u00e0 exister. \u00ab\u00a0Mais Isra\u00ebl, encore aujourd\u2019hui, ne reconnait pas l\u2019\u00c9tat palestinien, rappelle Anas Abou Srur, et aucune fronti\u00e8re n\u2019arr\u00eate les colons.\u00a0\u00bb<\/p>\n<p>De son c\u00f4t\u00e9, Jeanne Barseghian ne s\u2019avoue pas \u00e9tonn\u00e9e par cette pol\u00e9mique \u00ab\u00a0construite de toutes pi\u00e8ces pour plaire \u00e0 la droite et \u00e0 l\u2019extr\u00eame droite\u00a0\u00bb\u00a0:<\/p>\n<blockquote class=\"wp-block-quote is-layout-flow wp-block-quote-is-layout-flow\">\n<p>\u00ab\u00a0D\u00e8s le d\u00e9but de mon mandat, m\u00eame pendant la campagne, j\u2019ai \u00e9t\u00e9 la cible d\u2019accusations d\u2019antis\u00e9mitisme \u00e0 peine voil\u00e9es, alors que c\u2019est \u00e0 rebours de ce que je suis et de toutes les valeurs que je porte depuis mon engagement politique. Cette manipulation prend pr\u00e9texte d\u2019un cadeau, qui ne se refuse pas, pour me faire dire l\u2019inverse de ma position, la solution \u00e0 deux \u00c9tats, qui est pourtant rappel\u00e9e dans le post en question\u00a0! <\/p>\n<p>C\u2019est le signe d\u2019une opposition d\u00e9sesp\u00e9r\u00e9e, pr\u00eate \u00e0 prendre pr\u00e9texte de n\u2019importe quoi pour qu\u2019on ne parle pas des bombardements sur les civils de Gaza, de l\u2019aide alimentaire bloqu\u00e9e et de la catastrophe humanitaire qui s\u2019y d\u00e9roule.\u00a0\u00bb<\/p>\n<\/blockquote>\n<p>En apart\u00e9, des \u00e9lus de la municipalit\u00e9 estiment, a posteriori, qu\u2019il aurait \u00e9t\u00e9 plus malin de ne pas diffuser les images des cadeaux de la d\u00e9l\u00e9gation palestinienne, ce qui aurait peut-\u00eatre permis de s\u2019\u00e9conomiser cette pol\u00e9mique. <\/p>\n","protected":false},"excerpt":{"rendered":"En annon\u00e7ant un jumelage avec un camp de r\u00e9fugi\u00e9s en Palestine, Jeanne Barseghian savait qu\u2019elle s\u2019attirerait les foudres&hellip;\n","protected":false},"author":2,"featured_media":135220,"comment_status":"","ping_status":"","sticky":false,"template":"","format":"standard","meta":{"footnotes":""},"categories":[2820],"tags":[1111,11,1777,674,10063,1011,27,775,664,7125,12,3518,25,640],"class_list":{"0":"post-135219","1":"post","2":"type-post","3":"status-publish","4":"format-standard","5":"has-post-thumbnail","7":"category-strasbourg","8":"tag-actu","9":"tag-actualites","10":"tag-eu","11":"tag-europe","12":"tag-fact-checking","13":"tag-fr","14":"tag-france","15":"tag-grand-est","16":"tag-israel","17":"tag-jeanne-barseghian","18":"tag-news","19":"tag-palestine","20":"tag-republique-francaise","21":"tag-strasbourg"},"share_on_mastodon":{"url":"https:\/\/pubeurope.com\/@fr\/114587460285472857","error":""},"_links":{"self":[{"href":"https:\/\/www.europesays.com\/fr\/wp-json\/wp\/v2\/posts\/135219","targetHints":{"allow":["GET"]}}],"collection":[{"href":"https:\/\/www.europesays.com\/fr\/wp-json\/wp\/v2\/posts"}],"about":[{"href":"https:\/\/www.europesays.com\/fr\/wp-json\/wp\/v2\/types\/post"}],"author":[{"embeddable":true,"href":"https:\/\/www.europesays.com\/fr\/wp-json\/wp\/v2\/users\/2"}],"replies":[{"embeddable":true,"href":"https:\/\/www.europesays.com\/fr\/wp-json\/wp\/v2\/comments?post=135219"}],"version-history":[{"count":0,"href":"https:\/\/www.europesays.com\/fr\/wp-json\/wp\/v2\/posts\/135219\/revisions"}],"wp:featuredmedia":[{"embeddable":true,"href":"https:\/\/www.europesays.com\/fr\/wp-json\/wp\/v2\/media\/135220"}],"wp:attachment":[{"href":"https:\/\/www.europesays.com\/fr\/wp-json\/wp\/v2\/media?parent=135219"}],"wp:term":[{"taxonomy":"category","embeddable":true,"href":"https:\/\/www.europesays.com\/fr\/wp-json\/wp\/v2\/categories?post=135219"},{"taxonomy":"post_tag","embeddable":true,"href":"https:\/\/www.europesays.com\/fr\/wp-json\/wp\/v2\/tags?post=135219"}],"curies":[{"name":"wp","href":"https:\/\/api.w.org\/{rel}","templated":true}]}}