{"id":135233,"date":"2025-05-28T21:04:14","date_gmt":"2025-05-28T21:04:14","guid":{"rendered":"https:\/\/www.europesays.com\/fr\/135233\/"},"modified":"2025-05-28T21:04:14","modified_gmt":"2025-05-28T21:04:14","slug":"la-cathedrale-saint-etienne-partiellement-fermee-pendant-deux-ans-pour-une-cure-de-jouvence","status":"publish","type":"post","link":"https:\/\/www.europesays.com\/fr\/135233\/","title":{"rendered":"la cath\u00e9drale Saint-\u00c9tienne partiellement ferm\u00e9e pendant deux ans, pour une cure de jouvence"},"content":{"rendered":"<p>            Par<br \/>\n        <strong><br \/>\n            <a href=\"https:\/\/actu.fr\/auteur\/guillaume-laurens\" title=\"Consulter tous les articles de Guillaume Laurens\" target=\"_blank\" rel=\"noopener\">Guillaume Laurens<\/a><br \/>\n        <\/strong><\/p>\n<p>        Publi\u00e9 le<\/p>\n<p>            28 mai 2025 \u00e0 17h39        <\/p>\n<p>C\u2019est un <strong>chantier titanesque<\/strong> qui va d\u00e9buter, ce lundi 2\u00a0juin 2025, au sein m\u00eame de la <strong>cath\u00e9drale Saint-\u00c9tienne<\/strong> de <strong><a href=\"https:\/\/actu.fr\/toulouse\/\" target=\"_blank\" rel=\"noopener\">Toulouse<\/a>\u2009<\/strong>: la <strong>nef dite \u00ab\u2009Raymondine\u2009\u00bb,<\/strong> situ\u00e9e c\u00f4t\u00e9 pr\u00e9fecture, va faire l\u2019objet de vastes travaux de <strong>restauration.<\/strong> Et cela va entra\u00eener <strong>la fermeture <\/strong>de la moiti\u00e9 de l\u2019\u00e9difice pendant <strong>deux ans.<\/strong> Tous les d\u00e9tails.<\/p>\n<p>L\u2019immense nef atypique d\u2019une cath\u00e9drale inachev\u00e9e<\/p>\n<p class=\" wall-content\">Premi\u00e8re partie de la cath\u00e9drale quand on entre c\u00f4t\u00e9 pr\u00e9fecture, la <strong>nef Raymondine<\/strong> de la cath\u00e9drale Saint-\u00c9tienne date du XIIIe\u00a0si\u00e8cle. C\u2019est la partie <strong>la plus ancienne,<\/strong> mais aussi <strong>la plus sombre<\/strong> de cet incroyable \u00e9difice de la Ville rose\u2009: une <strong>construction \u00ab\u2009inachev\u00e9e\u2009\u00bb<\/strong> qui r\u00e9unit deux styles\u2009: le gothique m\u00e9ridional massif et puissant (autour de ladite nef) avec le gothique septentrional \u00e9lanc\u00e9 et lumineux (autour du ch\u0153ur).<\/p>\n<p class=\" wall-content\">Une nef qui devait donc <strong>\u00eatre doubl\u00e9e<\/strong>\u2026 mais qui ne l\u2019a jamais \u00e9t\u00e9, et qui a un brin vieilli. Ainsi, elle va faire l\u2019objet d\u2019une vaste campagne de travaux, comme elle n\u2019en a pas connu \u00ab\u2009depuis le XIXe ou d\u00e9but du XXe\u00a0si\u00e8cle\u2009\u00bb, souligne <strong>Delphine Lacaze,<\/strong> conservatrice r\u00e9gionale des monuments historiques.<\/p>\n<p>5\u00a0millions d\u2019euros de travaux, pay\u00e9s par l\u2019\u00c9tat<\/p>\n<p class=\" wall-content\">L\u2019\u00e9difice est class\u00e9 au titre des monuments historiques depuis 1862. Et contrairement aux \u00c9glises \u2014 dont l\u2019entretien est \u00e0 la charge des mairies \u2014 la cath\u00e9drale Saint-\u00c9tienne, comme 13 autres en Occitanie, est <strong>la propri\u00e9t\u00e9 de l\u2019\u00c9tat<\/strong>, qui va donc s\u2019acquitter de l\u2019int\u00e9gralit\u00e9 du montant des travaux, soit quasiment<strong> 5\u00a0millions d\u2019euros.<\/strong><\/p>\n<p>    <img   decoding=\"async\" loading=\"lazy\" src=\"https:\/\/www.europesays.com\/fr\/wp-content\/uploads\/2025\/05\/travaux-renovation-nef-cathedrale-toulouse-gl-2-960x640.jpg\" alt=\"La nef de la cath\u00e9drale Saint-\u00c9tienne sera int\u00e9gralement r\u00e9nov\u00e9e, du sol au plafond\" width=\"960\" height=\"640\"\/><br \/>\n    La nef de la cath\u00e9drale Saint-\u00c9tienne sera int\u00e9gralement r\u00e9nov\u00e9e, du sol au plafond (\u00a9G.L. \/ Actu Toulouse)Apr\u00e8s la r\u00e9novation ext\u00e9rieure de la cath\u00e9drale<\/p>\n<p class=\" wall-content\">Si <strong>une premi\u00e8re salve de travaux<\/strong> <strong>ext\u00e9rieurs<\/strong> avait \u00e9t\u00e9 achev\u00e9e en 2023 pour restaurer la couverture, la fa\u00e7ade sud, ainsi que les baies, restait \u00e0 r\u00e9aliser la plus grosse partie du chantier\u2009: r\u00e9nover <strong>l\u2019int\u00e9rieur de la nef<\/strong>, du sol au plafond.<\/p>\n<p class=\" wall-content\">Men\u00e9 sous la ma\u00eetrise d\u2019\u0153uvre de l\u2019architecte en chef des monuments historiques <strong>Christophe Amiot<\/strong>, ce chantier a pour objectif de <strong>restaurer et valoriser l\u2019ensemble de nef<\/strong>\u2009: sols, \u00e9l\u00e9vations, \u00e9l\u00e9ments mobiliers, \u00e9clairage\u2026 Une op\u00e9ration d\u2019ampleur qui impose <strong>la fermeture de la nef <\/strong>durant les travaux, soit environ <strong>deux ans.<\/strong><\/p>\n<p>La cath\u00e9drale restera ouverte pendant les travaux<\/p>\n<p class=\" wall-content\">Mais \u00ab\u2009la cath\u00e9drale demeurera <strong>ouverte pour le culte,<\/strong> tout comme pour<strong> les visites du public\u2009\u00bb<\/strong>, insiste le pr\u00e9fet de la Haute-Garonne et d\u2019Occitanie, <strong>Pierre-Andr\u00e9 Durand<\/strong>. Si l\u2019entr\u00e9e vers le parvis ouest (c\u00f4t\u00e9 pr\u00e9fecture) sera ferm\u00e9e pour les besoins du chantier, l\u2019acc\u00e8s au monument restera possible pendant toute la dur\u00e9e des travaux depuis <strong>la fa\u00e7ade nord.<\/strong><\/p>\n<p>    <img   decoding=\"async\" loading=\"lazy\" src=\"https:\/\/www.europesays.com\/fr\/wp-content\/uploads\/2025\/05\/cathedrale-saint-etienne-toulouse-entree-nord-gljpg-960x640.jpg\" alt=\"Cet acc\u00e8s \u00e0 la cath\u00e9drale restera ouvert pendant toute la dur\u00e9e des travaux\" width=\"960\" height=\"640\"\/><br \/>\n    Cet acc\u00e8s \u00e0 la cath\u00e9drale restera ouvert pendant toute la dur\u00e9e des travaux (\u00a9G.L. \/ Actu Toulouse)Une immense \u00ab\u00a0paroi \u00e9tanche\u00a0\u00bb d\u00e9ploy\u00e9e<\/p>\n<p class=\" wall-content\">\u00ab\u2009De nombreux corps de m\u00e9tiers seront successivement mobilis\u00e9s\u2009\u00bb sur ces chantiers tr\u00e8s techniques, souligne encore le pr\u00e9fet. Une dizaine de personnes devrait \u0153uvrer au quotidien dans la cath\u00e9drale, derri\u00e8re une <strong>gigantesque b\u00e2che<\/strong>.<\/p>\n<blockquote class=\"ac-article-quote wall-content\">\n<p>Afin d&rsquo;\u00e9viter tout empoussi\u00e8rement du reste de la cath\u00e9drale, une immense paroi \u00e9tanche sera mise en place entre la nef et le transept.<\/p>\n<p>    <strong>La Direction r\u00e9gionale des affaires culturelles (DRAC) Occitanie<\/strong>\n            <\/p><\/blockquote>\n<p>    <img   decoding=\"async\" loading=\"lazy\" src=\"https:\/\/www.europesays.com\/fr\/wp-content\/uploads\/2025\/05\/prefet-pierre-andre-durand-abbe-simon-dartigue-toulouse-960x640.jpg\" alt=\"Le pr\u00e9fet Pierre-Andr\u00e9 Durand s'enquiert du d\u00e9but de la r\u00e9habilitation de la nef sous le regard de l'abb\u00e9 Simon d'Artigue, cur\u00e9 de la cath\u00e9drale de Toulouse\" width=\"960\" height=\"640\"\/><br \/>\n    Le pr\u00e9fet Pierre-Andr\u00e9 Durand s\u2019enquiert du d\u00e9but de la r\u00e9habilitation de la nef sous le regard de l\u2019abb\u00e9 Simon d\u2019Artigue, cur\u00e9 de la cath\u00e9drale de Toulouse (\u00a9G.L. \/ Actu Toulouse)En quoi consistent pr\u00e9cis\u00e9ment les travaux\u2009?<\/p>\n<p class=\" wall-content\">Ce chantier va d\u00e9marrer par la r\u00e9alisation de <strong>deux sondages arch\u00e9ologiques<\/strong> pendant plusieurs semaines, contre le mur nord, \u00ab\u2009afin de compl\u00e9ter une campagne r\u00e9alis\u00e9e en 2020\u2009\u00bb, d\u00e9taille la pr\u00e9fecture.<\/p>\n<p class=\" wall-content\">Ensuite, l\u2019\u00c9tat pr\u00e9voit la restauration du <strong>sol de la nef,<\/strong> de la <strong>chaire \u00e0 pr\u00eacher<\/strong> (\u0153uvre de l\u2019architecte Auguste Virebent et du sculpteur Joseph Salomon), des <strong>bancs d\u2019\u0153uvre<\/strong> situ\u00e9s de part et d\u2019autre des murs gouttereaux, du <strong>tambour d\u2019entr\u00e9e.<\/strong><\/p>\n<p>    <img   decoding=\"async\" loading=\"lazy\" src=\"https:\/\/www.europesays.com\/fr\/wp-content\/uploads\/2025\/05\/travaux-renovation-nef-cathedrale-toulouse-gl-960x640.jpg\" alt=\"C'est toute la partie situ\u00e9e derri\u00e8re ces grilles qui sera inaccessible au public pendant deux ans\" width=\"960\" height=\"640\"\/><br \/>\n    C\u2019est toute la partie situ\u00e9e derri\u00e8re ces grilles qui sera inaccessible au public pendant deux ans (\u00a9G.L. \/ Actu Toulouse)<\/p>\n<p class=\" wall-content\">S\u2019ensuivra la restauration des <strong>\u00e9l\u00e9vations de la nef<\/strong>, des <strong>vo\u00fbtes<\/strong>, des <strong>tribunes<\/strong> et des <strong>vitraux<\/strong>, y compris <strong>l\u2019\u00e9clairage<\/strong> de la nef, ainsi que la \u00ab\u2009repose des <strong>grands tableaux<\/strong>, dont la restauration a d\u00e9but\u00e9\u2009\u00bb.<\/p>\n<p class=\" wall-content\">Les grandes <strong>toiles peintes<\/strong> ont aussi \u00e9t\u00e9 d\u00e9pos\u00e9es. En cours de restauration, elles seront raccroch\u00e9es \u00e0 la fin des travaux \u00ab\u2009et mises en valeur par l\u2019\u00e9clairage, tout comme la <strong>statue de la Pi\u00e9ta\u2009\u00bb<\/strong>, qui \u00e9tait peu visible jusqu\u2019ici.<\/p>\n<p class=\" wall-content\">Le chantier pr\u00e9voit enfin la cr\u00e9ation et pose de <strong>lustreries<\/strong> dans le ch\u0153ur gothique, \u00ab\u2009de fa\u00e7on \u00e0 <strong>compl\u00e9ter l\u2019\u00e9clairage<\/strong> de mise en valeur pr\u00e9vu au sein de la nef Raymondine\u2009\u00bb.<\/p>\n<p><img decoding=\"async\" src=\"https:\/\/www.europesays.com\/fr\/wp-content\/uploads\/2025\/05\/cathedrale-saint-etienne-toulouse-stele-riquet-gl-640x427.jpg\" alt=\"\" width=\"640\" height=\"427\" loading=\"lazy\"\/>La plaque du tombeau de Riquet r\u00e9nov\u00e9e<\/p>\n<p>\u00c0 noter \u00e9galement qu&rsquo;\u00e0 l&rsquo;occasion de ces travaux, la plaque du tombeau de Pierre-Paul Riquet sera \u00e9galement reprise.\u00a0Les descendants du constructeur du canal du Midi \u2014 inhum\u00e9 dans la cath\u00e9drale \u2014 ont \u00e9t\u00e9 \u00ab\u00a0saisis pour conna\u00eetre leurs souhaits en termes de texte et de typographie\u00a0\u00bb, ajoute la pr\u00e9fecture de la Haute-Garonne. Finalement, les inscriptions seront refaites en dorures.<\/p>\n<p>Une nef plus lumineuse<\/p>\n<p class=\" wall-content\">Cette partie de la cath\u00e9drale \u00e9tant aussi \u00ab\u2009la plus sombre\u2009\u00bb, ce chantier sera l\u2019occasion de <strong>rendre la nef plus lumineuse<\/strong>, et de mieux y mettre en valeur ses sp\u00e9cificit\u00e9s et richesses. L\u2019\u00c9tat pr\u00e9voit ainsi<strong> \u00ab\u2009d\u2019enlever des murs de la nef un enduit jaun\u00e2tre<\/strong>\u2009\u00bb qui a vieilli et obscurcit l\u2019ensemble, ce qui permettra de \u00ab\u2009retrouver le d\u00e9cor du XVe\u00a0si\u00e8cle\u2009\u00bb.<\/p>\n<p>Deux chapelles r\u00e9nov\u00e9es autour de la nef<\/p>\n<p class=\" wall-content\">Dans deux ans, quand la nef devrait rouvrir au public, une autre phase du chantier d\u00e9butera avec la restauration compl\u00e8te de la <strong>chapelle Saint-Antoine-de-Padoue<\/strong> (c\u00f4t\u00e9 ouest) et de la <strong>chapelle des fonts baptismaux<\/strong> (c\u00f4t\u00e9 nord), qui donnent toutes deux sur la nef. Cette partie-l\u00e0 du chantier devrait durer \u00ab\u2009environ six mois\u2009\u00bb suppl\u00e9mentaires.<\/p>\n<p class=\" wall-content\">L\u2019objectif des services de l\u2019\u00c9tat est \u00ab\u00a0que tous les travaux soient <strong>termin\u00e9s en f\u00e9vrier\u00a02028, <\/strong>\u00ab\u00a0et m\u00eame si possible pour les<strong> f\u00eates de No\u00ebl 2027\u2033.<\/strong><\/p>\n<p>    <img   decoding=\"async\" loading=\"lazy\" src=\"https:\/\/www.europesays.com\/fr\/wp-content\/uploads\/2025\/05\/travaux-renovation-chapelles-cathedrale-toulouse-gl-960x640.jpg\" alt=\"La chapelle Saint-Antoine-de-Padoue et celle des fonts baptismaux seront toutes deux r\u00e9nov\u00e9es... apr\u00e8s la nef\" width=\"960\" height=\"640\"\/><br \/>\n    La chapelle Saint-Antoine-de-Padoue et celle des fonts baptismaux seront toutes deux r\u00e9nov\u00e9es\u2026 apr\u00e8s la nef (\u00a9G.L. \/ Actu Toulouse)Encore six chapelles \u00e0 r\u00e9nover par la suite<\/p>\n<p class=\" wall-content\">Mais \u00e0 cette date, les fid\u00e8les de la cath\u00e9drale n\u2019en auront pas fini avec les travaux, car une fois termin\u00e9e cette restauration int\u00e9grale de la nef et de ses abords, l\u2019\u00c9tat compte se pencher sur celle de <strong>six chapelles<\/strong> situ\u00e9es c\u00f4t\u00e9 sud de la cath\u00e9drale, \u00ab\u2009qui sont <strong>tr\u00e8s d\u00e9grad\u00e9es\u2009\u00bb.<\/strong><\/p>\n<p class=\" wall-content\">L\u2019\u00e9difice ayant subi \u00ab\u2009des probl\u00e8mes <strong>d\u2019infiltration d\u2019eau<\/strong>, il faut attendre plusieurs mois, voire ann\u00e9es, pour que les murs soient totalement secs\u2009\u00bb et \u00ab\u2009ce ne sera pas fait <strong>avant trois ans\u2009\u00bb,<\/strong> avance prudemment Delphine Lacaze.<\/p>\n<p>Des travaux pour la s\u00e9curit\u00e9 incendie<\/p>\n<p class=\" wall-content\">Parall\u00e8lement, dans cette cath\u00e9drale qui se renouvelle \u00e9ternellement, un autre chantier est en cours depuis plusieurs mois, \u00e0 la fois \u00e0 l\u2019int\u00e9rieur et \u00e0 l\u2019ext\u00e9rieur, o\u00f9 il est masqu\u00e9 par des palissades en bois sur le parvis.\u00a0Cette fois, il s\u2019agit de \u00ab\u2009la mise en <strong>s\u00e9curit\u00e9 incendie<\/strong> de la cath\u00e9drale\u2009\u00bb, r\u00e9sume Delphine Lacaze.<\/p>\n<p>    <img   decoding=\"async\" loading=\"lazy\" src=\"https:\/\/www.europesays.com\/fr\/wp-content\/uploads\/2025\/05\/cathedrale-saint-etienne-toulouse-palissade-bois-gljpg-960x640.jpg\" alt=\"Derri\u00e8re ces palissades se cachent des travaux pour la s\u00e9curit\u00e9 incendie de la cath\u00e9drale\" width=\"960\" height=\"640\"\/><br \/>\n    Derri\u00e8re ces palissades se cachent des travaux pour la s\u00e9curit\u00e9 incendie de la cath\u00e9drale (\u00a9G.L. \/ Actu Toulouse)<\/p>\n<p class=\" wall-content\">L\u2019\u00c9tat avait en effet d\u00e9cid\u00e9, \u00e0 Toulouse comme partout en France, de <a href=\"https:\/\/actu.fr\/occitanie\/toulouse_31555\/toulouse-apres-l-incendie-de-notre-dame-les-pompiers-s-exercent-sur-la-cathedrale-saint-etienne_39052266.html\" target=\"_blank\" rel=\"noopener\">tirer les le\u00e7ons du sinistre qui avait ravag\u00e9 Notre-Dame de Paris\u2026<\/a> Ces travaux-l\u00e0, qui consistent entre autres \u00e0 installer un <strong>nouveau syst\u00e8me de d\u00e9tection incendie<\/strong>, devraient \u00eatre achev\u00e9s \u00ab\u2009en juillet\u00a02026\u2009\u00bb.<\/p>\n<p class=\" wall-content\">Suivez toute l\u2019actualit\u00e9 de vos villes et m\u00e9dias favoris en vous inscrivant \u00e0 <a href=\"https:\/\/moncompte.actu.fr\" title=\"D\u00e9couvez Mon Actu\" rel=\"nofollow noopener\" data-trk=\"{&quot;cta&quot;:{&quot;action&quot;:&quot;https:\\\/\\\/moncompte.actu.fr&quot;,&quot;category&quot;:&quot;mon compte&quot;,&quot;from&quot;:&quot;article footer&quot;,&quot;name&quot;:&quot;Mon actu&quot;,&quot;type&quot;:&quot;cta&quot;}}\" target=\"_blank\">Mon Actu<\/a>.<\/p>\n","protected":false},"excerpt":{"rendered":"Par Guillaume Laurens Publi\u00e9 le 28 mai 2025 \u00e0 17h39 C\u2019est un chantier titanesque qui va d\u00e9buter, ce&hellip;\n","protected":false},"author":2,"featured_media":135234,"comment_status":"","ping_status":"","sticky":false,"template":"","format":"standard","meta":{"footnotes":""},"categories":[2816],"tags":[1111,11,26106,1777,674,1011,27,12,2680,2551,4020,25,104,2312],"class_list":{"0":"post-135233","1":"post","2":"type-post","3":"status-publish","4":"format-standard","5":"has-post-thumbnail","7":"category-toulouse","8":"tag-actu","9":"tag-actualites","10":"tag-cathedrale-saint-etienne","11":"tag-eu","12":"tag-europe","13":"tag-fr","14":"tag-france","15":"tag-news","16":"tag-occitanie","17":"tag-patrimoine","18":"tag-religion","19":"tag-republique-francaise","20":"tag-societe","21":"tag-toulouse"},"share_on_mastodon":{"url":"https:\/\/pubeurope.com\/@fr\/114587491954497686","error":""},"_links":{"self":[{"href":"https:\/\/www.europesays.com\/fr\/wp-json\/wp\/v2\/posts\/135233","targetHints":{"allow":["GET"]}}],"collection":[{"href":"https:\/\/www.europesays.com\/fr\/wp-json\/wp\/v2\/posts"}],"about":[{"href":"https:\/\/www.europesays.com\/fr\/wp-json\/wp\/v2\/types\/post"}],"author":[{"embeddable":true,"href":"https:\/\/www.europesays.com\/fr\/wp-json\/wp\/v2\/users\/2"}],"replies":[{"embeddable":true,"href":"https:\/\/www.europesays.com\/fr\/wp-json\/wp\/v2\/comments?post=135233"}],"version-history":[{"count":0,"href":"https:\/\/www.europesays.com\/fr\/wp-json\/wp\/v2\/posts\/135233\/revisions"}],"wp:featuredmedia":[{"embeddable":true,"href":"https:\/\/www.europesays.com\/fr\/wp-json\/wp\/v2\/media\/135234"}],"wp:attachment":[{"href":"https:\/\/www.europesays.com\/fr\/wp-json\/wp\/v2\/media?parent=135233"}],"wp:term":[{"taxonomy":"category","embeddable":true,"href":"https:\/\/www.europesays.com\/fr\/wp-json\/wp\/v2\/categories?post=135233"},{"taxonomy":"post_tag","embeddable":true,"href":"https:\/\/www.europesays.com\/fr\/wp-json\/wp\/v2\/tags?post=135233"}],"curies":[{"name":"wp","href":"https:\/\/api.w.org\/{rel}","templated":true}]}}