{"id":135237,"date":"2025-05-28T21:06:12","date_gmt":"2025-05-28T21:06:12","guid":{"rendered":"https:\/\/www.europesays.com\/fr\/135237\/"},"modified":"2025-05-28T21:06:12","modified_gmt":"2025-05-28T21:06:12","slug":"rencontre-un%c2%b7e-pro-avec-florine-barbeau-fabmanager-roubaix","status":"publish","type":"post","link":"https:\/\/www.europesays.com\/fr\/135237\/","title":{"rendered":"Rencontre un\u00b7e pro Avec Florine Barbeau (Fabmanager) \u2013 Roubaix"},"content":{"rendered":"\n<p><img loading=\"lazy\" decoding=\"async\" width=\"1312\" height=\"840\" src=\"data:image\/svg+xml,%3Csvg%20xmlns=\" http:=\"\" alt=\"unidivers\" data-lazy-src=\"https:\/\/www.europesays.com\/fr\/wp-content\/uploads\/2025\/05\/logo-agenda.jpg.webp.webp\"\/>   <\/p>\n<p><strong>Rencontre un\u00b7e pro Avec Florine Barbeau (Fabmanager) \u2013  Roubaix, 30 mai 2025   16:00, Roubaix. <\/strong> <\/p>\n<p>Nord<\/p>\n<p>Rencontre un\u00b7e pro Avec Florine Barbeau (Fabmanager)\u00a0   14 place du G\u00e9n\u00e9ral Faidherbe Roubaix Nord<\/p>\n<p>Tarif :   <\/p>\n<p>Date : jour \u2013 ann\u00e9e \u2013 mois \u2013 jour et horaire :<br \/>D\u00e9but :   2025-05-30 16:00:00<br \/>fin : 2025-05-30 18:00:00<\/p>\n<p>Date(s) :<br \/>2025-05-30<\/p>\n<p>Florine Barbeau (Fabmanager)<br \/>Elle est Fabmanager au sein de Pr\u00e9vention Culture Formation \u00e0 Lille, o\u00f9 elle coordonne des ateliers cr\u00e9atifs et num\u00e9riques. Elle facilite l\u2019acc\u00e8s aux nouvelles technologies en proposant des activit\u00e9s comme la d\u00e9coupe laser, la mod\u00e9lisation 3D et le montage vid\u00e9o. Son travail permet de d\u00e9mocratiser la culture num\u00e9rique et d\u2019encourager la cr\u00e9ativit\u00e9 locale.<br \/>Rencontre un\u00b7e pro est une nouvelle permanence du LABO148 pour t\u2019accompagner dans ton parcours professionnel ou scolaire. Si tu te questionnes, que tu as envie de te r\u00e9orienter ou que tu as besoin d\u2019une boussole, Rencontre un\u00b7e pro est un temps ouvert de respiration et d\u2019\u00e9changes. De nombreux\u00b7ses professionnel\u00b7les des champs du journalisme, de la culture et de l\u2019art sont invit\u00e9.es \u00e0 partager leurs exp\u00e9riences, leurs formations et leurs quotidiens sur les sp\u00e9cificit\u00e9s de leurs m\u00e9tiers. \u00a0 .<\/p>\n<p> 14 place du G\u00e9n\u00e9ral Faidherbe<br \/>Roubaix 59100  Nord Hauts-de-France   +33 3 28 33 48 33\u00a0 <\/p>\n<p><strong>English : <\/strong><\/p>\n<p><strong>German : <\/strong><\/p>\n<p><strong>Italiano : <\/strong><\/p>\n<p><strong>Espanol : <\/strong><\/p>\n<\/p>\n<p>\u00a0<\/p>\n<p>L\u2019\u00e9v\u00e9nement Rencontre un\u00b7e pro Avec Florine Barbeau (Fabmanager) Roubaix a \u00e9t\u00e9 mis \u00e0 jour le 2025-03-06 par SIM Hauts-de-France Hauts-de-France Tourisme<\/p>\n<p>\t<strong><br \/>\n<a href=\"https:\/\/openagenda.com\/unidivers-oui-sortir\/contribute\/event\" target=\"_blank\" rel=\"noopener nofollow\">Cliquez ici pour ajouter gratuitement un \u00e9v\u00e9nement dans cet agenda<\/a><\/strong><\/p>\n<p> Roubaix Nord https:\/\/www.unidivers.fr\/events\/categorie\/roubaix\/<\/p>\n","protected":false},"excerpt":{"rendered":"Rencontre un\u00b7e pro Avec Florine Barbeau (Fabmanager) \u2013 Roubaix, 30 mai 2025 16:00, Roubaix. Nord Rencontre un\u00b7e pro&hellip;\n","protected":false},"author":2,"featured_media":72212,"comment_status":"","ping_status":"","sticky":false,"template":"","format":"standard","meta":{"footnotes":""},"categories":[2815],"tags":[1111,11,1777,674,1011,27,811,1307,12,25],"class_list":{"0":"post-135237","1":"post","2":"type-post","3":"status-publish","4":"format-standard","5":"has-post-thumbnail","7":"category-lille","8":"tag-actu","9":"tag-actualites","10":"tag-eu","11":"tag-europe","12":"tag-fr","13":"tag-france","14":"tag-hauts-de-france","15":"tag-lille","16":"tag-news","17":"tag-republique-francaise"},"share_on_mastodon":{"url":"https:\/\/pubeurope.com\/@fr\/114587499816339629","error":""},"_links":{"self":[{"href":"https:\/\/www.europesays.com\/fr\/wp-json\/wp\/v2\/posts\/135237","targetHints":{"allow":["GET"]}}],"collection":[{"href":"https:\/\/www.europesays.com\/fr\/wp-json\/wp\/v2\/posts"}],"about":[{"href":"https:\/\/www.europesays.com\/fr\/wp-json\/wp\/v2\/types\/post"}],"author":[{"embeddable":true,"href":"https:\/\/www.europesays.com\/fr\/wp-json\/wp\/v2\/users\/2"}],"replies":[{"embeddable":true,"href":"https:\/\/www.europesays.com\/fr\/wp-json\/wp\/v2\/comments?post=135237"}],"version-history":[{"count":0,"href":"https:\/\/www.europesays.com\/fr\/wp-json\/wp\/v2\/posts\/135237\/revisions"}],"wp:featuredmedia":[{"embeddable":true,"href":"https:\/\/www.europesays.com\/fr\/wp-json\/wp\/v2\/media\/72212"}],"wp:attachment":[{"href":"https:\/\/www.europesays.com\/fr\/wp-json\/wp\/v2\/media?parent=135237"}],"wp:term":[{"taxonomy":"category","embeddable":true,"href":"https:\/\/www.europesays.com\/fr\/wp-json\/wp\/v2\/categories?post=135237"},{"taxonomy":"post_tag","embeddable":true,"href":"https:\/\/www.europesays.com\/fr\/wp-json\/wp\/v2\/tags?post=135237"}],"curies":[{"name":"wp","href":"https:\/\/api.w.org\/{rel}","templated":true}]}}