{"id":135238,"date":"2025-05-28T21:07:15","date_gmt":"2025-05-28T21:07:15","guid":{"rendered":"https:\/\/www.europesays.com\/fr\/135238\/"},"modified":"2025-05-28T21:07:15","modified_gmt":"2025-05-28T21:07:15","slug":"la-coordination-rurale-manifeste-en-tracteurs-dans-lille","status":"publish","type":"post","link":"https:\/\/www.europesays.com\/fr\/135238\/","title":{"rendered":"la Coordination rurale manifeste en tracteurs dans Lille"},"content":{"rendered":"<p class=\"rev-margin-0 rev-text-xs-normal\">Des membres de la Coordination rurale manifestent devant le b\u00e2timent de la Direction d\u00e9partementale des territoires et de la mer (DDTM) \u00e0 Lille, le 28 mai 2025<\/p>\n<p class=\"rev-margin-0 rev-text-xs-bold\">PHOTO AFP \/ FRANCOIS LO PRESTI<\/p>\n<p>\u00ab\u00a0CR59 on l\u00e2che rien\u00a0\u00bb, peut-on lire \u00e9crit \u00e0 la peinture fluo sur un tracteur install\u00e9 devant la cit\u00e9 administrative, en pr\u00e9sence d&rsquo;un dispositif policier important. <\/p>\n<p>\u00ab\u00a0On nous demande encore de nous justifier sur la fa\u00e7on d&rsquo;utiliser les engrais\u00a0\u00bb, a d\u00e9plor\u00e9 Carlos Descamps, agriculteur \u00e0 Vendeville (Nord) en polyculture, c\u00e9r\u00e9ales et pommes de terre, assurant : \u00ab\u00a0on fait d\u00e9j\u00e0 tout ce qu&rsquo;on peut, on n&rsquo;est pas l\u00e0 pour polluer.\u00a0\u00bb<\/p>\n<p>La Direction d\u00e9partementale des territoires et de la mer (DDTM) a exhort\u00e9 par courrier les agriculteurs \u00e0 se conformer aux nouvelles mesures d&rsquo;ici fin juin.<\/p>\n<p>La directive \u00ab\u00a0Nitrates\u00a0\u00bb, visant \u00e0 r\u00e9duire la pollution des eaux caus\u00e9e par les nitrates d&rsquo;origine agricole, fixe notamment des calendriers d&rsquo;\u00e9pandage d&rsquo;engrais azot\u00e9s et d&rsquo;effluents d&rsquo;\u00e9levage, qui ont \u00e9t\u00e9 modifi\u00e9s mi-2024.<\/p>\n<p>\u00ab\u00a0On nous fait des promesses dans un pays de promesses mais on ne voit rien venir\u00a0\u00bb, a poursuivi l&rsquo;agriculteur. Une allusion \u00e0 la loi visant \u00e0 \u00ab\u00a0lever les contraintes \u00e0 l&rsquo;exercice du m\u00e9tier d&rsquo;agriculteur\u00a0\u00bb, port\u00e9e par le s\u00e9nateur LR Laurent Duplomb, repouss\u00e9e lundi avant m\u00eame son examen face \u00e0 un \u00ab\u00a0mur\u00a0\u00bb d&rsquo;amendements \u00e9cologistes et des Insoumis.<\/p>\n","protected":false},"excerpt":{"rendered":"Des membres de la Coordination rurale manifestent devant le b\u00e2timent de la Direction d\u00e9partementale des territoires et de&hellip;\n","protected":false},"author":2,"featured_media":135239,"comment_status":"","ping_status":"","sticky":false,"template":"","format":"standard","meta":{"footnotes":""},"categories":[2815],"tags":[17,1111,11,26107,1446,24045,1777,674,1011,27,329,811,1307,26109,12,25,26108,26110],"class_list":{"0":"post-135238","1":"post","2":"type-post","3":"status-publish","4":"format-standard","5":"has-post-thumbnail","7":"category-lille","8":"tag-17","9":"tag-actu","10":"tag-actualites","11":"tag-coordination","12":"tag-dans","13":"tag-engrais","14":"tag-eu","15":"tag-europe","16":"tag-fr","17":"tag-france","18":"tag-france-monde","19":"tag-hauts-de-france","20":"tag-lille","21":"tag-manifeste","22":"tag-news","23":"tag-republique-francaise","24":"tag-rurale","25":"tag-tracteurs"},"share_on_mastodon":{"url":"https:\/\/pubeurope.com\/@fr\/114587503441562567","error":""},"_links":{"self":[{"href":"https:\/\/www.europesays.com\/fr\/wp-json\/wp\/v2\/posts\/135238","targetHints":{"allow":["GET"]}}],"collection":[{"href":"https:\/\/www.europesays.com\/fr\/wp-json\/wp\/v2\/posts"}],"about":[{"href":"https:\/\/www.europesays.com\/fr\/wp-json\/wp\/v2\/types\/post"}],"author":[{"embeddable":true,"href":"https:\/\/www.europesays.com\/fr\/wp-json\/wp\/v2\/users\/2"}],"replies":[{"embeddable":true,"href":"https:\/\/www.europesays.com\/fr\/wp-json\/wp\/v2\/comments?post=135238"}],"version-history":[{"count":0,"href":"https:\/\/www.europesays.com\/fr\/wp-json\/wp\/v2\/posts\/135238\/revisions"}],"wp:featuredmedia":[{"embeddable":true,"href":"https:\/\/www.europesays.com\/fr\/wp-json\/wp\/v2\/media\/135239"}],"wp:attachment":[{"href":"https:\/\/www.europesays.com\/fr\/wp-json\/wp\/v2\/media?parent=135238"}],"wp:term":[{"taxonomy":"category","embeddable":true,"href":"https:\/\/www.europesays.com\/fr\/wp-json\/wp\/v2\/categories?post=135238"},{"taxonomy":"post_tag","embeddable":true,"href":"https:\/\/www.europesays.com\/fr\/wp-json\/wp\/v2\/tags?post=135238"}],"curies":[{"name":"wp","href":"https:\/\/api.w.org\/{rel}","templated":true}]}}