{"id":135250,"date":"2025-05-28T21:14:16","date_gmt":"2025-05-28T21:14:16","guid":{"rendered":"https:\/\/www.europesays.com\/fr\/135250\/"},"modified":"2025-05-28T21:14:16","modified_gmt":"2025-05-28T21:14:16","slug":"la-tour-eiffel-va-scintiller-a-chaque-but-du-psg-pour-la-finale-de-ligue-des-champions-face-a-linter","status":"publish","type":"post","link":"https:\/\/www.europesays.com\/fr\/135250\/","title":{"rendered":"La tour Eiffel va scintiller \u00e0 chaque but du PSG pour la finale de Ligue des champions face \u00e0 l&rsquo;Inter"},"content":{"rendered":"<p>            Par<br \/>\n        <strong><br \/>\n            <a href=\"https:\/\/actu.fr\/auteur\/augustin-delaporte\" title=\"Consulter tous les articles de Augustin Delaporte\" rel=\"nofollow noopener\" target=\"_blank\">Augustin Delaporte<\/a><br \/>\n        <\/strong><\/p>\n<p>        Publi\u00e9 le<\/p>\n<p>            28 mai 2025 \u00e0 19h01        <\/p>\n<p>En gardant un \u0153il sur la <a href=\"https:\/\/actu.fr\/tag\/tour-eiffel\" rel=\"nofollow noopener\" target=\"_blank\">tour Eiffel<\/a>, samedi 31 mai 2025, \u00e0 partir de 21 heures, il sera possible d\u2019avoir une id\u00e9e du sc\u00e9nario qui se jouera au m\u00eame moment \u00e0 plus de 800 kilom\u00e8tres de l\u00e0, du c\u00f4t\u00e9 de l\u2019<strong>Allianz Arena de Munich<\/strong>, en Allemagne. Pour la deuxi\u00e8me finale de <a href=\"https:\/\/actu.fr\/tag\/ligue-des-champions\" rel=\"nofollow noopener\" target=\"_blank\">Ligue des champions<\/a> en cinq ans du <a href=\"https:\/\/actu.fr\/tag\/paris-saint-germain-psg\" rel=\"nofollow noopener\" target=\"_blank\">club de la capitale<\/a>, la <a href=\"https:\/\/actu.fr\/tag\/mairie-de-paris\" rel=\"nofollow noopener\" target=\"_blank\">Ville de Paris<\/a> pr\u00e9voit quelques surprises et certaines concernent, notamment, la Dame de fer.<\/p>\n<p>En rouge et bleu, de l\u2019entr\u00e9e des joueurs et jusqu\u2019\u00e0 la fin !<\/p>\n<p class=\" wall-content\">Au coup d\u2019envoi du match \u00ab\u00a0le plus important de l\u2019histoire\u00a0\u00bb du PSG, la municipalit\u00e9 s\u2019est engag\u00e9e, par voie de communiqu\u00e9, \u00e0 <strong>faire scintiller la tour Eiffel \u00e0 chaque but marqu\u00e9<\/strong> par l\u2019\u00e9quipe de Luis Enrique.<\/p>\n<p class=\" wall-content\">Avant cela, la Dame de fer scintillera vendredi 30 (veille de match), \u00e0 21 heures, et diffusera un message \u00e0 l\u2019adresse \u00ab\u00a0de tous les supporters et amoureux du club\u00a0\u00bb.<\/p>\n<p class=\" wall-content\">Tandis que le jour J, <strong>la tour Eiffel s\u2019illuminera en rouge et bleu<\/strong>, \u00e0 partir de 20 heures, au moment de l\u2019entr\u00e9e des Parisiens sur la pelouse de Munich, et ce jusqu\u2019\u00e0 la fin du match.<\/p>\n<p>Vid\u00e9os : en ce moment sur ActuVos message d\u2019encouragement aux joueurs sur les panneaux de la ville\u00a0<\/p>\n<p class=\" wall-content\">Pour le reste, ce soir, mercredi 28 mai 2025, \u00e0 21 heures, tous les panneaux lumineux de la ville, ainsi que les panneaux d\u2019informations du <a href=\"https:\/\/actu.fr\/tag\/peripherique\" rel=\"nofollow noopener\" target=\"_blank\">p\u00e9riph\u00e9rique<\/a> situ\u00e9s aux abords du <a href=\"https:\/\/actu.fr\/tag\/parc-des-princes\" rel=\"nofollow noopener\" target=\"_blank\">Parc des Princes<\/a> vont diffuser un message d\u2019encouragement.<\/p>\n<p class=\" wall-content\">Les supportrices et supporters parisiens sont aussi invit\u00e9s \u00e0 \u00e9crire \u00e0 <strong>paris.fr<\/strong> et \u00e0 envoyer leur message d\u2019encouragement aux joueurs du club, puisqu\u2019\u00e0 partir de jeudi 29, 9 heures, <strong>une s\u00e9lection d\u2019entre eux seront diffus\u00e9s sur les panneaux lumineux<\/strong> dans chacun des arrondissements.<\/p>\n<p class=\" wall-content\">\u00ab\u00a0C\u2019est toute une ville qui est derri\u00e8re son club pour aller d\u00e9crocher cette premi\u00e8re Ligue des champions\u00a0\u00bb, assure la municipalit\u00e9.<\/p>\n<p class=\" wall-content\">Suivez toute l\u2019actualit\u00e9 de vos villes et m\u00e9dias favoris en vous inscrivant \u00e0 <a href=\"https:\/\/moncompte.actu.fr\" title=\"D\u00e9couvez Mon Actu\" rel=\"nofollow noopener\" data-trk=\"{&quot;cta&quot;:{&quot;action&quot;:&quot;https:\\\/\\\/moncompte.actu.fr&quot;,&quot;category&quot;:&quot;mon compte&quot;,&quot;from&quot;:&quot;article footer&quot;,&quot;name&quot;:&quot;Mon actu&quot;,&quot;type&quot;:&quot;cta&quot;}}\" target=\"_blank\">Mon Actu<\/a>.<\/p>\n","protected":false},"excerpt":{"rendered":"Par Augustin Delaporte Publi\u00e9 le 28 mai 2025 \u00e0 19h01 En gardant un \u0153il sur la tour Eiffel,&hellip;\n","protected":false},"author":2,"featured_media":135251,"comment_status":"","ping_status":"","sticky":false,"template":"","format":"standard","meta":{"footnotes":""},"categories":[1888],"tags":[1111,1928,11,1927,1777,674,63,1011,27,447,2381,12,1926,626,1925,2332,25,60],"class_list":{"0":"post-135250","1":"post","2":"type-post","3":"status-publish","4":"format-standard","5":"has-post-thumbnail","7":"category-paris","8":"tag-actu","9":"tag-actu-paris","10":"tag-actualites","11":"tag-actualites-paris","12":"tag-eu","13":"tag-europe","14":"tag-football","15":"tag-fr","16":"tag-france","17":"tag-ligue-des-champions","18":"tag-mairie-de-paris","19":"tag-news","20":"tag-news-paris","21":"tag-paris","22":"tag-paris-news","23":"tag-paris-saint-germain-psg","24":"tag-republique-francaise","25":"tag-sports"},"share_on_mastodon":{"url":"https:\/\/pubeurope.com\/@fr\/114587530922433616","error":""},"_links":{"self":[{"href":"https:\/\/www.europesays.com\/fr\/wp-json\/wp\/v2\/posts\/135250","targetHints":{"allow":["GET"]}}],"collection":[{"href":"https:\/\/www.europesays.com\/fr\/wp-json\/wp\/v2\/posts"}],"about":[{"href":"https:\/\/www.europesays.com\/fr\/wp-json\/wp\/v2\/types\/post"}],"author":[{"embeddable":true,"href":"https:\/\/www.europesays.com\/fr\/wp-json\/wp\/v2\/users\/2"}],"replies":[{"embeddable":true,"href":"https:\/\/www.europesays.com\/fr\/wp-json\/wp\/v2\/comments?post=135250"}],"version-history":[{"count":0,"href":"https:\/\/www.europesays.com\/fr\/wp-json\/wp\/v2\/posts\/135250\/revisions"}],"wp:featuredmedia":[{"embeddable":true,"href":"https:\/\/www.europesays.com\/fr\/wp-json\/wp\/v2\/media\/135251"}],"wp:attachment":[{"href":"https:\/\/www.europesays.com\/fr\/wp-json\/wp\/v2\/media?parent=135250"}],"wp:term":[{"taxonomy":"category","embeddable":true,"href":"https:\/\/www.europesays.com\/fr\/wp-json\/wp\/v2\/categories?post=135250"},{"taxonomy":"post_tag","embeddable":true,"href":"https:\/\/www.europesays.com\/fr\/wp-json\/wp\/v2\/tags?post=135250"}],"curies":[{"name":"wp","href":"https:\/\/api.w.org\/{rel}","templated":true}]}}