{"id":135254,"date":"2025-05-28T21:16:17","date_gmt":"2025-05-28T21:16:17","guid":{"rendered":"https:\/\/www.europesays.com\/fr\/135254\/"},"modified":"2025-05-28T21:16:17","modified_gmt":"2025-05-28T21:16:17","slug":"en-plein-incendie-de-notre-dame-de-paris-ils-tabassaient-des-militants-identitaires-deux-hommes-condamnes","status":"publish","type":"post","link":"https:\/\/www.europesays.com\/fr\/135254\/","title":{"rendered":"En plein incendie de Notre-Dame de Paris, ils tabassaient des militants identitaires : deux hommes condamn\u00e9s"},"content":{"rendered":"<p>            Par<br \/>\n        <strong><br \/>\n            <a href=\"https:\/\/actu.fr\/auteur\/antoine-blanchet\" title=\"Consulter tous les articles de Antoine Blanchet\" target=\"_blank\" rel=\"noopener\">Antoine Blanchet<\/a><br \/>\n        <\/strong><\/p>\n<p>        Publi\u00e9 le<\/p>\n<p>            28 mai 2025 \u00e0 18h44        <\/p>\n<p>Quand rendre justice est plus long que reconstruire une cath\u00e9drale. Ce mercredi 28 mai 2025, quatre hommes comparaissent devant la <strong>14\u1d49 chambre du tribunal correctionnel<\/strong> de <a href=\"https:\/\/actu.fr\/paris\/\" target=\"_blank\" rel=\"noopener\">Paris<\/a>. Le quatuor est poursuivi pour des violences et un vol commis sur des militants d\u2019extr\u00eame droite. Les faits ont \u00e9t\u00e9 commis le 16 avril 2019, la nuit de <a href=\"https:\/\/actu.fr\/ile-de-france\/paris_75056\/notre-dame-de-paris-cinq-ans-apres-l-incendie-ravageur-les-dix-chiffres-a-retenir-de-sa-resurrection_60943264.html\" target=\"_blank\" rel=\"noopener\">l\u2019incendie de Notre-Dame<\/a>. Deux d\u2019entre eux ont \u00e9t\u00e9 condamn\u00e9s. Les autres ont \u00e9t\u00e9 relax\u00e9s.\u00a0<\/p>\n<p>Retour \u00e0 l\u2019incendie de Notre-Dame<\/p>\n<p class=\" wall-content\">M\u00eame si sa voix est sans \u00e9motion lors de la lecture des faits, le juge replonge malgr\u00e9 lui la salle dans cette nuit terrible du 16 avril 2019.\u00a0 Vers 2h30, alors que le brasier gronde toujours en haut de la cath\u00e9drale mill\u00e9naire, les policiers <a href=\"https:\/\/actu.fr\/ile-de-france\/paris_75056\/affrontements-meurtres-prevention-les-rixes-entre-bandes-a-paris-et-en-banlieue-sont-elles-en-hausse_62019429.html\" target=\"_blank\" rel=\"noopener\">sont appel\u00e9s pour une rixe<\/a> survenue sur le cossu boulevard Saint-Germain. Les protagonistes auraient pris la tangente le long du boulevard Raspail. Un \u00e9quipage de police se rend sur place. Rien. Ils poursuivent sur le lieu de la fuite. Au croisement de la rue d\u2019Assas, ils tombent <strong>sur sept hommes et une femme<\/strong>. Ils semblent correspondre au signalement. \u00c0 c\u00f4t\u00e9 d\u2019eux, sur le sol, une basket Adidas de couleur bleue.\u00a0<\/p>\n<p class=\" wall-content\">Les agents proc\u00e8dent au contr\u00f4le du groupe. Certains ont des traces de sang sur leurs v\u00eatements. Une patrouille de la <strong>brigade de s\u00fbret\u00e9 ferroviaire<\/strong> survient alors. Ils ont pris en charge un jeune homme bien amoch\u00e9, rou\u00e9 de coups avec un ami sur le boulevard Saint-Germain. La victime, qui accompagne les policiers, s\u2019est fait voler sa veste, son portefeuille, son Ipod et ses chaussures. Il s\u2019agit de baskets Adidas de couleur bleue. Le jeune homme d\u00e9signe le groupe comme responsable. Tout le monde est interpell\u00e9.\u00a0<\/p>\n<p>Une longue instruction<\/p>\n<p class=\" wall-content\">Le pass\u00e9 \u00e0 tabac, hospitalis\u00e9 avec <strong>10 jours d\u2019incapacit\u00e9 totale de travail<\/strong>, est interrog\u00e9. Il explique faire partie <a href=\"https:\/\/actu.fr\/ile-de-france\/paris_75056\/des-anciens-de-generation-identitaire-creent-un-nouveau-groupe-d-extreme-droite-a-paris_46640974.html\" target=\"_blank\" rel=\"noopener\">de la mouvance identitaire<\/a>. Avec un groupe de compagnons politiques, ils revenaient de l\u2019incendie lorsqu\u2019une bande, qu\u2019il identifie comme des <strong>antifascistes<\/strong>, les ont pris en chasse. Lui et son ami\u00a0 \u00ab\u00a0H\u00a0\u00bb ont \u00e9t\u00e9 rattrap\u00e9s et frapp\u00e9s au sol \u00e0 coups de pied et de gants coqu\u00e9s.\u00a0<\/p>\n<p class=\" wall-content\">Les investigations d\u00e9marrent et les enqu\u00eateurs exploitent la <strong>vid\u00e9osurveillance<\/strong>. Ils identifient quatre hommes via leurs tenues vestimentaires. Ils sont mis en examen. La longue information judiciaire se termine en 2023. Faute d\u2019audiencement, ce n\u2019est que ce mercredi que les pr\u00e9venus peuvent enfin compara\u00eetre devant le tribunal correctionnel. \u00ab\u00a0On a eu le temps de reconstruire Notre-Dame pendant l\u2019instruction de ce dossier\u201d, reconna\u00eet le juge rapporteur. Quelques rires fusent dans la salle.\u00a0<\/p>\n<p>\u00ab\u00a0J\u2019esp\u00e8re laisser cette histoire derri\u00e8re moi\u00a0\u00bb<\/p>\n<p class=\" wall-content\">Sur les quatre mis en cause, deux reconnaissent leur participation. L\u2019un a port\u00e9 un coup de pied sur la premi\u00e8re victime au sol et vol\u00e9 la veste de la seconde. \u00ab\u00a0Ce jour-l\u00e0, on \u00e9tait sur les quais de Seine pour voir l\u2019incendie avec mes camarades <a href=\"https:\/\/actu.fr\/ile-de-france\/nanterre_92050\/un-professeur-de-l-universite-paris-nanterre-mis-en-examen-pour-viol-agression-sexuelle-et-harcelement-sexuel_62682434.html\" target=\"_blank\" rel=\"noopener\">de la fac de Nanterre<\/a>. On a entendu la rumeur d\u2019une agression commise par des groupuscules d\u2019extr\u00eame-droite. On est tomb\u00e9s nez-\u00e0-nez avec le groupe. Il y a eu une altercation\u00a0\u00bb, d\u00e9taille le pr\u00e9venu. \u00ab\u00a0Ils ont prof\u00e9r\u00e9 des <a href=\"https:\/\/actu.fr\/tag\/antisemitisme\" target=\"_blank\" rel=\"noopener\">insultes antis\u00e9mites<\/a> et racistes\u00a0\u00bb, ajoute le deuxi\u00e8me mis en cause. \u00ab\u00a0La finalit\u00e9, c\u2019est que j\u2019ai frapp\u00e9 un homme \u00e0 terre\u00a0\u00bb, se repent l\u2019auteur du coup de pied. La victime, qui ne s\u2019est pas constitu\u00e9e partie civile, n\u2019est pas pr\u00e9sente \u00e0 l\u2019audience.\u00a0<\/p>\n<p class=\" wall-content\">Une chose est s\u00fbre, le temps a pass\u00e9. Les jeunes \u00e9tudiants sont devenus de jeunes adultes. L\u2019un est avocat, l\u2019autre entrepreneur dans le b\u00e2timent. \u00ab\u00a0Depuis 2019, j\u2019ai \u00e9crit un nouveau chapitre de ma vie. J\u2019esp\u00e8re laisser cette histoire derri\u00e8re-moi aujourd\u2019hui\u00a0\u00bb, confie \u00e0 la barre l\u2019un des pr\u00e9venus. Tous ont un <strong>casier judiciaire vierge<\/strong> et souhaiteraient qu\u2019il le reste, pour le bien de leur avenir professionnel.\u00a0<\/p>\n<p>Deux condamnations\u00a0<\/p>\n<p class=\" wall-content\">Ce sont aussi ces nombreux tours d\u2019aiguille qui all\u00e8gent les r\u00e9quisitions du parquet. \u00ab\u00a0Il s\u2019agit d\u2019un fait unique dans la vie de personnes qui ont d\u00e9sormais une vie honn\u00eate. Je ne vais pas les faire passer pour pire qu\u2019ils ne sont\u00a0\u00bb, reconna\u00eet le magistrat. D\u00e9non\u00e7ant une sc\u00e8ne \u00ab\u00a0brutale\u00a0\u00bb, il demande <strong>huit mois de prison avec sursis<\/strong> contre les deux \u00e9tudiants qui reconnaissent les faits. Dix pour ceux qui r\u00e9futent. Le procureur ne demande pas de mention sur le casier judiciaire.\u00a0<\/p>\n<p class=\" wall-content\">\u00c0 la d\u00e9fense, on met en avant le parcours irr\u00e9prochable de ces quatre jeunes hommes et on pointe du doigt une enqu\u00eate malmen\u00e9e. L\u2019identification des deux pr\u00e9venus contestataires est remise en question par les deux conseils, qui plaident la relaxe.\u00a0Finalement, le tribunal est \u00e0 la fois plus dur et plus souple. Il condamne les deux pr\u00e9venus qui ont reconnu les faits \u00e0 <strong>10 mois de prison avec sursis.<\/strong> Les deux autres sont relax\u00e9s. Il n\u2019y aura pas d\u2019inscription sur le casier judiciaire. Dans la salle, on soupire de soulagement.\u00a0<\/p>\n<p class=\" wall-content\">Suivez toute l\u2019actualit\u00e9 de vos villes et m\u00e9dias favoris en vous inscrivant \u00e0 <a href=\"https:\/\/moncompte.actu.fr\" title=\"D\u00e9couvez Mon Actu\" rel=\"nofollow noopener\" data-trk=\"{&quot;cta&quot;:{&quot;action&quot;:&quot;https:\\\/\\\/moncompte.actu.fr&quot;,&quot;category&quot;:&quot;mon compte&quot;,&quot;from&quot;:&quot;article footer&quot;,&quot;name&quot;:&quot;Mon actu&quot;,&quot;type&quot;:&quot;cta&quot;}}\" target=\"_blank\">Mon Actu<\/a>.<\/p>\n","protected":false},"excerpt":{"rendered":"Par Antoine Blanchet Publi\u00e9 le 28 mai 2025 \u00e0 18h44 Quand rendre justice est plus long que reconstruire&hellip;\n","protected":false},"author":2,"featured_media":135255,"comment_status":"","ping_status":"","sticky":false,"template":"","format":"standard","meta":{"footnotes":""},"categories":[1888],"tags":[11,1777,674,118,1011,27,303,12,626,2694,25],"class_list":{"0":"post-135254","1":"post","2":"type-post","3":"status-publish","4":"format-standard","5":"has-post-thumbnail","7":"category-paris","8":"tag-actualites","9":"tag-eu","10":"tag-europe","11":"tag-faits-divers","12":"tag-fr","13":"tag-france","14":"tag-justice","15":"tag-news","16":"tag-paris","17":"tag-proces","18":"tag-republique-francaise"},"share_on_mastodon":{"url":"https:\/\/pubeurope.com\/@fr\/114587538810585601","error":""},"_links":{"self":[{"href":"https:\/\/www.europesays.com\/fr\/wp-json\/wp\/v2\/posts\/135254","targetHints":{"allow":["GET"]}}],"collection":[{"href":"https:\/\/www.europesays.com\/fr\/wp-json\/wp\/v2\/posts"}],"about":[{"href":"https:\/\/www.europesays.com\/fr\/wp-json\/wp\/v2\/types\/post"}],"author":[{"embeddable":true,"href":"https:\/\/www.europesays.com\/fr\/wp-json\/wp\/v2\/users\/2"}],"replies":[{"embeddable":true,"href":"https:\/\/www.europesays.com\/fr\/wp-json\/wp\/v2\/comments?post=135254"}],"version-history":[{"count":0,"href":"https:\/\/www.europesays.com\/fr\/wp-json\/wp\/v2\/posts\/135254\/revisions"}],"wp:featuredmedia":[{"embeddable":true,"href":"https:\/\/www.europesays.com\/fr\/wp-json\/wp\/v2\/media\/135255"}],"wp:attachment":[{"href":"https:\/\/www.europesays.com\/fr\/wp-json\/wp\/v2\/media?parent=135254"}],"wp:term":[{"taxonomy":"category","embeddable":true,"href":"https:\/\/www.europesays.com\/fr\/wp-json\/wp\/v2\/categories?post=135254"},{"taxonomy":"post_tag","embeddable":true,"href":"https:\/\/www.europesays.com\/fr\/wp-json\/wp\/v2\/tags?post=135254"}],"curies":[{"name":"wp","href":"https:\/\/api.w.org\/{rel}","templated":true}]}}