{"id":135264,"date":"2025-05-28T21:21:10","date_gmt":"2025-05-28T21:21:10","guid":{"rendered":"https:\/\/www.europesays.com\/fr\/135264\/"},"modified":"2025-05-28T21:21:10","modified_gmt":"2025-05-28T21:21:10","slug":"royaume-uni-linfluenceur-masculiniste-andrew-tate-et-son-frere-inculpes-de-viol-et-trafic-detres-humains","status":"publish","type":"post","link":"https:\/\/www.europesays.com\/fr\/135264\/","title":{"rendered":"Royaume-Uni : l&rsquo;influenceur masculiniste Andrew Tate et son fr\u00e8re inculp\u00e9s de viol et trafic d&rsquo;\u00eatres humains"},"content":{"rendered":"<p>Les fr\u00e8res Tate ont \u00e9t\u00e9 inculp\u00e9s en janvier 2024 pour viol, trafic d&rsquo;\u00eatre humains et coups et blessures au Royaume-Uni, a annonc\u00e9 ce mercredi le bureau du procureur.Andrew Tate fait face \u00e0 10 chefs d&rsquo;inculpation pour des faits concernant trois victimes pr\u00e9sum\u00e9es.Tristan Tate, son fr\u00e8re, fait face \u00e0 11 chefs d&rsquo;inculpation pour des faits concernant une victime pr\u00e9sum\u00e9e.<\/p>\n<p data-module=\"article-paragraph\" class=\"jsx-362436225 Paragraph\">Ce sont deux hommes sous le coup d&rsquo;un mandat international \u00e9mis par le Royaume-Uni. L&rsquo;influenceur masculiniste britannico-am\u00e9ricain <a href=\"https:\/\/www.tf1info.fr\/international\/andrew-tate-influenceur-britannique-et-masculiniste-autorise-a-voyager-dans-l-ue-malgre-des-poursuites-roumanie-2307309.html\" target=\"_blank\" rel=\"noopener\">Andrew Tate<\/a> et son fr\u00e8re Tristan ont \u00e9t\u00e9 inculp\u00e9s en janvier 2024 pour viol, trafic d&rsquo;\u00eatre humains et coups et blessures au Royaume-Uni, a annonc\u00e9 ce mercredi le bureau du procureur (CPS).<\/p>\n<p data-module=\"article-paragraph\" class=\"jsx-362436225 Paragraph Paragraph__End\">Dix chefs d&rsquo;inculpation ont \u00e9t\u00e9 retenus \u00e0 l&rsquo;encontre d&rsquo;Andrew Tate, 38 ans, y compris celui de \u00ab\u00a0prox\u00e9n\u00e9tisme\u00a0\u00bb, pour des faits concernant trois victimes pr\u00e9sum\u00e9es. Son fr\u00e8re Tristan Tate, 36 ans, fait face \u00e0 onze chefs d&rsquo;inculpation pour des faits concernant une victime pr\u00e9sum\u00e9e. Les deux hommes nient les faits.\u00a0<\/p>\n<p data-module=\"article-paragraph\" class=\"jsx-362436225 Paragraph Paragraph__End\">\u00ab\u00a0Le gouvernement britannique accuse les &lsquo;innocents&rsquo; tandis que les meurtriers, les dangereux migrants et les dirigeants corrompus circulent librement\u00a0\u00bb, a r\u00e9agi <a href=\"https:\/\/www.tf1info.fr\/international\/andrew-tate-poursuivi-pour-viol-par-son-ex-compagne-brianna-stern-il-me-disait-que-j-etais-sa-propriete-2362283.html\" target=\"_blank\" rel=\"noopener\">Andrew Tate <\/a>sur ce qu&rsquo;il pr\u00e9sente comme son compte \u00ab\u00a0politique\u00a0\u00bb sur le r\u00e9seau social X. N\u00e9 aux \u00c9tats-Unis d&rsquo;un p\u00e8re am\u00e9ricain et d&rsquo;une m\u00e8re britannique, cet ancien combattant professionnel de kickboxing a \u00e9t\u00e9 banni d&rsquo;Instagram et TikTok pour des propos misogynes. Il est suivi par plus de 10 millions de personnes sur le r\u00e9seau social X, o\u00f9 il s&rsquo;exhibe, muscles saillants, o\u00f9 il fume des cigares et s&rsquo;affiche avec ses voitures de luxe. Il y promeut <a href=\"https:\/\/www.tf1info.fr\/societe\/tu-dois-la-punir-lorsqu-elle-te-manque-de-respect-pourquoi-les-discours-masculinistes-sont-en-vogue-sur-les-reseaux-sociaux-2357869.html\" target=\"_blank\" rel=\"noopener\">des th\u00e8ses masculinistes <\/a>et monnaie ses conseils aux hommes pour les aider \u00e0 devenir riches.<\/p>\n<p>Les fr\u00e8res Tate poursuivis en Roumanie<\/p>\n<p data-module=\"article-paragraph\" class=\"jsx-362436225 Paragraph Paragraph__End\">Dans son communiqu\u00e9, le bureau du procureur souligne \u00e9galement que l&rsquo;extradition des deux fr\u00e8res Tate ne pourra se faire qu&rsquo;une fois que les affaires p\u00e9nales, en cours en Roumanie, seront \u00ab\u00a0r\u00e9gl\u00e9es\u00a0\u00bb. Andrew et Tristan Tate <a href=\"https:\/\/www.tf1info.fr\/international\/roumanie-l-influenceur-andrew-tate-et-son-frere-inculpes-pour-trafic-d-etres-humains-et-viols-2261077.html\" target=\"_blank\" rel=\"noopener\">sont poursuivis en Roumanie <\/a>pour traite d&rsquo;\u00eatres humains et viol. Ils sont accus\u00e9s d&rsquo;avoir dup\u00e9 plusieurs femmes \u00e0 des fins d&rsquo;exploitation sexuelle, y compris des mineures. Fin f\u00e9vrier, <a href=\"https:\/\/www.tf1info.fr\/international\/poursuivi-pour-traite-d-etre-humain-et-viol-en-roumanie-l-influenceur-masculiniste-andrew-tate-en-route-pour-les-etats-unis-2356495.html\" target=\"_blank\" rel=\"noopener\">ils ont quitt\u00e9 le pays pour les \u00c9tats-Unis<\/a>, avant de se rendre \u00e0 Duba\u00ef, aux \u00c9mirats arabes unis, en avril. Les deux fr\u00e8res reviennent r\u00e9guli\u00e8rement en Roumanie o\u00f9 ils doivent se plier aux obligations de leur contr\u00f4le judiciaire.\u00a0<\/p>\n<ul class=\"jsx-3657663356 ReadMoreArticle__List flex flex-column\">\n<li class=\"jsx-3657663356\"><a href=\"https:\/\/www.tf1info.fr\/justice-faits-divers\/comment-influenceur-andrew-tate-a-ete-arrete-en-partie-grace-a-greta-thunberg-et-a-des-boites-de-pizza-2243440.html\" rel=\"noopener\" class=\"jsx-4233824444 Link flex\" target=\"_blank\"><img decoding=\"async\" src=\"https:\/\/www.europesays.com\/fr\/wp-content\/uploads\/2025\/05\/greta-thunberg-nobel-95efbe-0@1x.jpeg\" alt=\"Lire aussi\" loading=\"lazy\" importance=\"low\" fetchpriority=\"low\" class=\"\"\/>\n<p class=\"jsx-3657663356 ReadMoreArticle__Title\">Lire aussi<\/p>\n<p class=\"jsx-3657663356\">Comment Andrew Tate a \u00e9t\u00e9 arr\u00eat\u00e9, en partie gr\u00e2ce \u00e0 Greta Thunberg et \u00e0 des boites de pizza<\/p>\n<p><\/a><\/li>\n<\/ul>\n<p data-module=\"article-paragraph\" class=\"jsx-362436225 Paragraph Paragraph__End\">Par ailleurs, les autorit\u00e9s p\u00e9nales de Floride ont engag\u00e9 une enqu\u00eate p\u00e9nale \u00e0 leur encontre, disant avoir \u00ab\u00a0une tol\u00e9rance z\u00e9ro pour l&rsquo;exploitation d&rsquo;\u00eatres humains et la violence contre les femmes\u00a0\u00bb.<\/p>\n<p>J.C avec AFP<\/p>\n","protected":false},"excerpt":{"rendered":"Les fr\u00e8res Tate ont \u00e9t\u00e9 inculp\u00e9s en janvier 2024 pour viol, trafic d&rsquo;\u00eatre humains et coups et blessures&hellip;\n","protected":false},"author":2,"featured_media":135265,"comment_status":"","ping_status":"","sticky":false,"template":"","format":"standard","meta":{"footnotes":""},"categories":[1588],"tags":[1111,11,1921,1777,674,2480,1922,303,12,4868,473,1853,1851,1850,1852,133,1920],"class_list":{"0":"post-135264","1":"post","2":"type-post","3":"status-publish","4":"format-standard","5":"has-post-thumbnail","7":"category-royaume-uni","8":"tag-actu","9":"tag-actualites","10":"tag-article-video","11":"tag-eu","12":"tag-europe","13":"tag-influenceurs","14":"tag-info","15":"tag-justice","16":"tag-news","17":"tag-roumanie","18":"tag-royaume-uni","19":"tag-royaume-uni-de-grande-bretagne-et-dirlande-du-nord","20":"tag-uk","21":"tag-united-kingdom","22":"tag-united-kingdom-of-great-britain-and-northern-ireland","23":"tag-video","24":"tag-video-international"},"share_on_mastodon":{"url":"https:\/\/pubeurope.com\/@fr\/114587558503842563","error":""},"_links":{"self":[{"href":"https:\/\/www.europesays.com\/fr\/wp-json\/wp\/v2\/posts\/135264","targetHints":{"allow":["GET"]}}],"collection":[{"href":"https:\/\/www.europesays.com\/fr\/wp-json\/wp\/v2\/posts"}],"about":[{"href":"https:\/\/www.europesays.com\/fr\/wp-json\/wp\/v2\/types\/post"}],"author":[{"embeddable":true,"href":"https:\/\/www.europesays.com\/fr\/wp-json\/wp\/v2\/users\/2"}],"replies":[{"embeddable":true,"href":"https:\/\/www.europesays.com\/fr\/wp-json\/wp\/v2\/comments?post=135264"}],"version-history":[{"count":0,"href":"https:\/\/www.europesays.com\/fr\/wp-json\/wp\/v2\/posts\/135264\/revisions"}],"wp:featuredmedia":[{"embeddable":true,"href":"https:\/\/www.europesays.com\/fr\/wp-json\/wp\/v2\/media\/135265"}],"wp:attachment":[{"href":"https:\/\/www.europesays.com\/fr\/wp-json\/wp\/v2\/media?parent=135264"}],"wp:term":[{"taxonomy":"category","embeddable":true,"href":"https:\/\/www.europesays.com\/fr\/wp-json\/wp\/v2\/categories?post=135264"},{"taxonomy":"post_tag","embeddable":true,"href":"https:\/\/www.europesays.com\/fr\/wp-json\/wp\/v2\/tags?post=135264"}],"curies":[{"name":"wp","href":"https:\/\/api.w.org\/{rel}","templated":true}]}}