{"id":135266,"date":"2025-05-28T21:22:09","date_gmt":"2025-05-28T21:22:09","guid":{"rendered":"https:\/\/www.europesays.com\/fr\/135266\/"},"modified":"2025-05-28T21:22:09","modified_gmt":"2025-05-28T21:22:09","slug":"lallemagne-decroche-un-titre-historique-en-duo-mixte-les-bleus-finissent-4e","status":"publish","type":"post","link":"https:\/\/www.europesays.com\/fr\/135266\/","title":{"rendered":"l&rsquo;Allemagne d\u00e9croche un titre historique en duo mixte, les Bleus finissent 4e"},"content":{"rendered":"<p>Le duo tricolore compos\u00e9 de Morgane Osyssek et Anthony Mansard s\u2019est inclin\u00e9 face \u00e0 l\u2019Italie pour la m\u00e9daille de bronze.<\/p>\n<p class=\"fig-paragraph\">Les Allemands sont devenus devant leur public les premiers champions d&rsquo;Europe par \u00e9quipes mixtes de l&rsquo;histoire\u00a0<a href=\"http:\/\/www.lefigaro.fr\/sports\/autres-sports\/gymnastique-la-france-cinquieme-des-championnat-d-europe-chez-les-hommes-20250527\" target=\"_blank\" data-fig-type=\"NewsFlash\" rel=\"noopener\" data-gtm-custom-categorie=\"navigation\" data-gtm-custom-action=\"crossclick\" data-gtm-custom-label=\"Contextuel\" data-gtm-event=\"customEventSPE\" data-fig-domain=\"LEFIGARO\">en gymnastique artistique<\/a>, mercredi \u00e0 Leipzig, o\u00f9 les Fran\u00e7ais ont pris la quatri\u00e8me place. Timo Eder et Karina Sch\u00f6nmaier, 19 ans tous les deux, \u00e9taient associ\u00e9s pour le pays h\u00f4te. Ils ont devanc\u00e9 les Britanniques et l&rsquo;\u00e9quipe italienne, port\u00e9e par la quadruple championne d&rsquo;Europe en titre Manila Esposito.<\/p>\n<p class=\"fig-paragraph\">Pour la premi\u00e8re fois, une \u00e9preuve mixte figurait au programme des Championnats d&rsquo;Europe, en pr\u00e9paration de l&rsquo;entr\u00e9e de l&rsquo;\u00e9preuve aux Jeux de Los Angeles. Chaque \u00e9quipe \u00e9tait compos\u00e9e d&rsquo;un homme et d&rsquo;une femme, les femmes concourant au saut, \u00e0 la poutre et au sol, les hommes au sol, aux barres parall\u00e8les et \u00e0 la barre fixe.<\/p>\n<p class=\"fig-paragraph\">Sur les seize bin\u00f4mes en lice lors de la premi\u00e8re manche, les huit meilleurs se sont hiss\u00e9s en demi-finale. Au terme de cette seconde phase, les deux meilleures nations se sont disput\u00e9es la m\u00e9daille d&rsquo;or, pendant que les 3e et 4e concouraient pour le bronze. En finale, l&rsquo;Allemagne s&rsquo;est offert l&rsquo;or avec un score de 25,566 points contre 25,466 points pour les Britanniques.<\/p>\n<p class=\"fig-paragraph\">Pour la France, Morgane Osyssek et Anthony Mansard, les deux meilleurs tricolores \u00e0 l&rsquo;issue des qualifications, se sont inclin\u00e9s dans la finale pour le bronze face \u00e0 l&rsquo;Italie.<\/p>\n<p class=\"fig-paragraph\">Jeudi la comp\u00e9tition se poursuit avec les deux \u00e9preuves du concours g\u00e9n\u00e9ral. La France sera repr\u00e9sent\u00e9e par Morgane Osyssek et Lorette Charpy chez les femmes, Anthony Mansard et L\u00e9o Saladino chez les hommes.<\/p>\n<p class=\"fig-paragraph\"><strong>R\u00e9sultats de l&rsquo;\u00e9preuve par \u00e9quipes mixtes des Championnats d&rsquo;Europe 2025:<\/strong><\/p>\n<p class=\"fig-paragraph\">1. Allemagne (Timo Eder, Karina Sch\u00f6nmaier)<\/p>\n<p class=\"fig-paragraph\">2. Grande-Bretagne (Jake Jarman, Ruby Evans)<\/p>\n<p class=\"fig-paragraph\">3. Italie (Lorenzo Minh Casali, Manila Esposito)<\/p>\n<p class=\"fig-paragraph\">4. France (Anthony Mansard, Morgane Osyssek)<\/p>\n","protected":false},"excerpt":{"rendered":"Le duo tricolore compos\u00e9 de Morgane Osyssek et Anthony Mansard s\u2019est inclin\u00e9 face \u00e0 l\u2019Italie pour la m\u00e9daille&hellip;\n","protected":false},"author":2,"featured_media":135267,"comment_status":"","ping_status":"","sticky":false,"template":"","format":"standard","meta":{"footnotes":""},"categories":[1587],"tags":[2466,2465,2464,11,672,1977,1804,1981,451,207,1805,1803,1777,2468,674,63,1454,1801,15465,66,447,2467,1457,2182,12,1802,1980,479,2259,1467],"class_list":{"0":"post-135266","1":"post","2":"type-post","3":"status-publish","4":"format-standard","5":"has-post-thumbnail","7":"category-allemagne","8":"tag-2466","9":"tag-actu-sport","10":"tag-actualite-sportive","11":"tag-actualites","12":"tag-allemagne","13":"tag-auto","14":"tag-bundesrepublik-deutschland","15":"tag-classement","16":"tag-coupe-du-monde","17":"tag-cyclisme","18":"tag-de","19":"tag-deutschland","20":"tag-eu","21":"tag-euro-foot","22":"tag-europe","23":"tag-football","24":"tag-formule-1","25":"tag-germany","26":"tag-gymnastique","27":"tag-ligue-1","28":"tag-ligue-des-champions","29":"tag-live-sport","30":"tag-moto","31":"tag-nba","32":"tag-news","33":"tag-republique-federale-dallemagne","34":"tag-resultats","35":"tag-rugby","36":"tag-score","37":"tag-tennis"},"share_on_mastodon":{"url":"https:\/\/pubeurope.com\/@fr\/114587562417020580","error":""},"_links":{"self":[{"href":"https:\/\/www.europesays.com\/fr\/wp-json\/wp\/v2\/posts\/135266","targetHints":{"allow":["GET"]}}],"collection":[{"href":"https:\/\/www.europesays.com\/fr\/wp-json\/wp\/v2\/posts"}],"about":[{"href":"https:\/\/www.europesays.com\/fr\/wp-json\/wp\/v2\/types\/post"}],"author":[{"embeddable":true,"href":"https:\/\/www.europesays.com\/fr\/wp-json\/wp\/v2\/users\/2"}],"replies":[{"embeddable":true,"href":"https:\/\/www.europesays.com\/fr\/wp-json\/wp\/v2\/comments?post=135266"}],"version-history":[{"count":0,"href":"https:\/\/www.europesays.com\/fr\/wp-json\/wp\/v2\/posts\/135266\/revisions"}],"wp:featuredmedia":[{"embeddable":true,"href":"https:\/\/www.europesays.com\/fr\/wp-json\/wp\/v2\/media\/135267"}],"wp:attachment":[{"href":"https:\/\/www.europesays.com\/fr\/wp-json\/wp\/v2\/media?parent=135266"}],"wp:term":[{"taxonomy":"category","embeddable":true,"href":"https:\/\/www.europesays.com\/fr\/wp-json\/wp\/v2\/categories?post=135266"},{"taxonomy":"post_tag","embeddable":true,"href":"https:\/\/www.europesays.com\/fr\/wp-json\/wp\/v2\/tags?post=135266"}],"curies":[{"name":"wp","href":"https:\/\/api.w.org\/{rel}","templated":true}]}}