{"id":135284,"date":"2025-05-28T21:34:09","date_gmt":"2025-05-28T21:34:09","guid":{"rendered":"https:\/\/www.europesays.com\/fr\/135284\/"},"modified":"2025-05-28T21:34:09","modified_gmt":"2025-05-28T21:34:09","slug":"les-bleus-champions-olympiques-reussissent-leur-rentree-avec-un-groupe-rajeuni","status":"publish","type":"post","link":"https:\/\/www.europesays.com\/fr\/135284\/","title":{"rendered":"les Bleus, champions olympiques, r\u00e9ussissent leur rentr\u00e9e avec un groupe rajeuni"},"content":{"rendered":"<p>Avec seulement deux m\u00e9daill\u00e9s de Paris 2024 sur le terrain, l\u2019\u00e9quipe de France masculine a domin\u00e9 la R\u00e9publique tch\u00e8que en match amical, ce mercredi \u00e0 Tours.<\/p>\n<p class=\"fig-paragraph\">Retour r\u00e9ussi.<a href=\"http:\/\/www.lefigaro.fr\/sports\/jeux-olympiques\/jo-volley-fierte-d-etre-francais-hommage-au-public-bande-de-freres-les-reactions-des-bleus-apres-la-deuxieme-medaille-d-or-20240810\" target=\"_blank\" data-fig-type=\"NewsFlash\" rel=\"noopener\" data-gtm-custom-categorie=\"navigation\" data-gtm-custom-action=\"crossclick\" data-gtm-custom-label=\"Contextuel\" data-gtm-event=\"customEventSPE\" data-fig-domain=\"LEFIGARO\">\u00a0L&rsquo;\u00e9quipe de France de volley<\/a>, tr\u00e8s rajeunie en l&rsquo;absence de la plupart des doubles champions olympiques, a facilement domin\u00e9 la R\u00e9publique tch\u00e8que (3-0: 25-18, 25-20, 25-23) mercredi en amical \u00e0 Tours pour son premier match de la saison.<\/p>\n<p class=\"fig-paragraph\">Seulement deux m\u00e9daill\u00e9s d&rsquo;or \u00e0 Paris ont jou\u00e9: Tr\u00e9vor Cl\u00e9venot, uniquement le premier set, et Th\u00e9o Faure, celui-ci et le suivant, suffisant cependant pour terminer meilleur marqueur fran\u00e7ais avec 12 points. Quentin Jouffroy ne figurait lui pas sur la feuille de match \u00e0 l&rsquo;inverse de nombreux petits nouveaux, qui ont profit\u00e9 de ce galop d&rsquo;essai face \u00e0 une \u00e9quipe de second rang mondial pour briller.<\/p>\n<p class=\"fig-paragraph\">Ainsi le r\u00e9ceptionneur-attaquant Mathis Henno (11 pts dont 2 aces), auteur notamment d&rsquo;une s\u00e9rie d\u00e9cisive au service en fin de deuxi\u00e8me set, le pointu Nathan Feral, qui a fait admirer sa qualit\u00e9 de mise en jeu (5 pts), ou le r\u00e9ceptionneur-attaquant Noa Duflos Rossi (17 ans), lib\u00e9r\u00e9 dans la troisi\u00e8me manche o\u00f9 il a inscrit ses sept points, dont l&rsquo;ace de la victoire.<\/p>\n<p class=\"fig-paragraph\">Les Bleus ont \u00e9galement remport\u00e9 (25-22) le quatri\u00e8me set bonus disput\u00e9. Ils d\u00e9buteront la Ligue des nations, dont ils sont tenants du titre, le 11 juin contre l&rsquo;Argentine \u00e0 Qu\u00e9bec.<\/p>\n","protected":false},"excerpt":{"rendered":"Avec seulement deux m\u00e9daill\u00e9s de Paris 2024 sur le terrain, l\u2019\u00e9quipe de France masculine a domin\u00e9 la R\u00e9publique&hellip;\n","protected":false},"author":2,"featured_media":135285,"comment_status":"","ping_status":"","sticky":false,"template":"","format":"standard","meta":{"footnotes":""},"categories":[1412],"tags":[2466,2465,2464,1977,1981,451,207,64,2468,1451,63,1452,1453,1454,1455,1011,27,66,447,2467,1457,2182,1980,479,2259,60,1467],"class_list":{"0":"post-135284","1":"post","2":"type-post","3":"status-publish","4":"format-standard","5":"has-post-thumbnail","7":"category-f1","8":"tag-2466","9":"tag-actu-sport","10":"tag-actualite-sportive","11":"tag-auto","12":"tag-classement","13":"tag-coupe-du-monde","14":"tag-cyclisme","15":"tag-equipe-de-france","16":"tag-euro-foot","17":"tag-f1","18":"tag-football","19":"tag-formula-1","20":"tag-formula1","21":"tag-formule-1","22":"tag-formule1","23":"tag-fr","24":"tag-france","25":"tag-ligue-1","26":"tag-ligue-des-champions","27":"tag-live-sport","28":"tag-moto","29":"tag-nba","30":"tag-resultats","31":"tag-rugby","32":"tag-score","33":"tag-sports","34":"tag-tennis"},"share_on_mastodon":{"url":"https:\/\/pubeurope.com\/@fr\/114587609566450652","error":""},"_links":{"self":[{"href":"https:\/\/www.europesays.com\/fr\/wp-json\/wp\/v2\/posts\/135284","targetHints":{"allow":["GET"]}}],"collection":[{"href":"https:\/\/www.europesays.com\/fr\/wp-json\/wp\/v2\/posts"}],"about":[{"href":"https:\/\/www.europesays.com\/fr\/wp-json\/wp\/v2\/types\/post"}],"author":[{"embeddable":true,"href":"https:\/\/www.europesays.com\/fr\/wp-json\/wp\/v2\/users\/2"}],"replies":[{"embeddable":true,"href":"https:\/\/www.europesays.com\/fr\/wp-json\/wp\/v2\/comments?post=135284"}],"version-history":[{"count":0,"href":"https:\/\/www.europesays.com\/fr\/wp-json\/wp\/v2\/posts\/135284\/revisions"}],"wp:featuredmedia":[{"embeddable":true,"href":"https:\/\/www.europesays.com\/fr\/wp-json\/wp\/v2\/media\/135285"}],"wp:attachment":[{"href":"https:\/\/www.europesays.com\/fr\/wp-json\/wp\/v2\/media?parent=135284"}],"wp:term":[{"taxonomy":"category","embeddable":true,"href":"https:\/\/www.europesays.com\/fr\/wp-json\/wp\/v2\/categories?post=135284"},{"taxonomy":"post_tag","embeddable":true,"href":"https:\/\/www.europesays.com\/fr\/wp-json\/wp\/v2\/tags?post=135284"}],"curies":[{"name":"wp","href":"https:\/\/api.w.org\/{rel}","templated":true}]}}