{"id":135288,"date":"2025-05-28T21:36:08","date_gmt":"2025-05-28T21:36:08","guid":{"rendered":"https:\/\/www.europesays.com\/fr\/135288\/"},"modified":"2025-05-28T21:36:08","modified_gmt":"2025-05-28T21:36:08","slug":"quand-rayan-cherki-classe-les-legendes-du","status":"publish","type":"post","link":"https:\/\/www.europesays.com\/fr\/135288\/","title":{"rendered":"Quand Rayan Cherki classe les l\u00e9gendes du &#8230;"},"content":{"rendered":"<p><img width=\"780\" height=\"470\" src=\"https:\/\/www.europesays.com\/fr\/wp-content\/uploads\/2025\/05\/PAYSAGE-780x470.jpg\" class=\"attachment-jannah-image-post size-jannah-image-post wp-post-image\" alt=\"Rayan Cherki\" is_main_img=\"1\" decoding=\"async\" fetchpriority=\"high\"\/><\/p>\n<p>Apr\u00e8s cinq saisons en <strong>Ligue 1<\/strong>,<br \/>\n<strong>Rayan Cherki<\/strong> a eu le temps d\u2019observer de pr\u00e8s ou<br \/>\nde loin diff\u00e9rentes l\u00e9gendes du championnat de France. Ainsi, le<br \/>\njoueur de l\u2019<strong>OL<\/strong> s\u2019est pr\u00eat\u00e9 au jeu du<br \/>\nclassement.<\/p>\n<p>Le championnat de France et le <strong><a href=\"https:\/\/canal-supporters.com\/\" target=\"_blank\" rel=\"noopener\">PSG<\/a><\/strong>, ont vu passer de<br \/>\nnombreuses gloires du football \u00e0 travers leur histoire. Entre les<br \/>\nplus grands de tous les temps, les l\u00e9gendes, les grands et les bons<br \/>\njoueurs, <strong>Rayan Cherki<\/strong> s\u2019est pr\u00eat\u00e9 au jeu de la<br \/>\ntier-list pour les r\u00e9seaux sociaux de la <strong>Ligue 1<\/strong>.<br \/>\nAinsi, le joueur de l\u2019<strong>Olympique Lyonnais<\/strong> a plac\u00e9<br \/>\ntout en haut <strong>Zin\u00e9dine<\/strong> <strong>Zidane<\/strong>,<br \/>\n<strong>Lionel<\/strong> <strong>Messi<\/strong>,<br \/>\n<strong>Neymar<\/strong>, <strong>Zlatan Ibrahimomvic<\/strong> ou<br \/>\nencore \u2026 <strong>Alexandre<\/strong> <strong>Lacazette<\/strong> !<br \/>\nDans le rang suivant, <strong>Karim<\/strong><br \/>\n<strong>Benzema<\/strong>, <strong>Kylian Mbapp\u00e9<\/strong>,<br \/>\n<strong>Eden Hazard<\/strong> et <strong>Ousmane Demb\u00e9l\u00e9<\/strong><br \/>\nsont consid\u00e9r\u00e9s comme l\u00e9gendes de <strong>Ligue 1<\/strong> par<br \/>\n<strong>Rayan Cherki<\/strong>. Ce dernier a ensuite class\u00e9<br \/>\n<strong>Hatem Ben Arfa<\/strong> comme \u00e9tant un grand joueur du<br \/>\nchampionnat, puis \u2026 <strong>Pedro Miguel Pauleta<\/strong> comme un<br \/>\nbon joueur de <strong>Ligue 1<\/strong>. Et vous, quel aurait \u00e9t\u00e9<br \/>\nvotre classement ?<\/p>\n<blockquote class=\"twitter-tweet\" data-width=\"550\" data-dnt=\"true\">\n<p lang=\"fr\" dir=\"ltr\">Rayan Cherki \ud83c\uddeb\ud83c\uddf7 classe des joueurs pass\u00e9s par la Ligue 1 \u26bd\ufe0f<\/p>\n<p>Vous \u00eates d\u2019accord avec lui ?\ud83e\uddd0<\/p>\n<p>TikTok : Ligue1 <a href=\"https:\/\/t.co\/hzoYTqmJVU\">pic.twitter.com\/hzoYTqmJVU<\/a><\/p>\n<p>&mdash; La Minute Foot (@La_Minute_Foot) <a href=\"https:\/\/twitter.com\/La_Minute_Foot\/status\/1926981438571675916?ref_src=twsrc%5Etfw\" target=\"_blank\" rel=\"noopener\">May 26, 2025<\/a><\/p><\/blockquote>\n<p><script async src=\"https:\/\/platform.twitter.com\/widgets.js\" charset=\"utf-8\"><\/script><\/p>\n<p>X : <a href=\"https:\/\/x.com\/La_Minute_Foot\/status\/1926981438571675916\">@La_Minute_Foot<\/a><\/p>\n<p>YouTube : <a href=\"https:\/\/www.youtube.com\/watch?v=iN9W49JNZUI&amp;t=1s\" target=\"_blank\" rel=\"noopener\">Canal<br \/>\nSupporters Paris<\/a><\/p>\n<p><script async src=\"https:\/\/platform.twitter.com\/widgets.js\" charset=\"utf-8\"><\/script><\/p>\n","protected":false},"excerpt":{"rendered":"Apr\u00e8s cinq saisons en Ligue 1, Rayan Cherki a eu le temps d\u2019observer de pr\u00e8s ou de loin&hellip;\n","protected":false},"author":2,"featured_media":135289,"comment_status":"","ping_status":"","sticky":false,"template":"","format":"standard","meta":{"footnotes":""},"categories":[1410],"tags":[81,4672,26112,26113,63,1011,27,3309,26114,26115,91,92,93,3280,26116,21168,60,96],"class_list":{"0":"post-135288","1":"post","2":"type-post","3":"status-publish","4":"format-standard","5":"has-post-thumbnail","7":"category-football","8":"tag-canal-supporters","9":"tag-cherki","10":"tag-cherki-ol","11":"tag-cherki-psg","12":"tag-football","13":"tag-fr","14":"tag-france","15":"tag-l1","16":"tag-legendes-de-l1","17":"tag-legendes-de-ligue-1","18":"tag-paris-saint-germain","19":"tag-paris-sg","20":"tag-psg","21":"tag-rayan-cherki","22":"tag-rayan-cherki-ol","23":"tag-rayan-cherki-psg","24":"tag-sports","25":"tag-une"},"share_on_mastodon":{"url":"https:\/\/pubeurope.com\/@fr\/114587617478939053","error":""},"_links":{"self":[{"href":"https:\/\/www.europesays.com\/fr\/wp-json\/wp\/v2\/posts\/135288","targetHints":{"allow":["GET"]}}],"collection":[{"href":"https:\/\/www.europesays.com\/fr\/wp-json\/wp\/v2\/posts"}],"about":[{"href":"https:\/\/www.europesays.com\/fr\/wp-json\/wp\/v2\/types\/post"}],"author":[{"embeddable":true,"href":"https:\/\/www.europesays.com\/fr\/wp-json\/wp\/v2\/users\/2"}],"replies":[{"embeddable":true,"href":"https:\/\/www.europesays.com\/fr\/wp-json\/wp\/v2\/comments?post=135288"}],"version-history":[{"count":0,"href":"https:\/\/www.europesays.com\/fr\/wp-json\/wp\/v2\/posts\/135288\/revisions"}],"wp:featuredmedia":[{"embeddable":true,"href":"https:\/\/www.europesays.com\/fr\/wp-json\/wp\/v2\/media\/135289"}],"wp:attachment":[{"href":"https:\/\/www.europesays.com\/fr\/wp-json\/wp\/v2\/media?parent=135288"}],"wp:term":[{"taxonomy":"category","embeddable":true,"href":"https:\/\/www.europesays.com\/fr\/wp-json\/wp\/v2\/categories?post=135288"},{"taxonomy":"post_tag","embeddable":true,"href":"https:\/\/www.europesays.com\/fr\/wp-json\/wp\/v2\/tags?post=135288"}],"curies":[{"name":"wp","href":"https:\/\/api.w.org\/{rel}","templated":true}]}}