{"id":13529,"date":"2025-04-09T20:51:13","date_gmt":"2025-04-09T20:51:13","guid":{"rendered":"https:\/\/www.europesays.com\/fr\/13529\/"},"modified":"2025-04-09T20:51:13","modified_gmt":"2025-04-09T20:51:13","slug":"elle-plante-un-couteau-dans-le-thorax-de-son-compagnon","status":"publish","type":"post","link":"https:\/\/www.europesays.com\/fr\/13529\/","title":{"rendered":"elle plante un couteau dans le thorax de son compagnon"},"content":{"rendered":"<p>            Par<br \/>\n        <strong><br \/>\n            <a href=\"https:\/\/actu.fr\/auteur\/laurent-derne\" title=\"Consulter tous les articles de Laurent Derne\" target=\"_blank\" rel=\"noopener\">Laurent Derne<\/a><br \/>\n        <\/strong><\/p>\n<p>        Publi\u00e9 le<\/p>\n<p>            8 avr. 2025 \u00e0 17h27        <\/p>\n<p>La <strong>dispute<\/strong> s\u2019est envenim\u00e9e. Mercredi 2 avril 2025, vers 16 heures, dans un appartement du <strong>quartier Croix de Pierre<\/strong>, \u00e0 <a href=\"https:\/\/actu.fr\/toulouse\/faits-divers\" target=\"_blank\" rel=\"noopener\">Toulouse<\/a>. Le diff\u00e9rend entre madame et monsieur, tous deux \u00e2g\u00e9s de 27 ans,<strong> bascule dans la violence<\/strong>.<\/p>\n<p>Il parvient \u00e0 parer plusieurs coups<\/p>\n<p class=\" wall-content\">\u00ab\u00a0Dans un premier temps, l\u2019enqu\u00eate a \u00e9t\u00e9 ouverte pour tentative de meurtre\u00a0\u00bb, confie une source polici\u00e8re d\u2019Actu Toulouse. Car au moment o\u00f9 l\u2019homme pr\u00e9f\u00e9rait (sagement) fuir le conflit en quittant les lieux, sa compagne s\u2019est <strong>arm\u00e9e d\u2019un couteau et l\u2019a frapp\u00e9<\/strong>.<\/p>\n<p>    <a href=\"https:\/\/www.google.com\/maps\/embed?pb=!1m18!1m12!1m3!1d11561.269733529269!2d1.4138568769156614!3d43.57910403218836!2m3!1f0!2f0!3f0!3m2!1i1024!2i768!4f13.1!3m3!1m2!1s0x12aebb97c7f160cd%3A0x29ecd44a5695097e!2sCroix%20de%20Pierre%2C%20Toulouse!5e0!3m2!1sfr!2sfr!4v1744124351020!5m2!1sfr!2sfr\" title=\"Ouvrie le lien\" target=\"_blank\" rel=\"noopener\">Cliquez ici pour visualiser le contenu<\/a><\/p>\n<p class=\" wall-content\">\u00ab\u00a0Selon son t\u00e9moignage, il a <strong>par\u00e9 plusieurs coups<\/strong>, mais il n\u2019a pu en esquiver un port\u00e9 au thorax\u00a0\u00bb, relate notre source. La femme s\u2019enfuyait, abandonnant le bless\u00e9 derri\u00e8re elle. Alert\u00e9e, la police arrivait la premi\u00e8re sur les lieux. \u00ab\u00a0Les coll\u00e8gues ont effectu\u00e9 un <strong>point de compression<\/strong> en attendant les secours. La victime perdait beaucoup de sang\u00a0\u00bb.<\/p>\n<p>\u00ab\u00a0Etat de sant\u00e9 rassurant\u00a0\u00bb<\/p>\n<p class=\" wall-content\">Lorsque le SAMU est arriv\u00e9 sur place, le jeune homme a fini par perdre connaissance. Pris en charge aux urgences, il a \u00e9t\u00e9 soign\u00e9 et <strong>\u00ab\u00a0son \u00e9tat de sant\u00e9 est rassurant\u00a0\u00bb<\/strong>, se f\u00e9licite une enqu\u00eatrice. En parall\u00e8le, les policiers tentaient de retrouver la mise en cause.\u00a0<\/p>\n<p>Vid\u00e9os : en ce moment sur Actu<\/p>\n<p class=\" wall-content\">Plusieurs jours ont pass\u00e9. \u00ab\u00a0On nous a alors avertis que quelqu\u2019un s\u2019\u00e9tait rendu \u00e0 l\u2019appartement, plac\u00e9 sous scell\u00e9s\u00a0\u00bb, pr\u00e9cise notre source. La <strong>surveillance<\/strong> a \u00e9t\u00e9 renforc\u00e9e sur l\u2019entourage de la fuyarde. Et cette derni\u00e8re <strong>a fini par se livrer<\/strong>, lundi 7 avril, au commissariat.<\/p>\n<p>En comparution imm\u00e9diate pour violences aggrav\u00e9es<\/p>\n<p class=\" wall-content\">\u00ab\u00a0Ses explications sur les faits demeurent confuses\u00a0\u00bb, r\u00e9sume la police. La tentative de meurtre a finalement \u00e9t\u00e9 <strong>requalifi\u00e9e par le parquet<\/strong> en <strong>violences aggrav\u00e9es<\/strong> (avec arme, sur conjoint).<\/p>\n<p class=\" wall-content\">A l\u2019issue de sa garde \u00e0 vue, la jeune femme devrait \u00eatre d\u00e9f\u00e9r\u00e9e mercredi devant la justice en vue d\u2019une <strong>comparution imm\u00e9diate<\/strong>.\u00a0\u00a0<\/p>\n<p class=\" wall-content\">Suivez toute l\u2019actualit\u00e9 de vos villes et m\u00e9dias favoris en vous inscrivant \u00e0 <a href=\"https:\/\/moncompte.actu.fr\" title=\"D\u00e9couvez Mon Actu\" rel=\"nofollow noopener\" data-trk=\"{&quot;cta&quot;:{&quot;action&quot;:&quot;https:\\\/\\\/moncompte.actu.fr&quot;,&quot;category&quot;:&quot;mon compte&quot;,&quot;from&quot;:&quot;article footer&quot;,&quot;name&quot;:&quot;Mon actu&quot;,&quot;type&quot;:&quot;cta&quot;}}\" target=\"_blank\">Mon Actu<\/a>.<\/p>\n<ul class=\"ac-article-tag wall-content\">\n<li><a href=\"https:\/\/actu.fr\/tag\/police\" data-trk=\"{&quot;cta&quot;:{&quot;action&quot;:&quot;Police&quot;,&quot;category&quot;:&quot;tag&quot;,&quot;from&quot;:&quot;article footer&quot;,&quot;name&quot;:&quot;Police&quot;,&quot;type&quot;:&quot;cta&quot;}}\" target=\"_blank\" rel=\"noopener\">#Police<\/a><\/li>\n<li><a href=\"https:\/\/actu.fr\/tag\/violences-conjugales\" data-trk=\"{&quot;cta&quot;:{&quot;action&quot;:&quot;Violences conjugales&quot;,&quot;category&quot;:&quot;tag&quot;,&quot;from&quot;:&quot;article footer&quot;,&quot;name&quot;:&quot;Violences conjugales&quot;,&quot;type&quot;:&quot;cta&quot;}}\" target=\"_blank\" rel=\"noopener\">#Violences conjugales<\/a><\/li>\n<\/ul>\n","protected":false},"excerpt":{"rendered":"Par Laurent Derne Publi\u00e9 le 8 avr. 2025 \u00e0 17h27 La dispute s\u2019est envenim\u00e9e. Mercredi 2 avril 2025,&hellip;\n","protected":false},"author":2,"featured_media":13530,"comment_status":"","ping_status":"","sticky":false,"template":"","format":"standard","meta":{"footnotes":""},"categories":[2816],"tags":[1111,11,1777,674,118,1011,27,12,2680,1072,25,2312,798],"class_list":{"0":"post-13529","1":"post","2":"type-post","3":"status-publish","4":"format-standard","5":"has-post-thumbnail","7":"category-toulouse","8":"tag-actu","9":"tag-actualites","10":"tag-eu","11":"tag-europe","12":"tag-faits-divers","13":"tag-fr","14":"tag-france","15":"tag-news","16":"tag-occitanie","17":"tag-police","18":"tag-republique-francaise","19":"tag-toulouse","20":"tag-violences-conjugales"},"share_on_mastodon":{"url":"https:\/\/pubeurope.com\/@fr\/114309987224916170","error":""},"_links":{"self":[{"href":"https:\/\/www.europesays.com\/fr\/wp-json\/wp\/v2\/posts\/13529","targetHints":{"allow":["GET"]}}],"collection":[{"href":"https:\/\/www.europesays.com\/fr\/wp-json\/wp\/v2\/posts"}],"about":[{"href":"https:\/\/www.europesays.com\/fr\/wp-json\/wp\/v2\/types\/post"}],"author":[{"embeddable":true,"href":"https:\/\/www.europesays.com\/fr\/wp-json\/wp\/v2\/users\/2"}],"replies":[{"embeddable":true,"href":"https:\/\/www.europesays.com\/fr\/wp-json\/wp\/v2\/comments?post=13529"}],"version-history":[{"count":0,"href":"https:\/\/www.europesays.com\/fr\/wp-json\/wp\/v2\/posts\/13529\/revisions"}],"wp:featuredmedia":[{"embeddable":true,"href":"https:\/\/www.europesays.com\/fr\/wp-json\/wp\/v2\/media\/13530"}],"wp:attachment":[{"href":"https:\/\/www.europesays.com\/fr\/wp-json\/wp\/v2\/media?parent=13529"}],"wp:term":[{"taxonomy":"category","embeddable":true,"href":"https:\/\/www.europesays.com\/fr\/wp-json\/wp\/v2\/categories?post=13529"},{"taxonomy":"post_tag","embeddable":true,"href":"https:\/\/www.europesays.com\/fr\/wp-json\/wp\/v2\/tags?post=13529"}],"curies":[{"name":"wp","href":"https:\/\/api.w.org\/{rel}","templated":true}]}}