{"id":135295,"date":"2025-05-28T21:39:17","date_gmt":"2025-05-28T21:39:17","guid":{"rendered":"https:\/\/www.europesays.com\/fr\/135295\/"},"modified":"2025-05-28T21:39:17","modified_gmt":"2025-05-28T21:39:17","slug":"les-secrets-bien-gardes-de-la-vallee-des-saints-devoiles-dans-un-livre","status":"publish","type":"post","link":"https:\/\/www.europesays.com\/fr\/135295\/","title":{"rendered":"Les secrets bien gard\u00e9s de la Vall\u00e9e des Saints, d\u00e9voil\u00e9s dans un livre"},"content":{"rendered":"<p>\u00ab\u00a0La Vall\u00e9e des Saints, des secrets bien gard\u00e9s\u00a0!\u00a0\u00bb C\u2019est le nom que S\u00e9bastien Minguy a choisi pour son livre de 160 pages, qu\u2019il a publi\u00e9 apr\u00e8s un an et demi de travail, l\u2019occupant durant de nombreuses soir\u00e9es et week-ends qu\u2019il ne compte plus. Directeur g\u00e9n\u00e9ral et cofondateur de la Vall\u00e9e des Saints, il a v\u00e9cu aux premi\u00e8res loges ces <a href=\"https:\/\/www.letelegramme.fr\/cotes-d-armor\/guingamp-22200\/que-devient-komgall-lange-gardien-den-avant-guingamp-3821313.php\" target=\"_blank\" rel=\"noopener\">histoires m\u00e9connues du grand public,<\/a> qu\u2019il a d\u00e9cid\u00e9 de d\u00e9voiler.<\/p>\n<p>Comme ce pied install\u00e9 sur la place centrale, devant le pavillon d\u2019accueil. \u00ab\u00a0Il symbolise tous les pieds des saints qui ont march\u00e9 en Bretagne. Mais il y a une histoire tr\u00e8s forte derri\u00e8re cette sculpture, li\u00e9e \u00e0 Patrice Le Guen, qui a tenu \u00e0 rendre hommage \u00e0 l\u2019un de ses amis carriers, d\u00e9c\u00e9d\u00e9 dans une carri\u00e8re \u00e0 Perros-Guirec.\u00a0\u00bb S\u00e9bastien Minguy r\u00e9pond aussi \u00e0 l\u2019une des interrogations des visiteurs, face aux sept saints fondateurs install\u00e9s autour de la motte f\u00e9odale. \u00ab\u00a0Contrairement aux autres, saint Tugdual n\u2019est pas tourn\u00e9 vers l\u2019\u00e9v\u00each\u00e9 car il a \u00e9t\u00e9 vol\u00e9 et a d\u00fb \u00eatre refait. Mais il ne peut plus regarder vers Tr\u00e9guier \u00e0 cause de la chapelle Saint-Gildas et de son p\u00e9rim\u00e8tre class\u00e9.\u00a0\u00bb<\/p>\n<blockquote><p>Contrairement aux autres saints fondateurs, Tugdual ne peut pas regarder vers Tr\u00e9guier \u00e0 cause de la chapelle Saint-Gildas et de son p\u00e9rim\u00e8tre class\u00e9.<\/p><\/blockquote>\n<p>Ce livre, qui permet \u00e0 ce Nord-Finist\u00e9rien de rendre hommage aux sculpteurs de la Vall\u00e9e des Saints, \u00e0 ses fondateurs et \u00e0 ses donateurs, est mis en vente \u00e0 partir de ce jeudi 29 mai 2025. Une journ\u00e9e loin d\u2019\u00eatre choisie au hasard car c\u2019est l\u2019Ascension, une journ\u00e9e importante dans le calendrier chr\u00e9tien. Cette date est li\u00e9e aussi \u00e0 la <a href=\"https:\/\/www.letelegramme.fr\/cotes-d-armor\/guingamp-22200\/vallee-des-saints-a-carnoet-la-fontaine-sera-inauguree-en-grande-pompe-le-3-juin-6782586.php\" target=\"_blank\" rel=\"noopener\">livraison, la veille, de la Fontaine des gens<\/a>, associ\u00e9e \u00e0 la 200e sculpture monumentale, saint Michel. Une \u0153uvre qui sera inaugur\u00e9e le mardi 3 juin.<\/p>\n<p><img decoding=\"async\" src=\"https:\/\/www.europesays.com\/fr\/wp-content\/uploads\/2025\/05\/68370e776820b8adb90e8f16.1.jpeg\" width=\"480\" height=\"300\" class=\"web_golden_m\" loading=\"lazy\" alt=\"Pour cette journ\u00e9e de lancement du livre, jeudi 29\u00a0mai, l\u2019artiste galloise Ffran May accompagnera S\u00e9bastien Minguy sur ses conf\u00e9rences itin\u00e9rantes.\"\/>Pour cette journ\u00e9e de lancement du livre, jeudi 29\u00a0mai, l\u2019artiste galloise Ffran May accompagnera S\u00e9bastien Minguy sur ses conf\u00e9rences itin\u00e9rantes. (Photo d\u2019archives Le T\u00e9l\u00e9gramme\/Marie Sebire)D\u00e9dicaces et conf\u00e9rences itin\u00e9rantes<\/p>\n<p>Cette Ascension 2025 s\u2019annonce exceptionnelle en raison de ce double \u00e9v\u00e9nement \u00e0 c\u00e9l\u00e9brer. Pour l\u2019occasion, <a href=\"https:\/\/www.letelegramme.fr\/cotes-d-armor\/carnoet-22160\/guidee-par-ses-envies-ffran-enchante-les-visiteurs-de-la-vallee-des-saints-6400006.php\" target=\"_blank\" rel=\"noopener\">la chanteuse galloise Ffran May<\/a>, qui a marqu\u00e9 les esprits lors des dix ans de la Vall\u00e9e des Saints, en 2019, o\u00f9 elle avait interpr\u00e9t\u00e9 (en breton et en gallois) le \u00ab\u00a0Bro gozh ma zado\u00f9\u00a0\u00bb a cappella, sera pr\u00e9sente au c\u00f4t\u00e9 de S\u00e9bastien Minguy lors de ses conf\u00e9rences itin\u00e9rantes, programm\u00e9es \u00e0 10\u00a0h\u00a030 et 14\u00a0h. L\u2019artiste, qui vit d\u00e9sormais \u00e0 Scrignac, dans le Centre-Finist\u00e8re, animera la balade avec des chants traditionnels gallois, entre deux lectures de secrets sur les saints.<\/p>\n<p>S\u00e9bastien Minguy d\u00e9dicacera \u00e9galement son livre \u00ab\u00a0Vall\u00e9e des Saints, des secrets bien gard\u00e9s\u00a0\u00bb, de 11\u00a0h\u00a030 \u00e0 12\u00a0h\u00a030 puis de 15\u00a0h \u00e0 18\u00a0h\u00a030. Un livre qu\u2019il sera ensuite possible d\u2019acheter (16,90 \u20ac) au pavillon d\u2019accueil. Il sera mis en vente \u00e9galement dans des librairies bretonnes (Dialogues, \u00e0 Brest, notamment) et les espaces culturels de Super U et Leclerc. Autre possibilit\u00e9, sur le site internet dessecretsbiengardes.com<\/p>\n","protected":false},"excerpt":{"rendered":"\u00ab\u00a0La Vall\u00e9e des Saints, des secrets bien gard\u00e9s\u00a0!\u00a0\u00bb C\u2019est le nom que S\u00e9bastien Minguy a choisi pour son&hellip;\n","protected":false},"author":2,"featured_media":135296,"comment_status":"","ping_status":"","sticky":false,"template":"","format":"standard","meta":{"footnotes":""},"categories":[1357],"tags":[1379,24530,2171,251,58,59,1011,27,4044,1380,4020,3899,602,24531],"class_list":{"0":"post-135295","1":"post","2":"type-post","3":"status-publish","4":"format-standard","5":"has-post-thumbnail","7":"category-livres","8":"tag-books","9":"tag-carnoet","10":"tag-cotes-darmor","11":"tag-culture","12":"tag-divertissement","13":"tag-entertainment","14":"tag-fr","15":"tag-france","16":"tag-guingamp","17":"tag-livres","18":"tag-religion","19":"tag-sculpture","20":"tag-tourisme","21":"tag-vallee-des-saints"},"share_on_mastodon":{"url":"https:\/\/pubeurope.com\/@fr\/114587629310259307","error":""},"_links":{"self":[{"href":"https:\/\/www.europesays.com\/fr\/wp-json\/wp\/v2\/posts\/135295","targetHints":{"allow":["GET"]}}],"collection":[{"href":"https:\/\/www.europesays.com\/fr\/wp-json\/wp\/v2\/posts"}],"about":[{"href":"https:\/\/www.europesays.com\/fr\/wp-json\/wp\/v2\/types\/post"}],"author":[{"embeddable":true,"href":"https:\/\/www.europesays.com\/fr\/wp-json\/wp\/v2\/users\/2"}],"replies":[{"embeddable":true,"href":"https:\/\/www.europesays.com\/fr\/wp-json\/wp\/v2\/comments?post=135295"}],"version-history":[{"count":0,"href":"https:\/\/www.europesays.com\/fr\/wp-json\/wp\/v2\/posts\/135295\/revisions"}],"wp:featuredmedia":[{"embeddable":true,"href":"https:\/\/www.europesays.com\/fr\/wp-json\/wp\/v2\/media\/135296"}],"wp:attachment":[{"href":"https:\/\/www.europesays.com\/fr\/wp-json\/wp\/v2\/media?parent=135295"}],"wp:term":[{"taxonomy":"category","embeddable":true,"href":"https:\/\/www.europesays.com\/fr\/wp-json\/wp\/v2\/categories?post=135295"},{"taxonomy":"post_tag","embeddable":true,"href":"https:\/\/www.europesays.com\/fr\/wp-json\/wp\/v2\/tags?post=135295"}],"curies":[{"name":"wp","href":"https:\/\/api.w.org\/{rel}","templated":true}]}}