{"id":135305,"date":"2025-05-28T21:45:09","date_gmt":"2025-05-28T21:45:09","guid":{"rendered":"https:\/\/www.europesays.com\/fr\/135305\/"},"modified":"2025-05-28T21:45:09","modified_gmt":"2025-05-28T21:45:09","slug":"au-tribunal-le-systeme-mimi-marchand-mis-a-nu-mediapart","status":"publish","type":"post","link":"https:\/\/www.europesays.com\/fr\/135305\/","title":{"rendered":"Au tribunal, \u00ab le syst\u00e8me \u00bb Mimi Marchand mis \u00e0 nu &#8211; Mediapart"},"content":{"rendered":"<ol>\n<li><a href=\"https:\/\/news.google.com\/rss\/articles\/CBMilAFBVV95cUxOVmQ5MlJYR1FRNFl5dENfc09SQkhUTXRIb0R3UEFkcjlqQlVqNW03bGdzTHlwSG5UU1J2MzZ4dndjSUlwaWlNRnY0XzJISXRoUnBpUFNGSGFBb3BCQ0tfR0FCbmk5cFdzMnJabVZZTzJzMW13R2JrckFUZUVsZzFmTzNJeVoxTU5NU3NuQjdGQVhzU0p6?oc=5\" target=\"_blank\" rel=\"nofollow noopener\">Au tribunal, \u00ab le syst\u00e8me \u00bb Mimi Marchand mis \u00e0 nu<\/a>&nbsp;&nbsp;Mediapart<\/li>\n<li><a href=\"https:\/\/news.google.com\/rss\/articles\/CBMizgFBVV95cUxQSlJ2cHV2M2xZZ25MYU1XY1h2ZlNOMEZ2Y1dyWTJ0WkM0LVFpX3ljTFNkN0lZOHljbWlMaVVpZ0tMVnU5UGJTclpzMjlCWURYek1xVmtfalp4eGdiNm8zVmhuVHh0cHQyTzNsTkFHZXl4ZEREd2JDN3F6ZDhrYmJkMUxFSE9rS2VUblNkRDJUY1ZzTXRMVWdEbTV0N2EySGp0U2NvandRRWkzRm1rMFpiX2xDSUxKQU41WFN6UEZod0Q5TkNFU3R6cmdnNkZmZw?oc=5\" target=\"_blank\" rel=\"nofollow noopener\">Mimi Marchand face \u00e0 Karine Le Marchand \u00e0 son proc\u00e8s : \u00ab Quelle abrutie j\u2019ai \u00e9t\u00e9 ! \u00bb<\/a>&nbsp;&nbsp;Le Point<\/li>\n<li><a href=\"https:\/\/news.google.com\/rss\/articles\/CBMi5wFBVV95cUxNeUZYbEtMcXBHOVQ3blktOEhpQ3BzbWhMT0JsY0MzeXQ1bXV5SWdzV3l5T1dQdmdZVzY4cHJ3eUYxQmw5V0J1dDlTSDlHWEhVVzVuNUtWRTBpQmNFM1JCZjBMb25oU0RVR1F5bHlvQXZXRmdJcndiaEFYdlZYNF9ob0NPd2hibXdGSUtXVmh5ZzYwMVVwcGtkV0tUUzVlS0YyMEdGYUFneU1ZdXUtX0d5bFlOSXZ5c2F3enBNbmpjMTh0SFYxemFYdFpHTjBqVWtBb3RPWldoUkVkWkl0QkJyVVJ5Nlo4Q1U?oc=5\" target=\"_blank\" rel=\"nofollow noopener\">Proc\u00e8s de Mimi Marchand : un an avec sursis requis contre la papesse de la presse people<\/a>&nbsp;&nbsp;Le Monde.fr<\/li>\n<li><a href=\"https:\/\/news.google.com\/rss\/articles\/CBMilwJBVV95cUxPVzQycWV1aDdyTEZLQVZ1akNnU1JNdjZONjJiSEdaQWJraEEwMFhLM0lrOGlkZ1NXdnc2djlCY2lpRTdyMW5TUThGN3NSajVUUDliY2NHUU1LMTBVMnBQd1g5a1pZb2RXS3JLYnctRnU1enU5enFFYnk2UjIydUR5ejF3SE5XbW5rM1JuQjFtbGdCYXN4TV9rTGg4TXhTWmZ5OEhTVTZfcmRkVWJibzVtTDllWjdyX0lvRDZLU196eGxHUmJYajl5NEpSazBhVnp6UklDaUlZWTVHbE1jSmplTEJ2QjMzRHZrRUpfRW45Y2xLYU5nRWxWT21Mc0FtYVB1LXVaa0tnbldneTJXMENkYzllRWtUczQ?oc=5\" target=\"_blank\" rel=\"nofollow noopener\">Pourquoi une telle \u00abcol\u00e8re\u00bb de Karine Le Marchand contre la \u00abmorale\u00bb de Mimi Marchand, \u00abreine des paparazzi\u00bb<\/a>&nbsp;&nbsp;Lib\u00e9ration<\/li>\n<li><a href=\"https:\/\/news.google.com\/rss\/articles\/CBMi4AFBVV95cUxPWk1WeDBJSmUzMXY0aXIzZ3owcVpCaVV0NjFCZkIxaUtaaXBRamtNekJuV0xEQmtxSEtjUU03TG9weXdUT2xUOEJNYmdlemJ3bHU5aGFVOENUU2RDV1llR2J1NFJ3N1F4ZUlRaVYwSVhZRWZxenhoOHNHRFI5YmJuODZmWlRpQ05ST0ozUGFOZGczNlJTaW5BbWdxSTN1OXFyZFBKdmVZeVlmMjhzcG9SYXJuU3ZfdjBDNUliekNaM1V3SXJHRHVnTVBtZnpIX291XzFPUXQzUGdVaFlmY3lHVA?oc=5\" target=\"_blank\" rel=\"nofollow noopener\">Mimi Marchand contre Karine Le Marchand : au tribunal, la redoutable papesse des people qui se dit \u00ab idiote \u00bb<\/a>&nbsp;&nbsp;Sud Ouest<\/li>\n<\/ol>\n","protected":false},"excerpt":{"rendered":"Au tribunal, \u00ab le syst\u00e8me \u00bb Mimi Marchand mis \u00e0 nu&nbsp;&nbsp;Mediapart Mimi Marchand face \u00e0 Karine Le Marchand&hellip;\n","protected":false},"author":2,"featured_media":135306,"comment_status":"","ping_status":"","sticky":false,"template":"","format":"standard","meta":{"footnotes":""},"categories":[8],"tags":[58,59,1011,27,303,5413,2677,5818,2694],"class_list":{"0":"post-135305","1":"post","2":"type-post","3":"status-publish","4":"format-standard","5":"has-post-thumbnail","7":"category-divertissement","8":"tag-divertissement","9":"tag-entertainment","10":"tag-fr","11":"tag-france","12":"tag-justice","13":"tag-karine-le-marchand","14":"tag-mimi-marchand","15":"tag-paris-match","16":"tag-proces"},"share_on_mastodon":{"url":"https:\/\/pubeurope.com\/@fr\/114587652951841491","error":""},"_links":{"self":[{"href":"https:\/\/www.europesays.com\/fr\/wp-json\/wp\/v2\/posts\/135305","targetHints":{"allow":["GET"]}}],"collection":[{"href":"https:\/\/www.europesays.com\/fr\/wp-json\/wp\/v2\/posts"}],"about":[{"href":"https:\/\/www.europesays.com\/fr\/wp-json\/wp\/v2\/types\/post"}],"author":[{"embeddable":true,"href":"https:\/\/www.europesays.com\/fr\/wp-json\/wp\/v2\/users\/2"}],"replies":[{"embeddable":true,"href":"https:\/\/www.europesays.com\/fr\/wp-json\/wp\/v2\/comments?post=135305"}],"version-history":[{"count":0,"href":"https:\/\/www.europesays.com\/fr\/wp-json\/wp\/v2\/posts\/135305\/revisions"}],"wp:featuredmedia":[{"embeddable":true,"href":"https:\/\/www.europesays.com\/fr\/wp-json\/wp\/v2\/media\/135306"}],"wp:attachment":[{"href":"https:\/\/www.europesays.com\/fr\/wp-json\/wp\/v2\/media?parent=135305"}],"wp:term":[{"taxonomy":"category","embeddable":true,"href":"https:\/\/www.europesays.com\/fr\/wp-json\/wp\/v2\/categories?post=135305"},{"taxonomy":"post_tag","embeddable":true,"href":"https:\/\/www.europesays.com\/fr\/wp-json\/wp\/v2\/tags?post=135305"}],"curies":[{"name":"wp","href":"https:\/\/api.w.org\/{rel}","templated":true}]}}