{"id":13531,"date":"2025-04-09T20:52:10","date_gmt":"2025-04-09T20:52:10","guid":{"rendered":"https:\/\/www.europesays.com\/fr\/13531\/"},"modified":"2025-04-09T20:52:10","modified_gmt":"2025-04-09T20:52:10","slug":"previsions-du-mercredi-9-avril-2025-8","status":"publish","type":"post","link":"https:\/\/www.europesays.com\/fr\/13531\/","title":{"rendered":"pr\u00e9visions du mercredi 9 avril 2025"},"content":{"rendered":"<p>Toulouse va vivre une splendide journ\u00e9e particuli\u00e8rement ensoleill\u00e9e. Les valeurs seront comprises entre 10 et 22\u00b0C. Une brise de sud-est soufflera l\u00e9g\u00e8rement dans la matin\u00e9e. Un temps plus chaud est attendu l&rsquo;apr\u00e8s-midi puisque les temp\u00e9ratures vont conna\u00eetre une hausse. Les valeurs afficheront entre 20 et 22\u00b0C. Des \u00e9claircies sont pr\u00e9vues : on passera une soir\u00e9e agr\u00e9able. Il fera 15\u00b0C en moyenne. Une nuit claire vous attendra entre mercredi et jeudi.<\/p>\n<p>C&rsquo;est un soleil magnifique qui va briller demain sur Toulouse. Les valeurs s&rsquo;\u00e9chelonneront entre 10 et 22\u00b0C. Un vent de sud-est rafra\u00eechira un peu l&rsquo;atmosph\u00e8re. Dans la matin\u00e9e, les temp\u00e9ratures avoisineront les 15\u00b0C. L&rsquo;air ambiant va se r\u00e9chauffer demain apr\u00e8s-midi avec une augmentation de plusieurs degr\u00e9s. Les temp\u00e9ratures seront comprises entre 19\u00b0C et 22\u00b0C. Demain soir, le thermom\u00e8tre affichera 15\u00b0C en moyenne.<\/p>\n<p>Les jours suivants s&rsquo;annoncent identiques. Des temp\u00e9ratures dans les 16\u00b0C accompagneront un ciel ensoleill\u00e9.<\/p>\n<p><\/p>\n","protected":false},"excerpt":{"rendered":"Toulouse va vivre une splendide journ\u00e9e particuli\u00e8rement ensoleill\u00e9e. Les valeurs seront comprises entre 10 et 22\u00b0C. Une brise&hellip;\n","protected":false},"author":2,"featured_media":13532,"comment_status":"","ping_status":"","sticky":false,"template":"","format":"standard","meta":{"footnotes":""},"categories":[2816],"tags":[1111,11,1777,674,1011,27,2722,2721,12,2680,2119,25,2312],"class_list":{"0":"post-13531","1":"post","2":"type-post","3":"status-publish","4":"format-standard","5":"has-post-thumbnail","7":"category-toulouse","8":"tag-actu","9":"tag-actualites","10":"tag-eu","11":"tag-europe","12":"tag-fr","13":"tag-france","14":"tag-haute-garonne","15":"tag-midi-pyrenees","16":"tag-news","17":"tag-occitanie","18":"tag-previsions-meteo","19":"tag-republique-francaise","20":"tag-toulouse"},"share_on_mastodon":{"url":"https:\/\/pubeurope.com\/@fr\/114309991129864338","error":""},"_links":{"self":[{"href":"https:\/\/www.europesays.com\/fr\/wp-json\/wp\/v2\/posts\/13531","targetHints":{"allow":["GET"]}}],"collection":[{"href":"https:\/\/www.europesays.com\/fr\/wp-json\/wp\/v2\/posts"}],"about":[{"href":"https:\/\/www.europesays.com\/fr\/wp-json\/wp\/v2\/types\/post"}],"author":[{"embeddable":true,"href":"https:\/\/www.europesays.com\/fr\/wp-json\/wp\/v2\/users\/2"}],"replies":[{"embeddable":true,"href":"https:\/\/www.europesays.com\/fr\/wp-json\/wp\/v2\/comments?post=13531"}],"version-history":[{"count":0,"href":"https:\/\/www.europesays.com\/fr\/wp-json\/wp\/v2\/posts\/13531\/revisions"}],"wp:featuredmedia":[{"embeddable":true,"href":"https:\/\/www.europesays.com\/fr\/wp-json\/wp\/v2\/media\/13532"}],"wp:attachment":[{"href":"https:\/\/www.europesays.com\/fr\/wp-json\/wp\/v2\/media?parent=13531"}],"wp:term":[{"taxonomy":"category","embeddable":true,"href":"https:\/\/www.europesays.com\/fr\/wp-json\/wp\/v2\/categories?post=13531"},{"taxonomy":"post_tag","embeddable":true,"href":"https:\/\/www.europesays.com\/fr\/wp-json\/wp\/v2\/tags?post=13531"}],"curies":[{"name":"wp","href":"https:\/\/api.w.org\/{rel}","templated":true}]}}