{"id":135311,"date":"2025-05-28T21:48:10","date_gmt":"2025-05-28T21:48:10","guid":{"rendered":"https:\/\/www.europesays.com\/fr\/135311\/"},"modified":"2025-05-28T21:48:10","modified_gmt":"2025-05-28T21:48:10","slug":"en-suisse-les-images-effroyables-de-leffondrement-dun-glacier-detruisant-une-partie-de-ce-village","status":"publish","type":"post","link":"https:\/\/www.europesays.com\/fr\/135311\/","title":{"rendered":"En Suisse, les images effroyables de l\u2019effondrement d\u2019un glacier d\u00e9truisant une partie de ce village"},"content":{"rendered":"<p>        <img decoding=\"async\" loading=\"lazy\" src=\"https:\/\/www.europesays.com\/fr\/wp-content\/uploads\/2025\/05\/48aa86a_sirius-fs-upload-1-31qu4irjk1gz-1748456864272-gsdqmvkwsaalxko.jfif.jpeg\"  width=\"728\" height=\"410\" alt=\"Un\u00a0\u00e9boulement\u00a0massif\u00a0d\u2019un\u00a0glacier\u00a0ce mercredi 28\u00a0mai apr\u00e8s-midi dans le sud de la\u00a0Suisse\u00a0a\u00a0d\u00e9truit\u00a0en partie le\u00a0petit\u00a0village\u00a0de Blatten.\"\/>  <\/p>\n<p>capture d\u2019\u00e9cran photo X (ex-Twitter)<\/p>\n<p>Un\u00a0\u00e9boulement\u00a0massif\u00a0d\u2019un\u00a0glacier\u00a0ce mercredi 28\u00a0mai apr\u00e8s-midi dans le sud de la\u00a0Suisse\u00a0a\u00a0d\u00e9truit\u00a0en partie le\u00a0petit\u00a0village\u00a0de Blatten.<\/p>\n<p class=\"asset asset-text\">FAITS DIVERS &#8211; Des images effroyables. Un\u00a0<a href=\"https:\/\/www.huffingtonpost.fr\/france\/video\/isere-un-eboulement-de-montagne-impressionnant-a-la-riviere-une-cellule-de-crise-activee_237446.html\" target=\"_blank\" rel=\"noopener\">\u00e9boulement\u00a0massif<\/a>\u00a0d\u2019un\u00a0glacier\u00a0ce mercredi 28\u00a0mai apr\u00e8s-midi dans le sud de la\u00a0<a href=\"https:\/\/www.huffingtonpost.fr\/international\/video\/en-marge-de-l-eurovision-2025-une-manifestation-anti-israel-des-drapeaux-brules_250171.html\" target=\"_blank\" rel=\"noopener\">Suisse<\/a>\u00a0a\u00a0d\u00e9truit\u00a0en partie le\u00a0petit\u00a0village\u00a0de Blatten et fait un disparu, ont indiqu\u00e9 les autorit\u00e9s, qualifiant cet \u00e9v\u00e8nement de \u00ab\u00a0tr\u00e8s rare\u00a0\u00bb. Les habitants avaient \u00e9t\u00e9 \u00e9vacu\u00e9s il y a neuf jours en raison du danger.<\/p>\n<p class=\"asset asset-text\">Vers 15\u00a0h\u00a030, un \u00e9boulement massif emportant avec lui des millions de tonnes de roches\u00a0s\u2019est produit au niveau du\u00a0glacier\u00a0du Birch, ont pr\u00e9cis\u00e9 les autorit\u00e9s en charge des situations d\u2019urgence dans cette partie du canton du Valais.<\/p>\n<p class=\"asset asset-text\"><a href=\"https:\/\/www.bfmtv.com\/international\/europe\/suisse\/suisse-des-millions-de-tonnes-de-roches-tombent-sur-un-village-provoquant-des-degats-et-un-seisme_AN-202505280730.html\" target=\"_blank\" rel=\"noopener\" title=\"Nouvelle fen\u00eatre\">BFMTV <\/a>ajoute que l\u2019effondrement a \u00e9galement provoqu\u00e9 un tremblement de terre \u00e9valu\u00e9 \u00e0 3,1 sur l\u2019\u00e9chelle de Richter.<\/p>\n<p>    Nuage de glace et de gravats    <\/p>\n<p class=\"asset asset-text\">De nombreuses habitations de ce\u00a0petit\u00a0village, qui en temps normal compte environ 300 habitants, ont \u00e9t\u00e9 d\u00e9truites, a affirm\u00e9 \u00e0 l\u2019agence de presse Keystone-ATS, Jonas Jeitziner, responsable adjoint de l\u2019information du service r\u00e9gional de gestion des urgences.<\/p>\n<p class=\"asset asset-text\">Des images impressionnantes diffus\u00e9es sur YouTube montrent un immense nuage de glace et de gravats d\u00e9valant la pente de la montagne surplombant la vall\u00e9e o\u00f9 coule la rivi\u00e8re Lonza et o\u00f9 se trouve le\u00a0village,<strong> comme vous pouvez le voir dans les tweets ci-dessous.<\/strong><\/p>\n<p> La lecture de ce contenu est susceptible d\u2019entra\u00eener un d\u00e9p\u00f4t de cookies de la part de l\u2019op\u00e9rateur tiers qui l\u2019h\u00e9berge. Compte-tenu des choix que vous avez exprim\u00e9s en mati\u00e8re de d\u00e9p\u00f4t de cookies, nous avons bloqu\u00e9 l\u2019affichage de ce contenu. Si vous souhaitez y acc\u00e9der, vous devez accepter la cat\u00e9gorie de cookies \u201cContenus tiers\u201d en cliquant sur le bouton ci-dessous. <\/p>\n<p> Lire la Vid\u00e9o           <\/p>\n<p> La lecture de ce contenu est susceptible d\u2019entra\u00eener un d\u00e9p\u00f4t de cookies de la part de l\u2019op\u00e9rateur tiers qui l\u2019h\u00e9berge. Compte-tenu des choix que vous avez exprim\u00e9s en mati\u00e8re de d\u00e9p\u00f4t de cookies, nous avons bloqu\u00e9 l\u2019affichage de ce contenu. Si vous souhaitez y acc\u00e9der, vous devez accepter la cat\u00e9gorie de cookies \u201cContenus tiers\u201d en cliquant sur le bouton ci-dessous. <\/p>\n<p> Lire la Vid\u00e9o            <\/p>\n<p class=\"asset asset-text\">La force et la vitesse du nuage est telle qu\u2019il poursuit sa course sur la pente oppos\u00e9e de la vall\u00e9e.<\/p>\n<p> La lecture de ce contenu est susceptible d\u2019entra\u00eener un d\u00e9p\u00f4t de cookies de la part de l\u2019op\u00e9rateur tiers qui l\u2019h\u00e9berge. Compte-tenu des choix que vous avez exprim\u00e9s en mati\u00e8re de d\u00e9p\u00f4t de cookies, nous avons bloqu\u00e9 l\u2019affichage de ce contenu. Si vous souhaitez y acc\u00e9der, vous devez accepter la cat\u00e9gorie de cookies \u201cContenus tiers\u201d en cliquant sur le bouton ci-dessous. <\/p>\n<p> Lire la Vid\u00e9o           <\/p>\n<p> La lecture de ce contenu est susceptible d\u2019entra\u00eener un d\u00e9p\u00f4t de cookies de la part de l\u2019op\u00e9rateur tiers qui l\u2019h\u00e9berge. Compte-tenu des choix que vous avez exprim\u00e9s en mati\u00e8re de d\u00e9p\u00f4t de cookies, nous avons bloqu\u00e9 l\u2019affichage de ce contenu. Si vous souhaitez y acc\u00e9der, vous devez accepter la cat\u00e9gorie de cookies \u201cContenus tiers\u201d en cliquant sur le bouton ci-dessous. <\/p>\n<p> Lire la Vid\u00e9o        <\/p>\n<p class=\"asset asset-text\">En d\u00e9but d\u2019apr\u00e8s-midi, le barrage par-avalanche a fini par laisser passer une partie des gravats. Mardi vers 18\u00a0h et mercredi vers 4\u00a0h, deux premiers effondrements d\u2019importance s\u2019\u00e9taient produits sur le\u00a0glacier, pr\u00e9cise l\u2019agence de presse.<\/p>\n<p class=\"asset asset-text\">\u00ab\u00a0Le changement climatique bouleverse profond\u00e9ment nos montagnes. L\u2019\u00c9tat et les collectivit\u00e9s ne peuvent plus prendre \u00e0 la l\u00e9g\u00e8re ces \u00e9volutions\u00a0\u00bb, s\u2019est indign\u00e9 apr\u00e8s ce drame le d\u00e9put\u00e9 Xavier Roseren, sur compte X. Le changement climatique provoque la fonte de plus en plus rapide des glaciers. Et le perg\u00e9lisol, souvent d\u00e9crit comme le ciment qui maintient les hautes montagnes, est \u00e9galement en train de fondre.<\/p>\n","protected":false},"excerpt":{"rendered":"capture d\u2019\u00e9cran photo X (ex-Twitter) Un\u00a0\u00e9boulement\u00a0massif\u00a0d\u2019un\u00a0glacier\u00a0ce mercredi 28\u00a0mai apr\u00e8s-midi dans le sud de la\u00a0Suisse\u00a0a\u00a0d\u00e9truit\u00a0en partie le\u00a0petit\u00a0village\u00a0de Blatten. FAITS&hellip;\n","protected":false},"author":2,"featured_media":135312,"comment_status":"","ping_status":"","sticky":false,"template":"","format":"standard","meta":{"footnotes":""},"categories":[5],"tags":[11,436,1011,27,7011,14,12,3067,28],"class_list":{"0":"post-135311","1":"post","2":"type-post","3":"status-publish","4":"format-standard","5":"has-post-thumbnail","7":"category-international","8":"tag-actualites","9":"tag-environnement","10":"tag-fr","11":"tag-france","12":"tag-glacier","13":"tag-international","14":"tag-news","15":"tag-suisse","16":"tag-world"},"share_on_mastodon":{"url":"https:\/\/pubeurope.com\/@fr\/114587664644134979","error":""},"_links":{"self":[{"href":"https:\/\/www.europesays.com\/fr\/wp-json\/wp\/v2\/posts\/135311","targetHints":{"allow":["GET"]}}],"collection":[{"href":"https:\/\/www.europesays.com\/fr\/wp-json\/wp\/v2\/posts"}],"about":[{"href":"https:\/\/www.europesays.com\/fr\/wp-json\/wp\/v2\/types\/post"}],"author":[{"embeddable":true,"href":"https:\/\/www.europesays.com\/fr\/wp-json\/wp\/v2\/users\/2"}],"replies":[{"embeddable":true,"href":"https:\/\/www.europesays.com\/fr\/wp-json\/wp\/v2\/comments?post=135311"}],"version-history":[{"count":0,"href":"https:\/\/www.europesays.com\/fr\/wp-json\/wp\/v2\/posts\/135311\/revisions"}],"wp:featuredmedia":[{"embeddable":true,"href":"https:\/\/www.europesays.com\/fr\/wp-json\/wp\/v2\/media\/135312"}],"wp:attachment":[{"href":"https:\/\/www.europesays.com\/fr\/wp-json\/wp\/v2\/media?parent=135311"}],"wp:term":[{"taxonomy":"category","embeddable":true,"href":"https:\/\/www.europesays.com\/fr\/wp-json\/wp\/v2\/categories?post=135311"},{"taxonomy":"post_tag","embeddable":true,"href":"https:\/\/www.europesays.com\/fr\/wp-json\/wp\/v2\/tags?post=135311"}],"curies":[{"name":"wp","href":"https:\/\/api.w.org\/{rel}","templated":true}]}}