{"id":135317,"date":"2025-05-28T21:51:34","date_gmt":"2025-05-28T21:51:34","guid":{"rendered":"https:\/\/www.europesays.com\/fr\/135317\/"},"modified":"2025-05-28T21:51:34","modified_gmt":"2025-05-28T21:51:34","slug":"laltercation-entre-deux-conducteurs-se-termine-par-un-coup-de-tournevis","status":"publish","type":"post","link":"https:\/\/www.europesays.com\/fr\/135317\/","title":{"rendered":"l\u2019altercation entre deux conducteurs se termine par un coup de tournevis"},"content":{"rendered":"<p>\u00ab\u00a0Road rage\u00a0\u00bb. Le terme ne vous dit peut-\u00eatre rien mais cet anglicisme d\u00e9signe l\u2019incapacit\u00e9 des automobilistes \u00e0 g\u00e9rer la moindre frustration, avant dans de nombreux cas d\u2019en venir aux mains.<\/p>\n<p>C\u2019est ce qu\u2019il s\u2019est pass\u00e9 le samedi 24\u00a0mai en d\u00e9but d\u2019apr\u00e8s-midi quand, dans des conditions qui restent un peu floues, deux automobilistes s\u2019invectivent alors qu\u2019ils circulent rue Jean-Rostand sur la commune de La Talaudi\u00e8re. Les deux hommes d\u00e9cident de s\u2019arr\u00eater sur le bas-c\u00f4t\u00e9 et de s\u2019expliquer.<\/p>\n<p>  Un coup puis des cl\u00e9s vol\u00e9es et une voiture d\u00e9grad\u00e9e<\/p>\n<p>Le ton monte rapidement entre les deux protagonistes. Les coups pleuvent. Le premier, \u00e2g\u00e9 de 46 ans et habitant Saint-Etienne, s\u2019empare d\u2019un tournevis et blesse l\u00e9g\u00e8rement le second, \u00e2g\u00e9 de 39 ans, au mollet. Mais il ne s\u2019arr\u00eate pas l\u00e0 puisqu\u2019il va \u00e9galement d\u00e9rober les cl\u00e9s de voiture de sa victime et arracher un r\u00e9troviseur ainsi qu\u2019un morceau de carrosserie.<\/p>\n<p><strong><\/strong>La victime ayant d\u00e9pos\u00e9 plainte, l\u2019enqu\u00eate de police a permis d\u2019identifier et de retrouver le violent. Convoqu\u00e9 ce lundi 26\u00a0mai \u00e0 l\u2019H\u00f4tel de police \u00e0 Saint-Etienne, le quadrag\u00e9naire a \u00e9t\u00e9 plac\u00e9 en garde \u00e0 vue et auditionn\u00e9. \u00c0 l\u2019issue, il s\u2019est vu notifier une convocation devant le tribunal correctionnel de Saint-Etienne au cours des prochaines semaines. Au d\u00e9part, le diff\u00e9rend pourrait s\u2019expliquer par un coup de klaxon peu appr\u00e9ci\u00e9\u2026<\/p>\n","protected":false},"excerpt":{"rendered":"\u00ab\u00a0Road rage\u00a0\u00bb. Le terme ne vous dit peut-\u00eatre rien mais cet anglicisme d\u00e9signe l\u2019incapacit\u00e9 des automobilistes \u00e0 g\u00e9rer&hellip;\n","protected":false},"author":2,"featured_media":135318,"comment_status":"","ping_status":"","sticky":false,"template":"","format":"standard","meta":{"footnotes":""},"categories":[9653],"tags":[1111,11,2430,271,272,7539,1777,674,274,107,1011,27,12053,3367,12,25,4001,9664],"class_list":{"0":"post-135317","1":"post","2":"type-post","3":"status-publish","4":"format-standard","5":"has-post-thumbnail","7":"category-saint-etienne","8":"tag-actu","9":"tag-actualites","10":"tag-auvergne-rhone-alpes","11":"tag-crime","12":"tag-delit-et-contravention","13":"tag-edition-loire-sud","14":"tag-eu","15":"tag-europe","16":"tag-faits-divers-justice","17":"tag-fil-info","18":"tag-fr","19":"tag-france","20":"tag-la-talaudiere","21":"tag-loire","22":"tag-news","23":"tag-republique-francaise","24":"tag-saint-etienne","25":"tag-saint-etienne-bassin"},"share_on_mastodon":{"url":"https:\/\/pubeurope.com\/@fr\/114587676437232271","error":""},"_links":{"self":[{"href":"https:\/\/www.europesays.com\/fr\/wp-json\/wp\/v2\/posts\/135317","targetHints":{"allow":["GET"]}}],"collection":[{"href":"https:\/\/www.europesays.com\/fr\/wp-json\/wp\/v2\/posts"}],"about":[{"href":"https:\/\/www.europesays.com\/fr\/wp-json\/wp\/v2\/types\/post"}],"author":[{"embeddable":true,"href":"https:\/\/www.europesays.com\/fr\/wp-json\/wp\/v2\/users\/2"}],"replies":[{"embeddable":true,"href":"https:\/\/www.europesays.com\/fr\/wp-json\/wp\/v2\/comments?post=135317"}],"version-history":[{"count":0,"href":"https:\/\/www.europesays.com\/fr\/wp-json\/wp\/v2\/posts\/135317\/revisions"}],"wp:featuredmedia":[{"embeddable":true,"href":"https:\/\/www.europesays.com\/fr\/wp-json\/wp\/v2\/media\/135318"}],"wp:attachment":[{"href":"https:\/\/www.europesays.com\/fr\/wp-json\/wp\/v2\/media?parent=135317"}],"wp:term":[{"taxonomy":"category","embeddable":true,"href":"https:\/\/www.europesays.com\/fr\/wp-json\/wp\/v2\/categories?post=135317"},{"taxonomy":"post_tag","embeddable":true,"href":"https:\/\/www.europesays.com\/fr\/wp-json\/wp\/v2\/tags?post=135317"}],"curies":[{"name":"wp","href":"https:\/\/api.w.org\/{rel}","templated":true}]}}