{"id":135323,"date":"2025-05-28T21:54:28","date_gmt":"2025-05-28T21:54:28","guid":{"rendered":"https:\/\/www.europesays.com\/fr\/135323\/"},"modified":"2025-05-28T21:54:28","modified_gmt":"2025-05-28T21:54:28","slug":"selections-nancy-rodez-bastia-lorient-les-clubs-liberent-des-joueurs-pour-des-matchs-internationaux","status":"publish","type":"post","link":"https:\/\/www.europesays.com\/fr\/135323\/","title":{"rendered":"S\u00e9lections &#8211; Nancy, Rodez, Bastia, Lorient&#8230; les clubs lib\u00e8rent des joueurs pour des matchs internationaux"},"content":{"rendered":"<p style=\"text-align: justify;\">Alors que beaucoup de leurs co\u00e9quipiers prennent des vacances bien m\u00e9rit\u00e9es (ou se r\u00e9athl\u00e9tisent apr\u00e8s une longue blessure), plusieurs personnalit\u00e9s de <strong>Ligue 2<\/strong> vont rester actives ces prochaines semaine et repousser leur repos ! C\u2019est le cas des joueurs de <strong>Rodez<\/strong>, <strong>Lorient<\/strong>, <strong>Nancy<\/strong>, <a href=\"https:\/\/maligue2.fr\/2025\/05\/27\/selections-deux-attaquants-de-metz-appeles-avec-le-senegal-en-juin\/\" target=\"_blank\" rel=\"noopener\">Metz<\/a> mais aussi <strong>Bastia<\/strong>, clubs qui voient tous un ou plusieurs de leurs prot\u00e9g\u00e9s partir pour diverses comp\u00e9titions, list\u00e9es ci-dessous. Plus de convocations peuvent \u00eatre annonc\u00e9es dans les prochains jours et MaLigue2 veillera \u00e0 vous fournir les derni\u00e8res informations.<\/p>\n<p style=\"text-align: justify;\">\u00c0 lire aussi &gt;&gt;\u00a0<a href=\"https:\/\/maligue2.fr\/2025\/05\/27\/selections-deux-attaquants-de-metz-appeles-avec-le-senegal-en-juin\/\" target=\"_blank\" rel=\"noopener\">S\u00e9lections \u2013 Deux attaquants de Metz appel\u00e9s avec le S\u00e9n\u00e9gal en juin<\/a><\/p>\n<p><strong>Les joueurs de Nancy, Lorient, Rodez et Bastia convoqu\u00e9s en juin 2025<\/strong><\/p>\n<p style=\"text-align: justify;\">Cameroun (amicaux) : Darlin Yongwa (FC Lorient), Arthur Avom Ebong (FC Lorient), Wilitty Younoussa (Rodez AF).<br \/>Comores (Coupe COSAFA) : Hakim Abdallah (Rodez AF).<br \/>Guadeloupe (Gold Cup) : Noah Cadiou (Rodez AF).<br \/>Ha\u00efti (\u00e9liminatoires Mondial + Gold Cup) : Johny Placide (SC Bastia),\u00a0 Martin Exp\u00e9rience (AS Nancy).<br \/>RD Congo (amicaux) : Lionel Mpasi (Rodez AF).<\/p>\n","protected":false},"excerpt":{"rendered":"Alors que beaucoup de leurs co\u00e9quipiers prennent des vacances bien m\u00e9rit\u00e9es (ou se r\u00e9athl\u00e9tisent apr\u00e8s une longue blessure),&hellip;\n","protected":false},"author":2,"featured_media":135324,"comment_status":"","ping_status":"","sticky":false,"template":"","format":"standard","meta":{"footnotes":""},"categories":[9635],"tags":[1111,11,5621,1777,674,1011,27,775,1781,1702,12,25,26119],"class_list":{"0":"post-135323","1":"post","2":"type-post","3":"status-publish","4":"format-standard","5":"has-post-thumbnail","7":"category-nancy","8":"tag-actu","9":"tag-actualites","10":"tag-bastia","11":"tag-eu","12":"tag-europe","13":"tag-fr","14":"tag-france","15":"tag-grand-est","16":"tag-lorient","17":"tag-nancy","18":"tag-news","19":"tag-republique-francaise","20":"tag-rodez"},"share_on_mastodon":{"url":"https:\/\/pubeurope.com\/@fr\/114587688291151757","error":""},"_links":{"self":[{"href":"https:\/\/www.europesays.com\/fr\/wp-json\/wp\/v2\/posts\/135323","targetHints":{"allow":["GET"]}}],"collection":[{"href":"https:\/\/www.europesays.com\/fr\/wp-json\/wp\/v2\/posts"}],"about":[{"href":"https:\/\/www.europesays.com\/fr\/wp-json\/wp\/v2\/types\/post"}],"author":[{"embeddable":true,"href":"https:\/\/www.europesays.com\/fr\/wp-json\/wp\/v2\/users\/2"}],"replies":[{"embeddable":true,"href":"https:\/\/www.europesays.com\/fr\/wp-json\/wp\/v2\/comments?post=135323"}],"version-history":[{"count":0,"href":"https:\/\/www.europesays.com\/fr\/wp-json\/wp\/v2\/posts\/135323\/revisions"}],"wp:featuredmedia":[{"embeddable":true,"href":"https:\/\/www.europesays.com\/fr\/wp-json\/wp\/v2\/media\/135324"}],"wp:attachment":[{"href":"https:\/\/www.europesays.com\/fr\/wp-json\/wp\/v2\/media?parent=135323"}],"wp:term":[{"taxonomy":"category","embeddable":true,"href":"https:\/\/www.europesays.com\/fr\/wp-json\/wp\/v2\/categories?post=135323"},{"taxonomy":"post_tag","embeddable":true,"href":"https:\/\/www.europesays.com\/fr\/wp-json\/wp\/v2\/tags?post=135323"}],"curies":[{"name":"wp","href":"https:\/\/api.w.org\/{rel}","templated":true}]}}