{"id":135325,"date":"2025-05-28T21:55:08","date_gmt":"2025-05-28T21:55:08","guid":{"rendered":"https:\/\/www.europesays.com\/fr\/135325\/"},"modified":"2025-05-28T21:55:08","modified_gmt":"2025-05-28T21:55:08","slug":"tour-du-monde-gustatif-place-felix-reynaud-a-la-crau","status":"publish","type":"post","link":"https:\/\/www.europesays.com\/fr\/135325\/","title":{"rendered":"Tour du monde gustatif, place F\u00e9lix-Reynaud \u00e0 La Crau"},"content":{"rendered":"<p>L\u2019\u00e9t\u00e9 se rapproche et avec lui le retour des festivals en plein air. La premi\u00e8re \u00e9dition de La Crau Food truck festival le 31 mai vous fait d\u00e9couvrir des saveurs des quatre coins du monde. Entre 18h et 1h, une vingtaine de stands de nourriture occuperont la place Reynaud. \u00ab\u00a0Notre objectif est de proposer un maximum de sp\u00e9cialit\u00e9s aux festivaliers\u00a0\u00bb, raconte J\u00e9r\u00f4me Tarassi, pr\u00e9sident de l\u2019association Les Pros de La Crau. \u00ab\u00a0Il y aura des stands de nourriture \u00e9tasunienne, mexicaine, tha\u00eflandaise, antillaise.\u00a0\u00bb<\/p>\n<p>En parall\u00e8le, un village artisanal mettra en avant des commer\u00e7ants et artisans locaux, avec des animations pr\u00e9vues pour les enfants. \u00ab\u00a0Nous sommes all\u00e9s d\u00e9nicher des petites p\u00e9pites crauroises pour valoriser nos commer\u00e7ants et artisans\u00a0\u00bb, ajoute l\u2019organisateur.<\/p>\n<p><strong>Musique et sport en toile de fond<\/strong><\/p>\n<p>\u00c0 l\u2019occasion de ses dix ans, l\u2019association souhaite faire de cet \u00e9v\u00e9nement un nouveau rendez-vous embl\u00e9matique du d\u00e9but de l\u2019\u00e9t\u00e9. \u00ab\u00a0Il commence \u00e0 faire beau et les jours sont plus longs, c\u2019est une belle opportunit\u00e9 de rester dehors entre amis ou en famille.\u00a0\u00bb<\/p>\n<p>Trois temps forts viendront rythmer le festival: un concert d\u2019un groupe gipsy, la retransmission sur \u00e9cran g\u00e9ant de la finale de la Ligue des champions de football et un DJ set \u00e9lectro-latino par Oonly Cut pour cl\u00f4turer la soir\u00e9e. Entr\u00e9e libre.<\/p>\n<p>\u00a0<\/p>\n","protected":false},"excerpt":{"rendered":"L\u2019\u00e9t\u00e9 se rapproche et avec lui le retour des festivals en plein air. La premi\u00e8re \u00e9dition de La&hellip;\n","protected":false},"author":2,"featured_media":135326,"comment_status":"","ping_status":"","sticky":false,"template":"","format":"standard","meta":{"footnotes":""},"categories":[9619],"tags":[1111,11,1777,674,1011,27,12,882,25,2310,1631,3366],"class_list":{"0":"post-135325","1":"post","2":"type-post","3":"status-publish","4":"format-standard","5":"has-post-thumbnail","7":"category-toulon","8":"tag-actu","9":"tag-actualites","10":"tag-eu","11":"tag-europe","12":"tag-fr","13":"tag-france","14":"tag-news","15":"tag-provence-alpes-cote-dazur","16":"tag-republique-francaise","17":"tag-toulon","18":"tag-vie-associative","19":"tag-vie-locale"},"share_on_mastodon":{"url":"https:\/\/pubeurope.com\/@fr\/114587692083353453","error":""},"_links":{"self":[{"href":"https:\/\/www.europesays.com\/fr\/wp-json\/wp\/v2\/posts\/135325","targetHints":{"allow":["GET"]}}],"collection":[{"href":"https:\/\/www.europesays.com\/fr\/wp-json\/wp\/v2\/posts"}],"about":[{"href":"https:\/\/www.europesays.com\/fr\/wp-json\/wp\/v2\/types\/post"}],"author":[{"embeddable":true,"href":"https:\/\/www.europesays.com\/fr\/wp-json\/wp\/v2\/users\/2"}],"replies":[{"embeddable":true,"href":"https:\/\/www.europesays.com\/fr\/wp-json\/wp\/v2\/comments?post=135325"}],"version-history":[{"count":0,"href":"https:\/\/www.europesays.com\/fr\/wp-json\/wp\/v2\/posts\/135325\/revisions"}],"wp:featuredmedia":[{"embeddable":true,"href":"https:\/\/www.europesays.com\/fr\/wp-json\/wp\/v2\/media\/135326"}],"wp:attachment":[{"href":"https:\/\/www.europesays.com\/fr\/wp-json\/wp\/v2\/media?parent=135325"}],"wp:term":[{"taxonomy":"category","embeddable":true,"href":"https:\/\/www.europesays.com\/fr\/wp-json\/wp\/v2\/categories?post=135325"},{"taxonomy":"post_tag","embeddable":true,"href":"https:\/\/www.europesays.com\/fr\/wp-json\/wp\/v2\/tags?post=135325"}],"curies":[{"name":"wp","href":"https:\/\/api.w.org\/{rel}","templated":true}]}}