{"id":135339,"date":"2025-05-28T22:07:18","date_gmt":"2025-05-28T22:07:18","guid":{"rendered":"https:\/\/www.europesays.com\/fr\/135339\/"},"modified":"2025-05-28T22:07:18","modified_gmt":"2025-05-28T22:07:18","slug":"antisemitisme-la-licra-suspend-toutes-ses-actions-en-lien-avec-strasbourg-en-raison-des-positions-de-sa-maire-ecologiste-jeanne-barseghian","status":"publish","type":"post","link":"https:\/\/www.europesays.com\/fr\/135339\/","title":{"rendered":"Antis\u00e9mitisme : la Licra suspend toutes ses actions en lien avec Strasbourg en raison des positions de sa maire \u00e9cologiste Jeanne Barseghian"},"content":{"rendered":"<p>                                            Soci\u00e9t\u00e9\n                                                                            <\/p>\n<p>\n                                            La Licra a d\u00e9cid\u00e9 de suspendre l\u2019action \u00e9ducative qu\u2019elle avait planifi\u00e9e avec la ville de Strasbourg en juin, en raison des prises de position pro-Palestine de la maire Jeanne Barseghian.                                        <\/p>\n<p>                                                Publi\u00e9 le 28 mai 2025 \u00e0 19h24                                                                                            <\/p>\n<p>                                            <img loading=\"lazy\" width=\"520\" height=\"390\" src=\"https:\/\/www.europesays.com\/fr\/wp-content\/uploads\/2025\/05\/Jeanne-Barseghian.jpg\" class=\"attachment-post-thumbnail size-post-thumbnail wp-post-image lazy\" alt=\"La maire de Strasbourg, Jeanne Barseghian. Photo \u00a9\ufe0f Christelle REWIAKO\/SIPA\" decoding=\"async\"  data-\/><\/p>\n<p>                                            La maire de Strasbourg, Jeanne Barseghian. Photo \u00a9\ufe0f Christelle REWIAKO\/SIPA<\/p>\n<p data-start=\"78\" data-end=\"510\">Le samedi 25 mai, la mairie de Strasbourg a accueilli une d\u00e9l\u00e9gation du camp palestinien d\u2019A\u00efda. <a href=\"https:\/\/www.valeursactuelles.com\/politique\/strasbourg-la-maire-ecologiste-jeanne-barseghian-annonce-un-jumelage-de-la-ville-avec-le-camp-palestinien-daida\" target=\"_blank\" rel=\"noopener\">Jeanne Barseghian<\/a>, \u00e9lue \u00e9cologiste, est apparue avec un keffieh aux c\u00f4t\u00e9s des membres de la d\u00e9l\u00e9gation, qui lui ont offert une carte niant l\u2019existence d\u2019Isra\u00ebl dans le cadre du nouveau jumelage avec la ville. La mairie a de plus suspendu le jumelage qu\u2019elle entretenait depuis plus de trente ans avec la ville isra\u00e9lienne de Ramat Gan.<\/p>\n<p><a href=\"https:\/\/www.valeursactuelles.com\/politique\/paris-elle-sest-excusee-les-ecolos-tentent-de-prendre-leurs-distances-avec-leur-elue-ayant-tenu-des-propos-antisemites\" class=\"h-flex h-align-items-center h-border-tb h-ptb-15\" target=\"_blank\" rel=\"noopener\">A\u00a0LIRE\u00a0Paris : \u00ab\u00a0Elle s\u2019est excus\u00e9e\u00a0\u00bb\u2026 Les \u00e9colos tentent de prendre leurs distances avec leur \u00e9lue ayant tenu des propos antis\u00e9mites<\/a><\/p>\n<p data-start=\"512\" data-end=\"768\">Cette d\u00e9cision a vivement choqu\u00e9 une grande partie de la communaut\u00e9 juive, notamment le Crif. \u00ab C\u2019est indigne de la ville de Strasbourg et de son Histoire \u00bb, a d\u00e9nonc\u00e9 Sophie Cohen-Elbaz, vice-pr\u00e9sidente du Crif en Alsace, lors d\u2019un entretien avec <a href=\"https:\/\/www.cnews.fr\/france\/2025-05-28\/cest-indigne-le-crif-scandalise-par-la-maire-de-strasbourg-qui-porte-un-keffieh\" target=\"_blank\" rel=\"noopener\">CNews.<\/a><\/p>\n<p>\u00ab Un devoir de clarifier la situation et ses intentions \u00bb<\/p>\n<p data-start=\"831\" data-end=\"1284\">De son c\u00f4t\u00e9, la Ligue internationale contre le racisme et l\u2019antis\u00e9mitisme a annonc\u00e9 la suspension de son action \u00e9ducative pr\u00e9vue en juin avec la ville de Strasbourg dans un communiqu\u00e9 : \u00ab Madame la maire, vous avez instill\u00e9 un malaise profond chez une partie de vos administr\u00e9s, mais bien au-del\u00e0, chez tous les citoyens de notre pays, qui face aux menaces internationales, placent la concorde nationale devant toutes autres formes de consid\u00e9ration. \u00bb<\/p>\n<blockquote class=\"twitter-tweet\">\n<p dir=\"ltr\" lang=\"fr\">\ud83d\udcdd En raison des prises de position r\u00e9centes de la Maire de <a href=\"https:\/\/twitter.com\/hashtag\/Strasbourg?src=hash&amp;ref_src=twsrc%5Etfw\" target=\"_blank\" rel=\"noopener\">#Strasbourg<\/a>, la Licra et le Festival Jos\u00e9phine Baker suspendent l\u2019action \u00e9ducative pr\u00e9vue avec la ville en juin.<\/p>\n<p>Ci-dessous le courrier adress\u00e9 par <a href=\"https:\/\/twitter.com\/MarioPstasi?ref_src=twsrc%5Etfw\" target=\"_blank\" rel=\"noopener\">@MarioPstasi<\/a>, Pr\u00e9sident de la Licra, et Claude Pierre Bloch,\u2026 <a href=\"https:\/\/t.co\/nFcwUVZPRk\">pic.twitter.com\/nFcwUVZPRk<\/a><\/p>\n<p>\u2014 Licra (@_LICRA_) <a href=\"https:\/\/twitter.com\/_LICRA_\/status\/1927409466573766678?ref_src=twsrc%5Etfw\" target=\"_blank\" rel=\"noopener\">May 27, 2025<\/a><\/p>\n<\/blockquote>\n<p data-start=\"1286\" data-end=\"1711\">Dans son communiqu\u00e9, la Licra ajoute : \u00ab Le militantisme aux accents antisionistes ne nous semble pas compatible avec le message d\u2019espoir destin\u00e9 \u00e0 la jeunesse, ni avec les valeurs universalistes et antiracistes que notre association d\u00e9fend. \u00bbElle estime \u00e9galement que la maire a \u00ab le devoir de clarifier la situation et ses intentions \u00bb et de condamner \u00ab ce cadeau empoisonn\u00e9 fait dans un b\u00e2timent de la R\u00e9publique \u00bb.<\/p>\n<p>                                                                    <script async src=\"https:\/\/platform.twitter.com\/widgets.js\" charset=\"utf-8\"><\/script><\/p>\n","protected":false},"excerpt":{"rendered":"Soci\u00e9t\u00e9 La Licra a d\u00e9cid\u00e9 de suspendre l\u2019action \u00e9ducative qu\u2019elle avait planifi\u00e9e avec la ville de Strasbourg en&hellip;\n","protected":false},"author":2,"featured_media":135340,"comment_status":"","ping_status":"","sticky":false,"template":"","format":"standard","meta":{"footnotes":""},"categories":[2820],"tags":[1111,11,6155,26121,1777,674,1011,27,775,7125,19553,12,25,640],"class_list":{"0":"post-135339","1":"post","2":"type-post","3":"status-publish","4":"format-standard","5":"has-post-thumbnail","7":"category-strasbourg","8":"tag-actu","9":"tag-actualites","10":"tag-antisemitisme","11":"tag-crif","12":"tag-eu","13":"tag-europe","14":"tag-fr","15":"tag-france","16":"tag-grand-est","17":"tag-jeanne-barseghian","18":"tag-licra","19":"tag-news","20":"tag-republique-francaise","21":"tag-strasbourg"},"share_on_mastodon":{"url":"https:\/\/pubeurope.com\/@fr\/114587739416910836","error":""},"_links":{"self":[{"href":"https:\/\/www.europesays.com\/fr\/wp-json\/wp\/v2\/posts\/135339","targetHints":{"allow":["GET"]}}],"collection":[{"href":"https:\/\/www.europesays.com\/fr\/wp-json\/wp\/v2\/posts"}],"about":[{"href":"https:\/\/www.europesays.com\/fr\/wp-json\/wp\/v2\/types\/post"}],"author":[{"embeddable":true,"href":"https:\/\/www.europesays.com\/fr\/wp-json\/wp\/v2\/users\/2"}],"replies":[{"embeddable":true,"href":"https:\/\/www.europesays.com\/fr\/wp-json\/wp\/v2\/comments?post=135339"}],"version-history":[{"count":0,"href":"https:\/\/www.europesays.com\/fr\/wp-json\/wp\/v2\/posts\/135339\/revisions"}],"wp:featuredmedia":[{"embeddable":true,"href":"https:\/\/www.europesays.com\/fr\/wp-json\/wp\/v2\/media\/135340"}],"wp:attachment":[{"href":"https:\/\/www.europesays.com\/fr\/wp-json\/wp\/v2\/media?parent=135339"}],"wp:term":[{"taxonomy":"category","embeddable":true,"href":"https:\/\/www.europesays.com\/fr\/wp-json\/wp\/v2\/categories?post=135339"},{"taxonomy":"post_tag","embeddable":true,"href":"https:\/\/www.europesays.com\/fr\/wp-json\/wp\/v2\/tags?post=135339"}],"curies":[{"name":"wp","href":"https:\/\/api.w.org\/{rel}","templated":true}]}}