{"id":135341,"date":"2025-05-28T22:08:15","date_gmt":"2025-05-28T22:08:15","guid":{"rendered":"https:\/\/www.europesays.com\/fr\/135341\/"},"modified":"2025-05-28T22:08:15","modified_gmt":"2025-05-28T22:08:15","slug":"strasbourg-pour-les-animations-dete-la-ville-fait-pousser-une-petite-foret-sur-la-place-du-chateau","status":"publish","type":"post","link":"https:\/\/www.europesays.com\/fr\/135341\/","title":{"rendered":"Strasbourg. Pour les animations d&rsquo;\u00e9t\u00e9, la Ville fait pousser une petite for\u00eat sur la place du Ch\u00e2teau"},"content":{"rendered":"<p class=\"insetTitle\">Au programme cet \u00e9t\u00e9 <\/p>\n<p class=\"xsm-p\"><strong>La musique en force<\/strong>\u00a0: la programmation d\u2019\u00e9t\u00e9 d\u00e9marrera avec la <a href=\"https:\/\/www.dna.fr\/culture-loisirs\/2025\/04\/08\/l-appel-a-candidatures-pour-la-fete-de-la-musique-est-ouvert\" target=\"_blank\" rel=\"nofollow noopener\">F\u00eate de la musique le 21\u00a0juin<\/a>, en horaires d\u00e9cal\u00e9s de 19\u00a0h \u00e0 minuit. Plus qu\u2019une journ\u00e9e, on aura une semaine compl\u00e8te consacr\u00e9e \u00e0 la musique, depuis le 21\u00a0juin jusqu\u2019\u00e0 la Symphonie des arts, du 27 au 29\u00a0juin au jardin des Deux-Rives (concert de l\u2019Orchestre philharmonique le samedi\u00a028 au soir).<\/p>\n<p class=\"xsm-p\"><strong>Docks d\u2019\u00e9t\u00e9, le retour\u00a0<\/strong>: La presqu\u2019\u00eele Malraux aura \u00e0 nouveau <a href=\"https:\/\/www.dna.fr\/culture-loisirs\/2024\/07\/28\/plage-malraux-les-pieds-dans-le-sable-en-plein-centre-ville\" target=\"_blank\" rel=\"nofollow noopener\">sa plage \u00e9ph\u00e9m\u00e8re<\/a>, sa base nautique pour les enfants, ses animations jeune public tous les apr\u00e8s-midi d\u00e8s 14\u00a0h.<\/p>\n<p class=\"xsm-p\"><strong>Sport pour tous<\/strong>\u00a0: la programmation sportive est embl\u00e9matique de la volont\u00e9 d\u2019aller dans les quartiers vers tous les publics de la ville. Du 9\u00a0juillet au 24\u00a0ao\u00fbt les trois plaines sportives de la ville (Baggersee, Hautepierre et Citadelle) proposeront de tester diff\u00e9rentes pratiques sur plusieurs jours.<\/p>\n<p class=\"xsm-p\"><strong>Carava\u2019nage\u00a0<\/strong>: un accent particulier sera mis sur le savoir nager, notamment avec <a href=\"https:\/\/www.dna.fr\/sport\/2024\/07\/08\/la-piscine-itinerante-carava-nage-debute-sa-tournee-d-ete\" target=\"_blank\" rel=\"nofollow noopener\">le bassin mobile pour les 4-6 ans<\/a> qui sera une dizaine de jours \u00e0 La Wantzenau (\u00e0 partir du 7\u00a0juillet), puis \u00e0 Plobsheim, au Neufeld \u00e0 Strasbourg et \u00e0 Oberschaeffolsheim.<\/p>\n<p class=\"xsm-p\"><strong>Cin\u00e9ma de plein air<\/strong>\u00a0: neuf dates sont pr\u00e9vues dans autant d\u2019endroits diff\u00e9rents \u00e0 Strasbourg avec un choix large de films, de\u00a0Lost in Translation au Chat Pott\u00e9 2.<\/p>\n<p class=\"xsm-p\"><strong>10 ans du FARSe\u00a0<\/strong>: <a href=\"https:\/\/www.dna.fr\/culture-loisirs\/2024\/08\/24\/la-magie-de-faire-partie-du-spectacle-reussite-d-un-farse-participatif\" target=\"_blank\" rel=\"nofollow noopener\">le festival des arts de la rue<\/a> a \u00e9t\u00e9 d\u00e9plac\u00e9 l\u2019an dernier pour ne pas se mettre en concurrence avec le calendrier des Jeux olympiques. Ce dernier week-end d\u2019ao\u00fbt s\u2019est av\u00e9r\u00e9 profitable en termes d\u2019affluence. La cinquantaine de repr\u00e9sentations sera donc visible du vendredi\u00a029 au dimanche 31\u00a0ao\u00fbt.<\/p>\n<p class=\"xsm-p\"><strong>Tradition<\/strong>\u00a0: Huit groupes folkloriques alsaciens viendront assurer autant de dates pour montrer les danses traditionnelles place Gutenberg, tous les dimanches \u00e0 10\u00a0h\u00a030 du 29\u00a0juin au 17\u00a0ao\u00fbt. En compl\u00e9ment, fanfares et orchestres de musique traditionnelle se produiront \u00e0 20\u00a0h les lundis place Gutenberg, les mardis place Benjamin Zix, les mercredis place des Tripiers du 30\u00a0juin au 20\u00a0ao\u00fbt.<\/p>\n<p class=\"xsm-p note\">On peut pr\u00e9ciser encore que le principe g\u00e9n\u00e9ral d\u2019acc\u00e8s \u00e0 cette programmation est la gratuit\u00e9.<\/p>\n","protected":false},"excerpt":{"rendered":"Au programme cet \u00e9t\u00e9 La musique en force\u00a0: la programmation d\u2019\u00e9t\u00e9 d\u00e9marrera avec la F\u00eate de la musique&hellip;\n","protected":false},"author":2,"featured_media":135342,"comment_status":"","ping_status":"","sticky":false,"template":"","format":"standard","meta":{"footnotes":""},"categories":[2820],"tags":[1111,11,1687,2880,1777,674,107,1011,27,775,873,12,2661,25,3140,640,2879],"class_list":{"0":"post-135341","1":"post","2":"type-post","3":"status-publish","4":"format-standard","5":"has-post-thumbnail","7":"category-strasbourg","8":"tag-actu","9":"tag-actualites","10":"tag-culture-loisirs","11":"tag-edition-strasbourg","12":"tag-eu","13":"tag-europe","14":"tag-fil-info","15":"tag-fr","16":"tag-france","17":"tag-grand-est","18":"tag-musique","19":"tag-news","20":"tag-patrimoine-culturel","21":"tag-republique-francaise","22":"tag-spectacle","23":"tag-strasbourg","24":"tag-strasbourg-ville"},"share_on_mastodon":{"url":"https:\/\/pubeurope.com\/@fr\/114587743516302826","error":""},"_links":{"self":[{"href":"https:\/\/www.europesays.com\/fr\/wp-json\/wp\/v2\/posts\/135341","targetHints":{"allow":["GET"]}}],"collection":[{"href":"https:\/\/www.europesays.com\/fr\/wp-json\/wp\/v2\/posts"}],"about":[{"href":"https:\/\/www.europesays.com\/fr\/wp-json\/wp\/v2\/types\/post"}],"author":[{"embeddable":true,"href":"https:\/\/www.europesays.com\/fr\/wp-json\/wp\/v2\/users\/2"}],"replies":[{"embeddable":true,"href":"https:\/\/www.europesays.com\/fr\/wp-json\/wp\/v2\/comments?post=135341"}],"version-history":[{"count":0,"href":"https:\/\/www.europesays.com\/fr\/wp-json\/wp\/v2\/posts\/135341\/revisions"}],"wp:featuredmedia":[{"embeddable":true,"href":"https:\/\/www.europesays.com\/fr\/wp-json\/wp\/v2\/media\/135342"}],"wp:attachment":[{"href":"https:\/\/www.europesays.com\/fr\/wp-json\/wp\/v2\/media?parent=135341"}],"wp:term":[{"taxonomy":"category","embeddable":true,"href":"https:\/\/www.europesays.com\/fr\/wp-json\/wp\/v2\/categories?post=135341"},{"taxonomy":"post_tag","embeddable":true,"href":"https:\/\/www.europesays.com\/fr\/wp-json\/wp\/v2\/tags?post=135341"}],"curies":[{"name":"wp","href":"https:\/\/api.w.org\/{rel}","templated":true}]}}