{"id":135347,"date":"2025-05-28T22:11:18","date_gmt":"2025-05-28T22:11:18","guid":{"rendered":"https:\/\/www.europesays.com\/fr\/135347\/"},"modified":"2025-05-28T22:11:18","modified_gmt":"2025-05-28T22:11:18","slug":"la-culture-reste-un-acte-de-resistance-lacademie-litteraires-a-remis-ses-prix-a","status":"publish","type":"post","link":"https:\/\/www.europesays.com\/fr\/135347\/","title":{"rendered":"\u00ab\u00a0La culture reste un acte de r\u00e9sistance\u00a0\u00bb\u00a0: l\u2019Acad\u00e9mie litt\u00e9raires a remis ses prix \u00e0"},"content":{"rendered":"<p>Le bruissement des pages a remplac\u00e9 l\u2019effervescence politique de l\u2019h\u00e9micycle du quai Ceineray. Comme chaque ann\u00e9e, l\u2019Acad\u00e9mie et le D\u00e9partement, par la voix du chancelier Dominique Pierrel\u00e9e et de la vice-pr\u00e9sidente \u00e0 la culture et au patrimoine Dominique Poirout, ont rappel\u00e9 que ces prix sont un engagement pour la litt\u00e9rature r\u00e9gionale, un acte d\u2019amour pour les mots et pour ce coin de France o\u00f9 m\u00eame les livres sentent la pluie et la lande.<\/p>\n<p>\u00c9chapp\u00e9es v\u00e9g\u00e9tales en Loire-Atlantique<\/p>\n<p>Le Prix Loire-Atlantique documentaire revient cette ann\u00e9e \u00e0 Philippe F\u00e9rard et Jacques Soignon, pour \u00ab\u00a0\u00c9chapp\u00e9es v\u00e9g\u00e9tales en Loire-Atlantique\u00a0\u00bb (\u00e9dition. d\u2019Orbestier). Quarante-quatre promenades pour r\u00e9v\u00e9ler les tr\u00e9sors botaniques qui vivent en silence dans nos campagnes, parcs et jardins\u2026 De la trompette de M\u00e9duse du ch\u00e2teau de Maubreuil au ch\u00e2taignier mill\u00e9naire de l\u2019\u00c9raudi\u00e8re, ce livre invite \u00e0 \u00e9couter le murmure des feuilles, un hommage \u00e0 la nature indomptable. \u00c0 la fois \u00e9rudite et accessible, l\u2019\u0153uvre est pr\u00e9fac\u00e9e par le botaniste Francis Hall\u00e9. Experts passionn\u00e9s, les deux auteurs ne sont pas de simples promeneurs\u00a0: Jacques Soignon, \u00e9cologue dipl\u00f4m\u00e9 et ancien directeur des espaces verts de Nantes, et Philippe F\u00e9rard, botaniste et ex-directeur du cours municipal de botanique, tracent un parcours o\u00f9 chaque plante a son mot \u00e0 dire.<\/p>\n<p><a href=\"https:\/\/nantes.maville.com\/actu\/actudet_-quels-sont-les-plus-beaux-spots-de-diversite-vegetale-en-loire-atlantique-_8-6428053_actu.Htm\" target=\"_blank\" rel=\"noopener\"> <strong>LIRE AUSSI.<\/strong>\u00a0Quels sont les plus beaux spots de diversit\u00e9 v\u00e9g\u00e9tale en Loire-Atlantique\u00a0?<\/a><\/p>\n<p>La po\u00e9sie r\u00e9compens\u00e9e<\/p>\n<p>Le Prix Yves Cosson a honor\u00e9 les \u0153uvres de deux po\u00e8tes li\u00e9s par la plume\u2026 et par le c\u0153ur\u00a0: Ariel Spiegler, n\u00e9e \u00e0 S\u00e3o Paulo, et \u00c9tienne Paulin, angevin, chacun portant sa voix unique et son propre battement. Ariel sculpte ses po\u00e8mes comme on murmure une chanson fragile, port\u00e9e par un souffle m\u00ealant Apollinaire, Shakespeare et les ombres r\u00eaveuses de Michaux. Philosophe \u00e9chapp\u00e9e des salles de classe, infirmi\u00e8re en devenir, elle \u00e9crit comme on respire entre deux mar\u00e9es. Dans l\u2019\u00e9criture d\u2019\u00c9tienne, la musique s\u2019immisce doucement\u00a0: piano, violoncelle et mots en parfaite r\u00e9sonance. Verlaine, Supervielle, James Sacr\u00e9 murmurent en lui \u2013 autant de voix qui nourrissent une \u00e9criture de nuance, de souffle et de silence. Onze recueils d\u00e9j\u00e0, une fid\u00e9lit\u00e9 vibrante \u00e0 ceux qui l\u2019ont guid\u00e9\u00a0: Jean Le Bo\u00ebl, directeur litt\u00e9raire des \u00e9ditions Henry, et Guy Goffette, ami disparu chez Gallimard, dont l\u2019ombre veille encore, tendre et discr\u00e8te, entre les vers.<\/p>\n<p>Pour clore la soir\u00e9e, Michel Valmer, com\u00e9dien et musicien nantais, a port\u00e9 avec justesse la voix de Michel Ragon (1924-2020), \u00e9crivain et critique d\u2019art engag\u00e9, profond\u00e9ment enracin\u00e9 dans ses terres. Par son hommage, Valmer a rappel\u00e9 que la culture reste un acte de r\u00e9sistance. Une envol\u00e9e puissante, venue poser un dernier souffle sur cette c\u00e9r\u00e9monie printani\u00e8re.<\/p>\n<p>\u00a0<\/p>\n","protected":false},"excerpt":{"rendered":"Le bruissement des pages a remplac\u00e9 l\u2019effervescence politique de l\u2019h\u00e9micycle du quai Ceineray. Comme chaque ann\u00e9e, l\u2019Acad\u00e9mie et&hellip;\n","protected":false},"author":2,"featured_media":135348,"comment_status":"","ping_status":"","sticky":false,"template":"","format":"standard","meta":{"footnotes":""},"categories":[2818],"tags":[26122,9822,1111,11,251,1777,674,1011,27,26123,766,12,2636,2141,14582,25,9855,3138,6689,9693],"class_list":{"0":"post-135347","1":"post","2":"type-post","3":"status-publish","4":"format-standard","5":"has-post-thumbnail","7":"category-nantes","8":"tag-academie","9":"tag-acte","10":"tag-actu","11":"tag-actualites","12":"tag-culture","13":"tag-eu","14":"tag-europe","15":"tag-fr","16":"tag-france","17":"tag-litteraires","18":"tag-nantes","19":"tag-news","20":"tag-pays-de-la-loire","21":"tag-prix","22":"tag-remis","23":"tag-republique-francaise","24":"tag-resistance","25":"tag-reste","26":"tag-roche","27":"tag-yon"},"share_on_mastodon":{"url":"https:\/\/pubeurope.com\/@fr\/114587755042562581","error":""},"_links":{"self":[{"href":"https:\/\/www.europesays.com\/fr\/wp-json\/wp\/v2\/posts\/135347","targetHints":{"allow":["GET"]}}],"collection":[{"href":"https:\/\/www.europesays.com\/fr\/wp-json\/wp\/v2\/posts"}],"about":[{"href":"https:\/\/www.europesays.com\/fr\/wp-json\/wp\/v2\/types\/post"}],"author":[{"embeddable":true,"href":"https:\/\/www.europesays.com\/fr\/wp-json\/wp\/v2\/users\/2"}],"replies":[{"embeddable":true,"href":"https:\/\/www.europesays.com\/fr\/wp-json\/wp\/v2\/comments?post=135347"}],"version-history":[{"count":0,"href":"https:\/\/www.europesays.com\/fr\/wp-json\/wp\/v2\/posts\/135347\/revisions"}],"wp:featuredmedia":[{"embeddable":true,"href":"https:\/\/www.europesays.com\/fr\/wp-json\/wp\/v2\/media\/135348"}],"wp:attachment":[{"href":"https:\/\/www.europesays.com\/fr\/wp-json\/wp\/v2\/media?parent=135347"}],"wp:term":[{"taxonomy":"category","embeddable":true,"href":"https:\/\/www.europesays.com\/fr\/wp-json\/wp\/v2\/categories?post=135347"},{"taxonomy":"post_tag","embeddable":true,"href":"https:\/\/www.europesays.com\/fr\/wp-json\/wp\/v2\/tags?post=135347"}],"curies":[{"name":"wp","href":"https:\/\/api.w.org\/{rel}","templated":true}]}}