{"id":135357,"date":"2025-05-28T22:16:11","date_gmt":"2025-05-28T22:16:11","guid":{"rendered":"https:\/\/www.europesays.com\/fr\/135357\/"},"modified":"2025-05-28T22:16:11","modified_gmt":"2025-05-28T22:16:11","slug":"a69-reprise-du-chantier-scandale-pour-les-uns-bonne-nouvelle-pour-dautres-les-reactions-a-toulouse","status":"publish","type":"post","link":"https:\/\/www.europesays.com\/fr\/135357\/","title":{"rendered":"A69. Reprise du chantier : \u00ab\u00a0Scandale\u00a0\u00bb pour les uns, \u00ab\u00a0bonne nouvelle\u00a0\u00bb pour d&rsquo;autres : les r\u00e9actions \u00e0 Toulouse"},"content":{"rendered":"<p>            Par<br \/>\n        <strong><br \/>\n            <a href=\"https:\/\/actu.fr\/auteur\/mareva-laville-actu-fr\" title=\"Consulter tous les articles de Mar\u00e9va Laville\" target=\"_blank\" rel=\"noopener\">Mar\u00e9va Laville<\/a><br \/>\n        <\/strong><\/p>\n<p>        Publi\u00e9 le<\/p>\n<p>            28 mai 2025 \u00e0 23h29        <\/p>\n<p>Nouveau rebondissement pour le vaste dossier de l\u2019autoroute A69 entre Toulouse et Castres. Apr\u00e8s un <a href=\"https:\/\/actu.fr\/occitanie\/castres_81065\/a69-le-tribunal-administratif-annule-larrete-prefectoral-autorisant-le-chantier-entre-castres-a-toulouse_62308002.html\" target=\"_blank\" rel=\"noopener\">coup d\u2019arr\u00eat du chantier suite \u00e0 une d\u00e9cision du tribunal administratif<\/a> de Toulouse le 27 f\u00e9vrier dernier, puis l\u2019appel d\u00e9pos\u00e9 par l\u2019\u00c9tat et Atosca, une <a href=\"https:\/\/actu.fr\/societe\/autoroute-a69-castres-toulouse-le-senat-vote-largement-la-proposition-de-loi-pour-la-reprise-du-chantier_62640531.html\" target=\"_blank\" rel=\"noopener\">proposition de loi en la faveur de l\u2019A69<\/a>, puis <a href=\"https:\/\/actu.fr\/occitanie\/castres_81065\/autoroute-a69-la-justice-dira-dans-une-semaine-si-le-chantier-peut-reprendre-entre-castres-et-toulouse_62669537.html\" target=\"_blank\" rel=\"noopener\">la suspension des jugements<\/a> en attendant la d\u00e9cision de la Cour d\u2019appel administrative, cette derni\u00e8re a rendu son verdict ce mercredi 28 mai 2025. <strong>Reprise des travaux autoris\u00e9e !\u00a0<\/strong><\/p>\n<p class=\" wall-content\">C\u2019est<strong> l\u2019int\u00e9r\u00eat public majeur<\/strong> qu\u2019a retenu la cour administrative d\u2019appel pour justifier la d\u00e9rogation \u00e0 l\u2019interdiction de porter atteinte aux esp\u00e8ces prot\u00e9g\u00e9es, servant \u00e0 la r\u00e9alisation de cette autoroute. Les pr\u00e9c\u00e9dents jugements du tribunal administratif ont donc \u00e9t\u00e9 annul\u00e9s.\u00a0<\/p>\n<p class=\" wall-content\">De quoi susciter la col\u00e8re des uns, et <a href=\"https:\/\/actu.fr\/occitanie\/toulouse_31555\/autoroute-a69-castres-toulouse-c-est-un-truc-de-malade-la-joie-des-opposants-apres-l-annulation-du-projet_62307956.html\" target=\"_blank\" rel=\"noopener\">la joie des autres.<\/a> Dans ce dossier clivant, les divers collectifs \u00e9cologistes ont toujours contest\u00e9 ce projet de route. En f\u00e9vrier 2025, ils avaient donc, \u00e9videmment, v\u00e9cu la d\u00e9cision du tribunal comme une victoire. Aujourd\u2019hui, ils d\u00e9chantent, tandis que les \u00e9lus locaux, eux, se r\u00e9jouissent.<\/p>\n<p>\u00ab\u00a0Une bonne nouvelle\u00a0\u00bb pour ces \u00e9lus<\/p>\n<p class=\" wall-content\">Contact\u00e9 par Actu, <strong>Jean-Luc Moudenc<\/strong>, maire de Toulouse et pr\u00e9sident de Toulouse M\u00e9tropole, n\u2019a pas souhait\u00e9 r\u00e9agir. Au moment de l\u2019arr\u00eat du chantier, il avait estim\u00e9 que la <a href=\"https:\/\/actu.fr\/occitanie\/toulouse_31555\/autoroute-a69-arretee-la-decision-met-en-danger-tous-les-projets-significatifs-estime-le-maire-de-toulouse_62313787.html\" target=\"_blank\" rel=\"noopener\">d\u00e9cision du tribunal administratif mettait \u00ab\u00a0en danger tous les projets significatifs en France<\/a>\u00ab\u00a0.\u00a0<\/p>\n<p class=\" wall-content\">\u00ab\u00a0Voil\u00e0 une bonne nouvelle !\u00a0\u00bb, s\u2019exclame de son c\u00f4t\u00e9 l\u2019<strong>adjoint au maire Jean-Jacques Bolzan.\u00a0<\/strong><\/p>\n<p>Vid\u00e9os : en ce moment sur Actu<\/p>\n<p class=\" wall-content\">\n<p class=\" wall-content\">M\u00eame son de cloche pour la <strong>s\u00e9natrice de Haute-Garonne, Brigitte Micouleau<\/strong>, \u00e9galement conseill\u00e8re municipale et m\u00e9tropolitaine. La reprise du chantier est, selon elle, \u00ab\u00a0une bonne nouvelle pour les habitants du bassin d\u2019emploi de Castres Mazamet\u00a0\u00bb. Elle estime que la \u00ab\u00a0cour administrative d\u2019appel s\u2019est prononc\u00e9e dans le bon sens\u00a0\u00bb.<\/p>\n<p class=\" wall-content\">\n<p>\u00ab\u00a0Col\u00e8re\u00a0\u00bb pour les opposants<\/p>\n<p class=\" wall-content\">\u00ab\u00a0Incompr\u00e9hension et col\u00e8re ! Le sursis \u00e0 ex\u00e9cution est accept\u00e9. Les travaux de l\u2019absurde et destructrice A69 vont reprendre. Cette d\u00e9cision mettra les magistrats de la Cour d\u2019appel devant le fait accompli, et ent\u00e9rine donc le droit \u00e0 d\u00e9truire l\u2019environnement en pi\u00e9tinant la loi. Aujourd\u2019hui, l\u2019\u00c9tat consacre une nouvelle forme de pouvoir autoritaire. Nous le combattrons de toutes nos forces\u00a0\u00bb, s\u2019est exclam\u00e9e <strong>Anne Stambach-Terrenoir, la d\u00e9put\u00e9e LFI<\/strong> de la 2e circonscription de Haute-Garonne, fervente militante contre l\u2019A69.\u00a0<\/p>\n<p class=\" wall-content\">Elle poursuit : \u00ab\u00a0la reprise du chantier au m\u00e9pris de cette d\u00e9cision [l\u2019absence de raison imp\u00e9rative d\u2019int\u00e9r\u00eat public majeur \u00e0 l\u2019A69, NDLR] est un scandale qui trahit l\u2019urgence du concessionnaire et de l\u2019\u00c9tat, pr\u00eats \u00e0 tout pour finir le chantier avant que la justice ne rende ses d\u00e9cisions en appel et sur le fond !\u00a0\u00bb\u00a0<\/p>\n<p class=\" wall-content\">\n<p class=\" wall-content\">Une r\u00e9action partag\u00e9e par le d\u00e9put\u00e9 LFI et candidat aux \u00e9lections municipales<strong> Fran\u00e7ois Piquemal<\/strong>.<\/p>\n<p class=\" wall-content\">\u00c0 lire aussi<\/p>\n<ul class=\" wall-content\">\n<li>\n<img decoding=\"async\" loading=\"lazy\" src=\"https:\/\/www.europesays.com\/fr\/wp-content\/uploads\/2025\/05\/img-1920-200x200.jpg\" alt=\"\" width=\"200\" height=\"200\"\/><\/p>\n<p><a class=\"item__content\" href=\"https:\/\/actu.fr\/societe\/reprise-du-chantier-de-l-autoroute-a69-castres-toulouse-une-bouffee-d-oxygene-pour-le-tarn_62698292.html\" target=\"_blank\" rel=\"noopener\">Reprise du chantier de l\u2019autoroute A69 Castres-Toulouse : \u00ab\u00a0une bouff\u00e9e d\u2019oxyg\u00e8ne\u00a0\u00bb pour le Tarn<\/a><\/p>\n<\/li>\n<\/ul>\n<p>\u00ab\u00a0Une d\u00e9cision de justice\u00a0\u00bb pour Carole Delga<\/p>\n<p class=\" wall-content\">\u00c9galement contact\u00e9 par Actu Toulouse, <strong>S\u00e9bastien Vincini<\/strong>, pr\u00e9sident du D\u00e9partement, n\u2019a pas souhait\u00e9 s\u2019exprimer.<\/p>\n<p class=\" wall-content\">Pour <strong>Carole Delga<\/strong>, \u00e0 la t\u00eate de la r\u00e9gion Occitanie, \u00ab\u00a0c\u2019est une d\u00e9cision de justice\u00a0\u00bb. Elle poursuit : \u00ab\u00a0Mes premi\u00e8res pens\u00e9es sont pour les habitants et les entreprises du sud du Tarn qui attendent la concr\u00e9tisation de ce projet depuis plus de 30 ans. Leur voix doit \u00eatre entendue et je peux leur assurer que je continuerai \u00e0 la porter haut et fort\u00a0\u00bb.<\/p>\n<p class=\" wall-content\">Enfin, elle rappelle : \u00ab\u00a0ce chantier a connu 15 ans de concertation, a \u00e9t\u00e9 valid\u00e9 par une d\u00e9claration d\u2019utilit\u00e9 publique en 2018, a d\u00e9j\u00e0 mobilis\u00e9 <strong>pr\u00e8s de 300 millions d\u2019euros<\/strong> et 1000 salari\u00e9s depuis 2023, et est achev\u00e9 aux deux tiers : il doit pouvoir se terminer dans de bonnes conditions pour le bassin de vie de Castres Mazamet. \u00bb\u00a0<\/p>\n<p><strong>Avec Marie Lamarque<\/strong><\/p>\n<p class=\" wall-content\">Suivez toute l\u2019actualit\u00e9 de vos villes et m\u00e9dias favoris en vous inscrivant \u00e0 <a href=\"https:\/\/moncompte.actu.fr\" title=\"D\u00e9couvez Mon Actu\" rel=\"nofollow noopener\" data-trk=\"{&quot;cta&quot;:{&quot;action&quot;:&quot;https:\\\/\\\/moncompte.actu.fr&quot;,&quot;category&quot;:&quot;mon compte&quot;,&quot;from&quot;:&quot;article footer&quot;,&quot;name&quot;:&quot;Mon actu&quot;,&quot;type&quot;:&quot;cta&quot;}}\" target=\"_blank\">Mon Actu<\/a>.<\/p>\n<ul class=\"ac-article-tag wall-content\">\n<li><a href=\"https:\/\/actu.fr\/tag\/autoroute-castres-toulouse-a69\" data-trk=\"{&quot;cta&quot;:{&quot;action&quot;:&quot;Autoroute Castres-Toulouse (A69)&quot;,&quot;category&quot;:&quot;tag&quot;,&quot;from&quot;:&quot;article footer&quot;,&quot;name&quot;:&quot;Autoroute Castres-Toulouse (A69)&quot;,&quot;type&quot;:&quot;cta&quot;}}\" target=\"_blank\" rel=\"noopener\">#Autoroute Castres-Toulouse (A69)<\/a><\/li>\n<li><a href=\"https:\/\/actu.fr\/tag\/toulouse-metropole\" data-trk=\"{&quot;cta&quot;:{&quot;action&quot;:&quot;Toulouse M\\u00e9tropole&quot;,&quot;category&quot;:&quot;tag&quot;,&quot;from&quot;:&quot;article footer&quot;,&quot;name&quot;:&quot;Toulouse M\\u00e9tropole&quot;,&quot;type&quot;:&quot;cta&quot;}}\" target=\"_blank\" rel=\"noopener\">#Toulouse M\u00e9tropole<\/a><\/li>\n<\/ul>\n","protected":false},"excerpt":{"rendered":"Par Mar\u00e9va Laville Publi\u00e9 le 28 mai 2025 \u00e0 23h29 Nouveau rebondissement pour le vaste dossier de l\u2019autoroute&hellip;\n","protected":false},"author":2,"featured_media":135358,"comment_status":"","ping_status":"","sticky":false,"template":"","format":"standard","meta":{"footnotes":""},"categories":[2816],"tags":[1111,11,5728,1777,674,1011,27,12,2680,25,104,2312,1090],"class_list":{"0":"post-135357","1":"post","2":"type-post","3":"status-publish","4":"format-standard","5":"has-post-thumbnail","7":"category-toulouse","8":"tag-actu","9":"tag-actualites","10":"tag-autoroute-castres-toulouse-a69","11":"tag-eu","12":"tag-europe","13":"tag-fr","14":"tag-france","15":"tag-news","16":"tag-occitanie","17":"tag-republique-francaise","18":"tag-societe","19":"tag-toulouse","20":"tag-toulouse-metropole"},"share_on_mastodon":{"url":"https:\/\/pubeurope.com\/@fr\/114587774744572960","error":""},"_links":{"self":[{"href":"https:\/\/www.europesays.com\/fr\/wp-json\/wp\/v2\/posts\/135357","targetHints":{"allow":["GET"]}}],"collection":[{"href":"https:\/\/www.europesays.com\/fr\/wp-json\/wp\/v2\/posts"}],"about":[{"href":"https:\/\/www.europesays.com\/fr\/wp-json\/wp\/v2\/types\/post"}],"author":[{"embeddable":true,"href":"https:\/\/www.europesays.com\/fr\/wp-json\/wp\/v2\/users\/2"}],"replies":[{"embeddable":true,"href":"https:\/\/www.europesays.com\/fr\/wp-json\/wp\/v2\/comments?post=135357"}],"version-history":[{"count":0,"href":"https:\/\/www.europesays.com\/fr\/wp-json\/wp\/v2\/posts\/135357\/revisions"}],"wp:featuredmedia":[{"embeddable":true,"href":"https:\/\/www.europesays.com\/fr\/wp-json\/wp\/v2\/media\/135358"}],"wp:attachment":[{"href":"https:\/\/www.europesays.com\/fr\/wp-json\/wp\/v2\/media?parent=135357"}],"wp:term":[{"taxonomy":"category","embeddable":true,"href":"https:\/\/www.europesays.com\/fr\/wp-json\/wp\/v2\/categories?post=135357"},{"taxonomy":"post_tag","embeddable":true,"href":"https:\/\/www.europesays.com\/fr\/wp-json\/wp\/v2\/tags?post=135357"}],"curies":[{"name":"wp","href":"https:\/\/api.w.org\/{rel}","templated":true}]}}