{"id":135365,"date":"2025-05-28T22:21:09","date_gmt":"2025-05-28T22:21:09","guid":{"rendered":"https:\/\/www.europesays.com\/fr\/135365\/"},"modified":"2025-05-28T22:21:09","modified_gmt":"2025-05-28T22:21:09","slug":"laccuse-juge-pour-parricide-evoque-un-geste-de-fureur","status":"publish","type":"post","link":"https:\/\/www.europesays.com\/fr\/135365\/","title":{"rendered":"l\u2019accus\u00e9 jug\u00e9 pour parricide \u00e9voque un geste de \u00ab\u00a0fureur\u00a0\u00bb"},"content":{"rendered":"<p>\u00ab\u00a0Du g\u00e2chis et un sentiment de soulagement\u00a0\u00bb. Mercredi, au deuxi\u00e8me jour de son proc\u00e8s aux assises, Patrice Rabouine a \u00e9t\u00e9 questionn\u00e9 deux heures sur le parricide qu\u2019il a commis le 17\u00a0octobre 2022 dans le logement o\u00f9 il vivait avec ses parents au Point-du-Jour (Lyon 5e ). \u00ab\u00a0Mon p\u00e8re est d\u00e9c\u00e9d\u00e9, ma m\u00e8re hospitalis\u00e9e [en Ehpad], moi incarc\u00e9r\u00e9\u00a0\u00bb, r\u00e9sume-t-il cliniquement.<\/p>\n<p>Le quinquag\u00e9naire au teint gris corrige \u00e0 la marge sa version. Il \u00e9voque d\u00e9sormais des \u00ab\u00a0coups de poing\u00a0\u00bb port\u00e9s \u00e0 son p\u00e8re, 73 ans, avant de le larder de coups de couteaux et de le frapper \u00ab\u00a0cinq, six fois\u00a0\u00bb avec un pied-de-biche. Il a c\u00e9d\u00e9 \u00e0 la&#8230;<\/p>\n","protected":false},"excerpt":{"rendered":"\u00ab\u00a0Du g\u00e2chis et un sentiment de soulagement\u00a0\u00bb. Mercredi, au deuxi\u00e8me jour de son proc\u00e8s aux assises, Patrice Rabouine&hellip;\n","protected":false},"author":2,"featured_media":135366,"comment_status":"","ping_status":"","sticky":false,"template":"","format":"standard","meta":{"footnotes":""},"categories":[1889],"tags":[1111,11,2430,271,272,2757,1777,674,274,107,1011,27,2428,2756,12,25,2429],"class_list":{"0":"post-135365","1":"post","2":"type-post","3":"status-publish","4":"format-standard","5":"has-post-thumbnail","7":"category-lyon","8":"tag-actu","9":"tag-actualites","10":"tag-auvergne-rhone-alpes","11":"tag-crime","12":"tag-delit-et-contravention","13":"tag-edition-lyon-villeurbanne","14":"tag-eu","15":"tag-europe","16":"tag-faits-divers-justice","17":"tag-fil-info","18":"tag-fr","19":"tag-france","20":"tag-lyon","21":"tag-lyon-bassin","22":"tag-news","23":"tag-republique-francaise","24":"tag-rhone"},"share_on_mastodon":{"url":"https:\/\/pubeurope.com\/@fr\/114587794393212149","error":""},"_links":{"self":[{"href":"https:\/\/www.europesays.com\/fr\/wp-json\/wp\/v2\/posts\/135365","targetHints":{"allow":["GET"]}}],"collection":[{"href":"https:\/\/www.europesays.com\/fr\/wp-json\/wp\/v2\/posts"}],"about":[{"href":"https:\/\/www.europesays.com\/fr\/wp-json\/wp\/v2\/types\/post"}],"author":[{"embeddable":true,"href":"https:\/\/www.europesays.com\/fr\/wp-json\/wp\/v2\/users\/2"}],"replies":[{"embeddable":true,"href":"https:\/\/www.europesays.com\/fr\/wp-json\/wp\/v2\/comments?post=135365"}],"version-history":[{"count":0,"href":"https:\/\/www.europesays.com\/fr\/wp-json\/wp\/v2\/posts\/135365\/revisions"}],"wp:featuredmedia":[{"embeddable":true,"href":"https:\/\/www.europesays.com\/fr\/wp-json\/wp\/v2\/media\/135366"}],"wp:attachment":[{"href":"https:\/\/www.europesays.com\/fr\/wp-json\/wp\/v2\/media?parent=135365"}],"wp:term":[{"taxonomy":"category","embeddable":true,"href":"https:\/\/www.europesays.com\/fr\/wp-json\/wp\/v2\/categories?post=135365"},{"taxonomy":"post_tag","embeddable":true,"href":"https:\/\/www.europesays.com\/fr\/wp-json\/wp\/v2\/tags?post=135365"}],"curies":[{"name":"wp","href":"https:\/\/api.w.org\/{rel}","templated":true}]}}