{"id":135381,"date":"2025-05-28T22:30:10","date_gmt":"2025-05-28T22:30:10","guid":{"rendered":"https:\/\/www.europesays.com\/fr\/135381\/"},"modified":"2025-05-28T22:30:10","modified_gmt":"2025-05-28T22:30:10","slug":"defiant-trump-la-russie-accentue-la-pression-militaire-sur-lukraine","status":"publish","type":"post","link":"https:\/\/www.europesays.com\/fr\/135381\/","title":{"rendered":"D\u00e9fiant Trump, la Russie accentue la pression militaire sur l\u2019Ukraine"},"content":{"rendered":"<p><strong>D\u00c9CRYPTAGE<\/strong> &#8211; Alors que les n\u00e9gociations patinent, les frappes visant les civils se multiplient. Sur le front, Kiev montre des signes inqui\u00e9tants d\u2019essoufflement.<\/p>\n<p class=\"fig-paragraph\">Trois nuits durant, les sir\u00e8nes ont hurl\u00e9 \u00e0 Kiev, Odessa, Dnipro, Kharkiv, Tcherkassy et jusqu\u2019\u00e0 Soumy. Du 24 au 26\u00a0mai, la Russie a men\u00e9 l\u2019une de ses\u00a0<a href=\"https:\/\/www.lefigaro.fr\/flash-actu\/guerre-en-ukraine-pres-de-150-drones-interceptes-par-la-russie-dans-la-nuit-20250528\" target=\"_blank\" data-fig-type=\"NewsFlash\" rel=\"noopener nofollow\" data-gtm-custom-categorie=\"navigation\" data-gtm-custom-action=\"crossclick\" data-gtm-custom-label=\"Contextuel\" data-gtm-event=\"customEventSPE\" data-fig-domain=\"LEFIGARO\">campagnes a\u00e9riennes les plus violentes depuis le d\u00e9but de l\u2019invasion<\/a>, en f\u00e9vrier 2022\u00a0: 921 drones explosifs\u00a0<a href=\"http:\/\/www.lefigaro.fr\/international\/kinjal-kalibr-iskander-shahed-ces-missiles-et-drones-que-les-russes-utilisent-pour-bombarder-toute-l-ukraine-20240102\" target=\"_blank\" data-fig-type=\"NewsFlash\" rel=\"noopener nofollow\" data-gtm-custom-categorie=\"navigation\" data-gtm-custom-action=\"crossclick\" data-gtm-custom-label=\"Contextuel\" data-gtm-event=\"customEventSPE\" data-fig-domain=\"LEFIGARO\">de type Shahed<\/a>\u00a0et 78 missiles de divers types ont \u00e9t\u00e9 tir\u00e9s contre plus de trente localit\u00e9s, selon l\u2019\u00e9tat-major ukrainien. \u00c0 Kiev, des d\u00e9bris sont tomb\u00e9s sur plusieurs immeubles du centre-ville. \u00c0 Odessa, une frappe a tu\u00e9 trois enfants. \u00c0 Pavlohrad, dans l\u2019est du pays, trente explosions ont \u00e9t\u00e9 recens\u00e9es en moins de vingt minutes.<\/p>\n<p class=\"fig-paragraph\">Ces attaques s\u2019inscrivent dans une strat\u00e9gie d\u00e9sormais \u00e9prouv\u00e9e du Kremlin\u00a0<a href=\"https:\/\/www.lefigaro.fr\/international\/guerre-en-ukraine-a-kiev-la-russie-frappe-les-zones-residentielles-20250424\" target=\"_blank\" data-fig-type=\"Article\" rel=\"noopener nofollow\" data-gtm-custom-categorie=\"navigation\" data-gtm-custom-action=\"crossclick\" data-gtm-custom-label=\"Contextuel\" data-gtm-event=\"customEventSPE\" data-fig-domain=\"LEFIGARO\">: terroriser les civils<\/a>\u00a0tout en maintenant une pression militaire constante sur les lignes ukrainiennes, afin d\u2019imposer ses conditions lors\u00a0<a href=\"https:\/\/www.lefigaro.fr\/actualite-france\/guerre-russie-ukraine-quel-role-pourrait-jouer-le-vatican-dans-des-negociations-de-paix-20250523\" target=\"_blank\" data-fig-type=\"Article\" rel=\"noopener nofollow\" data-gtm-custom-categorie=\"navigation\" data-gtm-custom-action=\"crossclick\" data-gtm-custom-label=\"Contextuel\" data-gtm-event=\"customEventSPE\" data-fig-domain=\"LEFIGARO\">d\u2019\u00e9ventuelles n\u00e9gociations<\/a>. Tout en proclamant sa volont\u00e9 de paix, Moscou intensifie les frappes, cherchant \u00e0 saturer les capacit\u00e9s d\u00e9fensives ukrainiennes. En parall\u00e8le, les forces russes\u2026<\/p>\n<p class=\"fig-premium-paywall__infos\">\n        Cet article est r\u00e9serv\u00e9 aux abonn\u00e9s.        Il vous reste 83% \u00e0 d\u00e9couvrir.\n    <\/p>\n<p>                <img  data- alt=\"Le Figaro\" class=\"fig-img--complete fig-img\"\/><\/p>\n<p class=\"fig-premium-paywall__title\">Vente Flash<\/p>\n<p class=\"fig-premium-paywall__subtitle\">4,99\u20ac par mois pendant 12 mois. Sans engagement.<\/p>\n<p class=\"fig-premium-paywall__connect\">\n                D\u00e9j\u00e0 abonn\u00e9\u00a0?                <a class=\"fig-premium-paywall__connect-link\" href=\"https:\/\/connect.lefigaro.fr\/login?client=horizon_web&amp;type=main&amp;redirect_uri=https%3A%2F%2Fwww.lefigaro.fr%2Finternational%2Fdefiant-trump-la-russie-accentue-la-pression-militaire-sur-l-ukraine-20250528\" data-js-gtm=\"{&quot;customCategorie&quot;: &quot;conversion&quot;, &quot;customAction&quot;: &quot;before_Landing_Connexion_paywall_auto&quot;, &quot;customLabel&quot;: &quot;bGVmaWdhcm8uZnJfXzFmMDNiY2U5LTJiZjctNmM2Yy1hMDQ3LTMxODc0N2MxYzZmNl9fQXJ0aWNsZQ==_D\u00e9fiant Trump, la Russie accentue la pression militaire sur l\u2019Ukraine_403&quot;, &quot;customIDSPE&quot;: &quot;bGVmaWdhcm8uZnJfXzFmMDNiY2U5LTJiZjctNmM2Yy1hMDQ3LTMxODc0N2MxYzZmNl9fQXJ0aWNsZQ==&quot;, &quot;event&quot;: &quot;customEventSPE&quot;}\" rel=\"nofollow noopener\" target=\"_blank\"><br \/>\n                    Connectez-vous<br \/>\n                <\/a>\n            <\/p>\n","protected":false},"excerpt":{"rendered":"D\u00c9CRYPTAGE &#8211; Alors que les n\u00e9gociations patinent, les frappes visant les civils se multiplient. Sur le front, Kiev&hellip;\n","protected":false},"author":2,"featured_media":135382,"comment_status":"","ping_status":"","sticky":false,"template":"","format":"standard","meta":{"footnotes":""},"categories":[1591],"tags":[259,11,260,1887,131,14,261,12,262,1885,1886,132],"class_list":{"0":"post-135381","1":"post","2":"type-post","3":"status-publish","4":"format-standard","5":"has-post-thumbnail","7":"category-russie","8":"tag-actualite-internationale","9":"tag-actualites","10":"tag-affaires-etrangeres","11":"tag-federation-de-russie","12":"tag-guerre-en-ukraine","13":"tag-international","14":"tag-ministere-des-affaires-etrangeres","15":"tag-news","16":"tag-politique-etrangere","17":"tag-russia","18":"tag-russian-federation","19":"tag-russie"},"share_on_mastodon":{"url":"https:\/\/pubeurope.com\/@fr\/114587829977197914","error":""},"_links":{"self":[{"href":"https:\/\/www.europesays.com\/fr\/wp-json\/wp\/v2\/posts\/135381","targetHints":{"allow":["GET"]}}],"collection":[{"href":"https:\/\/www.europesays.com\/fr\/wp-json\/wp\/v2\/posts"}],"about":[{"href":"https:\/\/www.europesays.com\/fr\/wp-json\/wp\/v2\/types\/post"}],"author":[{"embeddable":true,"href":"https:\/\/www.europesays.com\/fr\/wp-json\/wp\/v2\/users\/2"}],"replies":[{"embeddable":true,"href":"https:\/\/www.europesays.com\/fr\/wp-json\/wp\/v2\/comments?post=135381"}],"version-history":[{"count":0,"href":"https:\/\/www.europesays.com\/fr\/wp-json\/wp\/v2\/posts\/135381\/revisions"}],"wp:featuredmedia":[{"embeddable":true,"href":"https:\/\/www.europesays.com\/fr\/wp-json\/wp\/v2\/media\/135382"}],"wp:attachment":[{"href":"https:\/\/www.europesays.com\/fr\/wp-json\/wp\/v2\/media?parent=135381"}],"wp:term":[{"taxonomy":"category","embeddable":true,"href":"https:\/\/www.europesays.com\/fr\/wp-json\/wp\/v2\/categories?post=135381"},{"taxonomy":"post_tag","embeddable":true,"href":"https:\/\/www.europesays.com\/fr\/wp-json\/wp\/v2\/tags?post=135381"}],"curies":[{"name":"wp","href":"https:\/\/api.w.org\/{rel}","templated":true}]}}