{"id":135387,"date":"2025-05-28T22:33:08","date_gmt":"2025-05-28T22:33:08","guid":{"rendered":"https:\/\/www.europesays.com\/fr\/135387\/"},"modified":"2025-05-28T22:33:08","modified_gmt":"2025-05-28T22:33:08","slug":"cinq-manifestants-arretes-pour-avoir-perturbe-le-tournage-dun-film-avec-lisraelienne-gal-gadot","status":"publish","type":"post","link":"https:\/\/www.europesays.com\/fr\/135387\/","title":{"rendered":"cinq manifestants arr\u00eat\u00e9s pour avoir perturb\u00e9 le tournage d&rsquo;un film avec l\u2019Isra\u00e9lienne Gal Gadot"},"content":{"rendered":"<p>Apr\u00e8s plusieurs manifestations contre le tournage d\u2019un film avec l\u2019actrice, les cinq individus ont \u00e9t\u00e9 plac\u00e9s en garde \u00e0 vue pour harc\u00e8lement et entrave \u00e0 l\u2019acc\u00e8s \u00e0 un lieu de travail.<\/p>\n<p class=\"fig-paragraph\">La police de Londres a annonc\u00e9 mercredi avoir arr\u00eat\u00e9 cinq personnes pour avoir perturb\u00e9 \u00e0 plusieurs reprises le tournage d&rsquo;un film avec l&rsquo;actrice\u00a0<a href=\"http:\/\/www.lefigaro.fr\/culture\/la-ceremonie-en-l-honneur-de-gal-gadot-au-walk-of-fame-perturbee-par-des-propalestiniens-20250319\" data-fig-type=\"Article\" data-gtm-custom-categorie=\"navigation\" data-gtm-custom-action=\"crossclick\" data-gtm-custom-label=\"Contextuel\" data-gtm-event=\"customEventSPE\" data-fig-domain=\"LEFIGARO\" rel=\"nofollow noopener\" target=\"_blank\">isra\u00e9lienne Gal Gadot<\/a>. \u00abCes derni\u00e8res semaines, des manifestants ont perturb\u00e9 le tournage d&rsquo;un film dans plusieurs endroits de Londres. Ils l&rsquo;ont fait parce qu&rsquo;une actrice impliqu\u00e9e dans la production est isra\u00e9lienne\u00bb, a \u00e9crit la police sur son compte X. Au total, cinq personnes ont \u00e9t\u00e9 arr\u00eat\u00e9es pour \u00abharc\u00e8lement\u00bb et \u00abentrave \u00e0 l&rsquo;acc\u00e8s \u00e0 un lieu de travail\u00bb. Elles ont \u00e9t\u00e9 plac\u00e9es en garde \u00e0 vue.<\/p>\n<p class=\"fig-paragraph\">La police indique avoir proc\u00e9d\u00e9 \u00e0 une partie des interpellations mercredi, dans le centre de Londres. \u00abBien que nous reconnaissions pleinement l&rsquo;importance de la libert\u00e9 de manifester pacifiquement, nous avons le devoir d&rsquo;intervenir lorsque ces derni\u00e8res entra\u00eenent de graves perturbations\u00bb, a indiqu\u00e9 le surintendant Neil Holyoak, cit\u00e9 dans le communiqu\u00e9 de la police.<\/p>\n<p class=\"fig-paragraph\">Gal Gadot, 40 ans, est connue pour son r\u00f4le de l&rsquo;h\u00e9ro\u00efne Wonder Woman ou pour celui de Gis\u00e8le Harabo dans la sage Fast and Furious. Mi-mars elle \u00e9tait \u00e0 l&rsquo;affiche du conte de f\u00e9es Blanche Neige o\u00f9 elle incarnait la m\u00e9chante belle-m\u00e8re. Depuis le 7 octobre 2023, date de l&rsquo;attaque sanglante du Hamas contre Isra\u00ebl, elle a affich\u00e9 son soutien ind\u00e9fectible \u00e0 son pays. Mi-mars, la c\u00e9r\u00e9monie marquant l&rsquo;inauguration de son \u00e9toile sur le c\u00e9l\u00e8bre \u00abWalk of fame\u00bb \u00e0 Hollywood avait \u00e9t\u00e9 perturb\u00e9e par des militants propalestiniens qui d\u00e9non\u00e7aient la guerre dans la bande de Gaza.<\/p>\n","protected":false},"excerpt":{"rendered":"Apr\u00e8s plusieurs manifestations contre le tournage d\u2019un film avec l\u2019actrice, les cinq individus ont \u00e9t\u00e9 plac\u00e9s en garde&hellip;\n","protected":false},"author":2,"featured_media":135388,"comment_status":"","ping_status":"","sticky":false,"template":"","format":"standard","meta":{"footnotes":""},"categories":[1588],"tags":[11,2084,2083,2080,650,1777,674,2081,1346,12,473,1853,2082,1851,1850,1852],"class_list":{"0":"post-135387","1":"post","2":"type-post","3":"status-publish","4":"format-standard","5":"has-post-thumbnail","7":"category-royaume-uni","8":"tag-actualites","9":"tag-affiche","10":"tag-bandes-annonces","11":"tag-box-office","12":"tag-cinema","13":"tag-eu","14":"tag-europe","15":"tag-film","16":"tag-films","17":"tag-news","18":"tag-royaume-uni","19":"tag-royaume-uni-de-grande-bretagne-et-dirlande-du-nord","20":"tag-salles","21":"tag-uk","22":"tag-united-kingdom","23":"tag-united-kingdom-of-great-britain-and-northern-ireland"},"share_on_mastodon":{"url":"https:\/\/pubeurope.com\/@fr\/114587841549169223","error":""},"_links":{"self":[{"href":"https:\/\/www.europesays.com\/fr\/wp-json\/wp\/v2\/posts\/135387","targetHints":{"allow":["GET"]}}],"collection":[{"href":"https:\/\/www.europesays.com\/fr\/wp-json\/wp\/v2\/posts"}],"about":[{"href":"https:\/\/www.europesays.com\/fr\/wp-json\/wp\/v2\/types\/post"}],"author":[{"embeddable":true,"href":"https:\/\/www.europesays.com\/fr\/wp-json\/wp\/v2\/users\/2"}],"replies":[{"embeddable":true,"href":"https:\/\/www.europesays.com\/fr\/wp-json\/wp\/v2\/comments?post=135387"}],"version-history":[{"count":0,"href":"https:\/\/www.europesays.com\/fr\/wp-json\/wp\/v2\/posts\/135387\/revisions"}],"wp:featuredmedia":[{"embeddable":true,"href":"https:\/\/www.europesays.com\/fr\/wp-json\/wp\/v2\/media\/135388"}],"wp:attachment":[{"href":"https:\/\/www.europesays.com\/fr\/wp-json\/wp\/v2\/media?parent=135387"}],"wp:term":[{"taxonomy":"category","embeddable":true,"href":"https:\/\/www.europesays.com\/fr\/wp-json\/wp\/v2\/categories?post=135387"},{"taxonomy":"post_tag","embeddable":true,"href":"https:\/\/www.europesays.com\/fr\/wp-json\/wp\/v2\/tags?post=135387"}],"curies":[{"name":"wp","href":"https:\/\/api.w.org\/{rel}","templated":true}]}}