{"id":135389,"date":"2025-05-28T22:34:10","date_gmt":"2025-05-28T22:34:10","guid":{"rendered":"https:\/\/www.europesays.com\/fr\/135389\/"},"modified":"2025-05-28T22:34:10","modified_gmt":"2025-05-28T22:34:10","slug":"giulia-gwinn-alerte-sur-le-harcelement-dont-elle-est-victime-international-allemagne-f","status":"publish","type":"post","link":"https:\/\/www.europesays.com\/fr\/135389\/","title":{"rendered":"Giulia Gwinn alerte sur le harc\u00e8lement dont elle est victime &#8211; International &#8211; Allemagne (F)"},"content":{"rendered":"<p>Quand est-ce que \u00e7a s\u2019arr\u00eate ?<\/p>\n<p>Giulia Gwinn, capitaine de l\u2019Allemagne et d\u00e9fenseuse du Bayern Munich, a r\u00e9cemment publi\u00e9 une autobiographie, Write your own story, co\u00e9crite avec Julien Wolff. Dans cet ouvrage, la joueuse de 25 ans annonce subir une vague de harc\u00e8lement sur les r\u00e9seaux sociaux : \u00ab\u00a0<strong>Je re\u00e7ois constamment des photos d\u2019hommes nus<\/strong>. De pr\u00e9tendues photos de p\u00e9nis. Ce genre de choses appara\u00eet constamment dans ma bo\u00eete de r\u00e9ception Instagram.\u00a0\u00bb<\/p>\n<p class=\"Paragraph__content\" data-v-e14a34bc=\"\">Elle explique que ces photos viennent \u00e9videmment \u00ab\u00a0toujours de comptes anonymes\u00a0\u00bb, puisqu\u2019il est bien connu qu\u2019envoyer ses attributs ne donne pas plus de courage. \u00ab\u00a0Je supprime les photos et les messages, et je signale les comptes. <strong>C\u2019est du harc\u00e8lement insens\u00e9<\/strong>\u00a0\u00bb, ajoute la joueuse aux 58 s\u00e9lections. Cette derni\u00e8re indique \u00e9galement avoir rejet\u00e9 des demandes de Playboy ou de la plateforme Onlyfans.<\/p>\n<p data-v-e14a34bc=\"\">Courage \u00e0 toutes celles qui subissent \u00e7a.<\/p>\n<p>\t\t\t\t\t\t\t\t\t\t<a class=\"lien-connexe\" href=\"https:\/\/www.sofoot.com\/breves\/vanessa-gilles-quitte-lol-lyonnes-pour-le-bayern-munich\" rel=\"nofollow noopener\" target=\"_blank\">Vanessa Gilles met le cap vers le Bayern<\/a>\t\t\t\t\t<\/p>\n","protected":false},"excerpt":{"rendered":"Quand est-ce que \u00e7a s\u2019arr\u00eate ? Giulia Gwinn, capitaine de l\u2019Allemagne et d\u00e9fenseuse du Bayern Munich, a r\u00e9cemment&hellip;\n","protected":false},"author":2,"featured_media":135390,"comment_status":"","ping_status":"","sticky":false,"template":"","format":"standard","meta":{"footnotes":""},"categories":[1587],"tags":[47,11,61,672,69,1804,65,1805,1803,64,1777,674,63,1801,68,66,12,62,70,1802,67],"class_list":{"0":"post-135389","1":"post","2":"type-post","3":"status-publish","4":"format-standard","5":"has-post-thumbnail","7":"category-allemagne","8":"tag-actualite","9":"tag-actualites","10":"tag-actus-football","11":"tag-allemagne","12":"tag-bundesliga","13":"tag-bundesrepublik-deutschland","14":"tag-championnats-europeens","15":"tag-de","16":"tag-deutschland","17":"tag-equipe-de-france","18":"tag-eu","19":"tag-europe","20":"tag-football","21":"tag-germany","22":"tag-ligua","23":"tag-ligue-1","24":"tag-news","25":"tag-news-foot","26":"tag-premier-league","27":"tag-republique-federale-dallemagne","28":"tag-serie-a"},"share_on_mastodon":{"url":"https:\/\/pubeurope.com\/@fr\/114587845622577798","error":""},"_links":{"self":[{"href":"https:\/\/www.europesays.com\/fr\/wp-json\/wp\/v2\/posts\/135389","targetHints":{"allow":["GET"]}}],"collection":[{"href":"https:\/\/www.europesays.com\/fr\/wp-json\/wp\/v2\/posts"}],"about":[{"href":"https:\/\/www.europesays.com\/fr\/wp-json\/wp\/v2\/types\/post"}],"author":[{"embeddable":true,"href":"https:\/\/www.europesays.com\/fr\/wp-json\/wp\/v2\/users\/2"}],"replies":[{"embeddable":true,"href":"https:\/\/www.europesays.com\/fr\/wp-json\/wp\/v2\/comments?post=135389"}],"version-history":[{"count":0,"href":"https:\/\/www.europesays.com\/fr\/wp-json\/wp\/v2\/posts\/135389\/revisions"}],"wp:featuredmedia":[{"embeddable":true,"href":"https:\/\/www.europesays.com\/fr\/wp-json\/wp\/v2\/media\/135390"}],"wp:attachment":[{"href":"https:\/\/www.europesays.com\/fr\/wp-json\/wp\/v2\/media?parent=135389"}],"wp:term":[{"taxonomy":"category","embeddable":true,"href":"https:\/\/www.europesays.com\/fr\/wp-json\/wp\/v2\/categories?post=135389"},{"taxonomy":"post_tag","embeddable":true,"href":"https:\/\/www.europesays.com\/fr\/wp-json\/wp\/v2\/tags?post=135389"}],"curies":[{"name":"wp","href":"https:\/\/api.w.org\/{rel}","templated":true}]}}