{"id":13539,"date":"2025-04-09T20:58:14","date_gmt":"2025-04-09T20:58:14","guid":{"rendered":"https:\/\/www.europesays.com\/fr\/13539\/"},"modified":"2025-04-09T20:58:14","modified_gmt":"2025-04-09T20:58:14","slug":"reconversion-entrepreneuriat-a-lyon-un-salon-pour-changer-de-carriere","status":"publish","type":"post","link":"https:\/\/www.europesays.com\/fr\/13539\/","title":{"rendered":"Reconversion, entrepreneuriat&#8230; \u00e0 Lyon, un salon pour changer de carri\u00e8re"},"content":{"rendered":"<p><img loading=\"lazy\" decoding=\"async\" alt=\"\u00a9 Salon de l\u2019\u00e9volution et de la transition professionnelle - Selon le barom\u00e8tre 2024 de la formation et de l\u2019emploi de Centre Inffo, 28 % des actifs envisagent une reconversion professionnelle, confirmant toutes les enqu\u00eates sur le sujet.\" data-zoom-src=\"https:\/\/www.europesays.com\/fr\/wp-content\/uploads\/2025\/04\/initial-salon-du-renouveau-professionnel-2024.jpg\" data-zoomable=\"\" height=\"702\" src=\"https:\/\/www.europesays.com\/fr\/wp-content\/uploads\/2025\/04\/initial-salon-du-renouveau-professionnel-2024.jpg\" width=\"1248\"\/>  <\/p>\n<p class=\"article-desc\">\u00a9 Salon de l\u2019\u00e9volution et de la transition professionnelle &#8211; Selon le barom\u00e8tre 2024 de la formation et de l\u2019emploi de Centre Inffo, 28 % des actifs envisagent une reconversion professionnelle, confirmant toutes les enqu\u00eates sur le sujet. <\/p>\n<p>Le <strong>CIBC Rh\u00f4ne<\/strong> et <strong>Transitions pro Auvergne-Rh\u00f4ne-Alpes<\/strong> ont r\u00e9serv\u00e9 la date du <strong>jeudi 17 avril<\/strong> pour la nouvelle \u00e9dition du <strong>salon de l&rsquo;\u00e9volution et de la transition professionnelle<\/strong>, au sein de l\u2019h\u00f4tel de ville de <strong>Lyon<\/strong>. <\/p>\n<p>Ce salon est destin\u00e9 \u00e0 tous ceux en qu\u00eate d\u2019\u00e9volution professionnelle, que ce soit par un d\u00e9veloppement de <strong>comp\u00e9tences<\/strong>, une <strong>reconversion <\/strong>ou par un projet de <strong>cr\u00e9ation ou de reprise d\u2019une entreprise<\/strong>. <\/p>\n<p> Salon de la transition professionnelle \u00e0 Lyon : une r\u00e9ponse au d\u00e9sir croissant de reconversion <\/p>\n<p>Plus de\u00a0<strong>60\u00a0organismes<\/strong> sp\u00e9cialistes de la formation et de l\u2019emploi seront au rendez-vous. Ils ont pour mission d\u2019informer, d\u2019\u00e9changer et d\u2019accompagner les visiteurs \u00e0 la recherche de nouveaux horizons.\u00a0Ainsi, <strong>France travail<\/strong> ou l&rsquo;<strong>Association pour l&#8217;emploi des cadres<\/strong> (Apec) participeront au salon. Ils offriront conseils et contacts au cours des conf\u00e9rences accessibles \u00e0 tous, portant sur les divers aspects de l\u2019\u00e9volution professionnelle.<\/p>\n<p>Quatre th\u00e8mes guideront l\u2019\u00e9v\u00e8nement de <strong>9h \u00e0 18h<\/strong> : les dispositifs pour la reconversion et l\u2019\u00e9volution professionnelle, l\u2019entrepreneuriat, le d\u00e9veloppement personnel au service de la vie professionnelle ainsi que <a href=\"https:\/\/mesinfos.fr\/69000-lyon\/linkedin-devoile-les-10-metiers-en-croissance-a-lyon-215700.html\" target=\"_blank\" rel=\"noopener\">les m\u00e9tiers qui recrutent en r\u00e9gion<\/a>.\u00a0 <\/p>\n<p>En 2024, le salon avait confirm\u00e9 l\u2019int\u00e9r\u00eat grandissant des actifs \u00e0 s\u2019orienter ou se r\u00e9orienter professionnellement avec une augmentation de <strong>90 % de la fr\u00e9quentation<\/strong> et de <strong>96 % de la participation<\/strong> par rapport \u00e0 2023. <\/p>\n<p><strong>Infos pratiques<\/strong> <\/p>\n<p>Jeudi 17 avril 2025 de 9h \u00e0 18h \u00e0 l&rsquo;h\u00f4tel de ville de Lyon. Entr\u00e9e gratuite, r\u00e9servation conseill\u00e9e, notamment pour les conf\u00e9rences <a href=\"https:\/\/www.salonevolutionpro.fr\/\" rel=\"noopener\" target=\"_blank\">sur le site de l&rsquo;\u00e9v\u00e9nement<\/a>.<\/p>\n","protected":false},"excerpt":{"rendered":"\u00a9 Salon de l\u2019\u00e9volution et de la transition professionnelle &#8211; Selon le barom\u00e8tre 2024 de la formation et&hellip;\n","protected":false},"author":2,"featured_media":13540,"comment_status":"","ping_status":"","sticky":false,"template":"","format":"standard","meta":{"footnotes":""},"categories":[1889],"tags":[1111,11,2430,1777,674,1011,27,2428,12,6046,25,3847],"class_list":{"0":"post-13539","1":"post","2":"type-post","3":"status-publish","4":"format-standard","5":"has-post-thumbnail","7":"category-lyon","8":"tag-actu","9":"tag-actualites","10":"tag-auvergne-rhone-alpes","11":"tag-eu","12":"tag-europe","13":"tag-fr","14":"tag-france","15":"tag-lyon","16":"tag-news","17":"tag-reconversion","18":"tag-republique-francaise","19":"tag-travail"},"share_on_mastodon":{"url":"https:\/\/pubeurope.com\/@fr\/114310014816657228","error":""},"_links":{"self":[{"href":"https:\/\/www.europesays.com\/fr\/wp-json\/wp\/v2\/posts\/13539","targetHints":{"allow":["GET"]}}],"collection":[{"href":"https:\/\/www.europesays.com\/fr\/wp-json\/wp\/v2\/posts"}],"about":[{"href":"https:\/\/www.europesays.com\/fr\/wp-json\/wp\/v2\/types\/post"}],"author":[{"embeddable":true,"href":"https:\/\/www.europesays.com\/fr\/wp-json\/wp\/v2\/users\/2"}],"replies":[{"embeddable":true,"href":"https:\/\/www.europesays.com\/fr\/wp-json\/wp\/v2\/comments?post=13539"}],"version-history":[{"count":0,"href":"https:\/\/www.europesays.com\/fr\/wp-json\/wp\/v2\/posts\/13539\/revisions"}],"wp:featuredmedia":[{"embeddable":true,"href":"https:\/\/www.europesays.com\/fr\/wp-json\/wp\/v2\/media\/13540"}],"wp:attachment":[{"href":"https:\/\/www.europesays.com\/fr\/wp-json\/wp\/v2\/media?parent=13539"}],"wp:term":[{"taxonomy":"category","embeddable":true,"href":"https:\/\/www.europesays.com\/fr\/wp-json\/wp\/v2\/categories?post=13539"},{"taxonomy":"post_tag","embeddable":true,"href":"https:\/\/www.europesays.com\/fr\/wp-json\/wp\/v2\/tags?post=13539"}],"curies":[{"name":"wp","href":"https:\/\/api.w.org\/{rel}","templated":true}]}}