{"id":135399,"date":"2025-05-28T22:39:09","date_gmt":"2025-05-28T22:39:09","guid":{"rendered":"https:\/\/www.europesays.com\/fr\/135399\/"},"modified":"2025-05-28T22:39:09","modified_gmt":"2025-05-28T22:39:09","slug":"lex-rebelle-syrien-majdi-nema-condamne-a-10-ans-de-prison","status":"publish","type":"post","link":"https:\/\/www.europesays.com\/fr\/135399\/","title":{"rendered":"l&rsquo;ex-rebelle syrien Majdi Nema condamn\u00e9 \u00e0 10 ans de prison"},"content":{"rendered":"<p>En France, l&rsquo;ex-rebelle salafiste syrien Majdi Nema a \u00e9t\u00e9 condamn\u00e9 \u00e0 10 ans de prison par la cour d&rsquo;assises de Paris. Il est reconnu coupable de complicit\u00e9 de crimes de guerre pour avoir \u00e9t\u00e9 membre du groupe arm\u00e9 Jaysh-al-Islam qui contr\u00f4lait une partie de la Ghouta en Syrie entre 2013 et 2016.<\/p>\n<p>Compte-rendu d&rsquo;audience \u00e0 la cour d&rsquo;assises de Paris, <strong>Amelie Beaucour<\/strong><\/p>\n<p>La cour d&rsquo;assises avait tent\u00e9 de d\u00e9terminer son r\u00f4le dans les exactions commises par Jaysh-al-Islam, groupes arm\u00e9s syriens dont il avait \u00e9t\u00e9 porte parole. au terme de ce tr\u00e8s long proc\u00e8s, Majdi Nema est reconnu coupable de complicit\u00e9 de crimes de guerre, de conscription de mineurs \u00e2g\u00e9s de 15 \u00e0 18 ans, et de participation \u00e0 une entente \u00e9tablie en vue de commettre des crimes de guerre.<\/p>\n<p>C&rsquo;est un soulagement pour Ma\u00eetre Marc Bailly, l&rsquo;avocat de la F\u00e9d\u00e9ration internationale des droits humains, qui s&rsquo;est port\u00e9 partie civile. \u00ab Aujourd&rsquo;hui, la justice est rendue et les Syriens rentrent chez eux avec le soulagement notamment que les crimes de Jaysh-al-Islam ont \u00e9t\u00e9 reconnus. Les crimes de guerre, les crimes abominables \u00bb, d\u00e9clare l&rsquo;avocat.<\/p>\n<p>\u00c0 lire aussi<a href=\"https:\/\/www.rfi.fr\/fr\/france\/20250527-france-au-proc\u00e8s-de-l-ex-rebelle-syrien-majdi-nema-le-parquet-requiert-10-ans-de-prison\" class=\"link \" rel=\"nofollow noopener\" target=\"_blank\" data-ylk=\"slk:France: le parquet requiert 10 ans de prison contre l&#039;ex-rebelle syrien Majdi Nema;elm:context_link;itc:0;sec:content-canvas\">France: le parquet requiert 10 ans de prison contre l&rsquo;ex-rebelle syrien Majdi Nema<\/a><\/p>\n<p>Dans ses derniers mots adress\u00e9s \u00e0 la cour mercredi, Majdi Nema avait r\u00e9affirm\u00e9 son innocence et demand\u00e9 au jury de faire la distinction entre le groupe Jaysh-al-Islam et lui, ce qui n&rsquo;a pas \u00e9t\u00e9 entendu, d&rsquo;apr\u00e8s son avocat Ma\u00eetre Romain Ruiz.<\/p>\n<p><a href=\"https:\/\/www.rfi.fr\/fr\/france\/20250528-france-l-ex-rebelle-syrien-majdi-nema-condamn%C3%A9-%C3%A0-10-ans-de-prison\" rel=\"nofollow noopener\" target=\"_blank\" data-ylk=\"slk:Lire la suite sur RFI;elm:context_link;itc:0;sec:content-canvas\" class=\"link \">Lire la suite sur RFI<\/a><\/p>\n","protected":false},"excerpt":{"rendered":"En France, l&rsquo;ex-rebelle salafiste syrien Majdi Nema a \u00e9t\u00e9 condamn\u00e9 \u00e0 10 ans de prison par la cour&hellip;\n","protected":false},"author":2,"featured_media":135400,"comment_status":"","ping_status":"","sticky":false,"template":"","format":"standard","meta":{"footnotes":""},"categories":[4],"tags":[11,1081,1011,27,26124,26125,26126,12,806,25],"class_list":{"0":"post-135399","1":"post","2":"type-post","3":"status-publish","4":"format-standard","5":"has-post-thumbnail","7":"category-france","8":"tag-actualites","9":"tag-crimes-de-guerre","10":"tag-fr","11":"tag-france","12":"tag-jaysh-al-islam","13":"tag-majdi","14":"tag-nema","15":"tag-news","16":"tag-prison","17":"tag-republique-francaise"},"share_on_mastodon":{"url":"https:\/\/pubeurope.com\/@fr\/114587865388943788","error":""},"_links":{"self":[{"href":"https:\/\/www.europesays.com\/fr\/wp-json\/wp\/v2\/posts\/135399","targetHints":{"allow":["GET"]}}],"collection":[{"href":"https:\/\/www.europesays.com\/fr\/wp-json\/wp\/v2\/posts"}],"about":[{"href":"https:\/\/www.europesays.com\/fr\/wp-json\/wp\/v2\/types\/post"}],"author":[{"embeddable":true,"href":"https:\/\/www.europesays.com\/fr\/wp-json\/wp\/v2\/users\/2"}],"replies":[{"embeddable":true,"href":"https:\/\/www.europesays.com\/fr\/wp-json\/wp\/v2\/comments?post=135399"}],"version-history":[{"count":0,"href":"https:\/\/www.europesays.com\/fr\/wp-json\/wp\/v2\/posts\/135399\/revisions"}],"wp:featuredmedia":[{"embeddable":true,"href":"https:\/\/www.europesays.com\/fr\/wp-json\/wp\/v2\/media\/135400"}],"wp:attachment":[{"href":"https:\/\/www.europesays.com\/fr\/wp-json\/wp\/v2\/media?parent=135399"}],"wp:term":[{"taxonomy":"category","embeddable":true,"href":"https:\/\/www.europesays.com\/fr\/wp-json\/wp\/v2\/categories?post=135399"},{"taxonomy":"post_tag","embeddable":true,"href":"https:\/\/www.europesays.com\/fr\/wp-json\/wp\/v2\/tags?post=135399"}],"curies":[{"name":"wp","href":"https:\/\/api.w.org\/{rel}","templated":true}]}}