{"id":135413,"date":"2025-05-28T22:47:10","date_gmt":"2025-05-28T22:47:10","guid":{"rendered":"https:\/\/www.europesays.com\/fr\/135413\/"},"modified":"2025-05-28T22:47:10","modified_gmt":"2025-05-28T22:47:10","slug":"a-lattaque-baptiste-gillet-rejoue-deja-actualite","status":"publish","type":"post","link":"https:\/\/www.europesays.com\/fr\/135413\/","title":{"rendered":"\u00c0 l\u2019attaque, Baptiste Gillet rejoue d\u00e9j\u00e0 &#8211; Actualit\u00e9"},"content":{"rendered":"<p style=\"text-align: justify;\">Nouvelle performance significative pour Baptiste Gillet. Un peu plus de deux semaines apr\u00e8s avoir pris la 4e place de la Kattekoers, la version Espoirs de Gand-Wevelgem, le coureur d\u2019Ark\u00e9a-B&amp;B H\u00f4tels est arriv\u00e9 ce mercredi au sein de l\u2019\u00e9chapp\u00e9e qui s\u2019est\u00a0disput\u00e9e la victoire sur la premi\u00e8re \u00e9tape de l\u2019Alpes Is\u00e8re Tour (2.2). Il n\u2019a pas manqu\u00e9 le bon coup parti vers la mi-course, apr\u00e8s une premi\u00e8re partie d\u2019\u00e9tape tr\u00e8s rapide. \u201cL&rsquo;objectif \u00e9tait de ne pas louper l&rsquo;\u00e9chapp\u00e9e, parce qu&rsquo;on savait qu&rsquo;aujourd&rsquo;hui \u00e7a pouvait aller au bout vu que l&rsquo;ann\u00e9e derni\u00e8re, elle avait \u00e9t\u00e9 reprise assez proche de l&rsquo;arriv\u00e9e\u201d, rappelle le Breton au micro de DirectVelo.<\/p>\n<p>Baptiste Gillet a tent\u00e9 de pi\u00e9ger ses six compagnons de fugue \u00e0 deux kilom\u00e8tres de l\u2019arriv\u00e9e, en vain. \u201cJe ne m&rsquo;attendais pas \u00e0 ce que cette \u00e9tape soit aussi difficile\u201d, reconna\u00eet le coureur class\u00e9 6e \u00e0 Charvieu-Chavagneux (<strong><a href=\"https:\/\/www.directvelo.com\/actualite\/120960\/alpes-isere-tour-et-1-classements\" target=\"_blank\" rel=\"noopener\">voir classement<\/a><\/strong>). M\u00eame si les jambes tournaient bien, il n\u2019est pas encore au meilleur de sa forme apr\u00e8s s\u2019\u00eatre cass\u00e9 le coude. \u201cC&rsquo;\u00e9tait un peu dur, mais je suis content, j&rsquo;arrive pour la victoire, donc c&rsquo;est bien\u201d, positive le coureur tomb\u00e9 le 4 avril \u00e0 la Route Ad\u00e9lie de Vitr\u00e9 et de retour en comp\u00e9tition le 9 mai au Tour du Finist\u00e8re.<\/p>\n<p>Depuis le d\u00e9but de la saison, le soci\u00e9taire de la Conti est appel\u00e9 \u00e0 courir r\u00e9guli\u00e8rement avec la WorldTeam (<strong><a href=\"https:\/\/www.directvelo.com\/coureur\/41931\/baptiste-gillet\" target=\"_blank\" rel=\"noopener\">voir sa fiche DirectVelo<\/a><\/strong>). \u201cJe pense que \u00e7a am\u00e8ne de la caisse pour les courses en Conti, donc c&rsquo;est pas mal. On sent qu&rsquo;on arrive ensuite davantage \u00e0 jouer\u201d. Il esp\u00e8re encore \u00eatre acteur d\u2019ici la fin de l\u2019Alpes Is\u00e8re Tour. \u201cJ&rsquo;aimerais bien repartir avec un podium, et une victoire serait magique. Pour le g\u00e9n\u00e9ral, sur la derni\u00e8re \u00e9tape, je pense que \u00e7a va \u00eatre dur pour moi, mais pourquoi pas chercher un beau g\u00e9n\u00e9ral aussi\u201d. Histoire de changer le bilan de son exercice 2025 qu\u2019il juge \u201cmitig\u00e9\u201d \u00e0 ce jour en raison de cette pause forc\u00e9e pendant le printemps.<\/p>\n","protected":false},"excerpt":{"rendered":"Nouvelle performance significative pour Baptiste Gillet. Un peu plus de deux semaines apr\u00e8s avoir pris la 4e place&hellip;\n","protected":false},"author":2,"featured_media":135414,"comment_status":"","ping_status":"","sticky":false,"template":"","format":"standard","meta":{"footnotes":""},"categories":[1411],"tags":[834,828,836,829,837,827,83,826,824,823,1154,207,814,817,815,816,822,821,832,211,839,1011,27,820,818,819,835,831,830,833,838,60,212,208,825],"class_list":{"0":"post-135413","1":"post","2":"type-post","3":"status-publish","4":"format-standard","5":"has-post-thumbnail","7":"category-cyclisme","8":"tag-attaque","9":"tag-belgique","10":"tag-braquet","11":"tag-bretagne","12":"tag-chute","13":"tag-competition","14":"tag-coupe-de-france","15":"tag-coureur","16":"tag-course-cyclisme","17":"tag-course-cycliste","18":"tag-cycling","19":"tag-cyclisme","20":"tag-direct","21":"tag-direct-velo","22":"tag-directvelo","23":"tag-directvelo-com","24":"tag-epreuve","25":"tag-epreuve-cycliste","26":"tag-federation-francaise-de-cyclisme","27":"tag-ffc","28":"tag-flandres","29":"tag-fr","30":"tag-france","31":"tag-live","32":"tag-live-course","33":"tag-live-epreuve","34":"tag-peloton","35":"tag-radio-peloton","36":"tag-radio-tour","37":"tag-ravitaillement","38":"tag-relance","39":"tag-sports","40":"tag-uci","41":"tag-velo","42":"tag-velos"},"share_on_mastodon":{"url":"https:\/\/pubeurope.com\/@fr\/114587896588236972","error":""},"_links":{"self":[{"href":"https:\/\/www.europesays.com\/fr\/wp-json\/wp\/v2\/posts\/135413","targetHints":{"allow":["GET"]}}],"collection":[{"href":"https:\/\/www.europesays.com\/fr\/wp-json\/wp\/v2\/posts"}],"about":[{"href":"https:\/\/www.europesays.com\/fr\/wp-json\/wp\/v2\/types\/post"}],"author":[{"embeddable":true,"href":"https:\/\/www.europesays.com\/fr\/wp-json\/wp\/v2\/users\/2"}],"replies":[{"embeddable":true,"href":"https:\/\/www.europesays.com\/fr\/wp-json\/wp\/v2\/comments?post=135413"}],"version-history":[{"count":0,"href":"https:\/\/www.europesays.com\/fr\/wp-json\/wp\/v2\/posts\/135413\/revisions"}],"wp:featuredmedia":[{"embeddable":true,"href":"https:\/\/www.europesays.com\/fr\/wp-json\/wp\/v2\/media\/135414"}],"wp:attachment":[{"href":"https:\/\/www.europesays.com\/fr\/wp-json\/wp\/v2\/media?parent=135413"}],"wp:term":[{"taxonomy":"category","embeddable":true,"href":"https:\/\/www.europesays.com\/fr\/wp-json\/wp\/v2\/categories?post=135413"},{"taxonomy":"post_tag","embeddable":true,"href":"https:\/\/www.europesays.com\/fr\/wp-json\/wp\/v2\/tags?post=135413"}],"curies":[{"name":"wp","href":"https:\/\/api.w.org\/{rel}","templated":true}]}}