{"id":135421,"date":"2025-05-28T22:51:08","date_gmt":"2025-05-28T22:51:08","guid":{"rendered":"https:\/\/www.europesays.com\/fr\/135421\/"},"modified":"2025-05-28T22:51:08","modified_gmt":"2025-05-28T22:51:08","slug":"mona-et-son-manoir-le-grand-scandale-rendez-vous-ici","status":"publish","type":"post","link":"https:\/\/www.europesays.com\/fr\/135421\/","title":{"rendered":"\u00ab\u00a0Mona et son manoir\u00a0\u00bb, \u00ab\u00a0Le Grand Scandale\u00a0\u00bb, \u00ab\u00a0Rendez-vous ici\u00a0\u00bb\u2026"},"content":{"rendered":"\n<p class=\"article__fact article__fact--false\">LA LISTE DE LA MATINALE<\/p>\n<p class=\"article__paragraph  \">Au programme de la s\u00e9lection du \u00ab\u00a0Monde des livres\u00a0\u00bb cette semaine\u00a0: un retour, une r\u00e9surrection, une red\u00e9couverte, un regard nouveau sur l\u2019art, un roman enthousiasmant. Dix\u00a0ans apr\u00e8s le dernier \u00e9pisode des Chroniques de San\u00a0Francisco, Armistead Maupin entra\u00eene ses h\u00e9ros en Angleterre. On croyait perdus les r\u00e9cits du goulag du dissident sovi\u00e9tique Gueorgui Demidov\u00a0: ils ont \u00e9t\u00e9 exhum\u00e9s, et c\u2019est une d\u00e9couverte bouleversante. Le Grand Scandale, d\u2019Hubert Gonnet, \u00e9tait oubli\u00e9 depuis longtemps\u00a0: c\u2019\u00e9tait une erreur, comme le montre avec \u00e9clat sa r\u00e9\u00e9dition. Que se passe-t-il dans les ateliers des artistes\u00a0? Une =passionnante enqu\u00eate para\u00eet. David Nicholls, l\u2019auteur d\u2019Un jour, ne cesse de r\u00e9inventer la com\u00e9die romantique\u00a0: la preuve avec son nouveau roman, Rendez-vous ici.<\/p>\n<p class=\"article__paragraph  \"><strong>ROMAN. \u00ab\u00a0Mona et son manoir\u00a0\u00bb, d\u2019Armistead Maupin<\/strong><\/p>\n<p class=\"article__paragraph  \">D\u2019une colline \u00e0 l\u2019autre s\u2019\u00e9bat Les\u00a0Chroniques de San Francisco, de l\u2019auteur am\u00e9ricain Armistead Maupin, dix\u00a0saisons d\u2019une s\u00e9rie litt\u00e9raire excentrique qui emporte nos c\u0153urs fragiles sur des montagnes russes. Dans Mona et son manoir, le dixi\u00e8me \u00e9pisode, ces collines ne sont plus celles de \u00ab\u00a0Frisco\u00a0\u00bb, aux Etats-Unis, mais celles des Cotswolds, en Angleterre.<\/p>\n<p class=\"article__paragraph  \">Les aventures sentimentalo-d\u00e9jant\u00e9es des \u00ab\u00a0enfants\u00a0\u00bb d\u2019Anna Madrigal \u2013 ses locataires du 28\u00a0Barbary Lane \u2013 ont \u00e9t\u00e9 publi\u00e9es en feuilleton dans le San\u00a0Francisco Chronicle, \u00e0 partir de 1976. Elles furent ensuite rassembl\u00e9es pour devenir des romans traduits dans le monde entier, adapt\u00e9s en s\u00e9rie \u00e0 la t\u00e9l\u00e9vision en\u00a01993 puis sur <a href=\"https:\/\/www.lemonde.fr\/culture\/article\/2019\/07\/25\/tales-of-the-city-version-vintage_5493397_3246.html\" rel=\"nofollow noopener\" target=\"_blank\">Netflix<\/a>. Radioscopie avant-gardiste d\u2019une soci\u00e9t\u00e9 conservatrice, l\u2019\u0153uvre se fait l\u2019\u00e9cho des luttes f\u00e9ministes et des revendications pour la reconnaissance des identit\u00e9s\u00a0LGBT.<\/p>\n<p class=\"article__paragraph  \">Mona, l\u2019h\u00e9ro\u00efne de ce dixi\u00e8me\u00a0tome, machine \u00e0 remonter le temps qui s\u2019ouvre sur l\u2019ann\u00e9e 1993, est la fille d\u2019Anna Madrigal. A\u00a049\u00a0ans, elle a \u00e9pous\u00e9 un lord anglais sur catalogue pour lui permettre d\u2019obtenir la \u00ab\u00a0carte verte\u00a0\u00bb et d\u2019aller vivre son homosexualit\u00e9 \u00e0 San\u00a0Francisco. Pour lui, elle g\u00e8re le manoir d\u2019Easley House, poursuivant ainsi la tradition familiale\u00a0: sa grand-m\u00e8re tenait le Blue Moon Lodge, un bordel dans le Nevada, quand sa m\u00e8re r\u00e8gne sur Barbary Lane.<\/p>\n<p class=\"reading-mode-only \"><strong>Il vous reste 75.2% de cet article \u00e0 lire. La suite est r\u00e9serv\u00e9e aux abonn\u00e9s.<\/strong><\/p>\n","protected":false},"excerpt":{"rendered":"LA LISTE DE LA MATINALE Au programme de la s\u00e9lection du \u00ab\u00a0Monde des livres\u00a0\u00bb cette semaine\u00a0: un retour,&hellip;\n","protected":false},"author":2,"featured_media":135422,"comment_status":"","ping_status":"","sticky":false,"template":"","format":"standard","meta":{"footnotes":""},"categories":[1357],"tags":[1379,58,59,1011,27,1380],"class_list":{"0":"post-135421","1":"post","2":"type-post","3":"status-publish","4":"format-standard","5":"has-post-thumbnail","7":"category-livres","8":"tag-books","9":"tag-divertissement","10":"tag-entertainment","11":"tag-fr","12":"tag-france","13":"tag-livres"},"share_on_mastodon":{"url":"https:\/\/pubeurope.com\/@fr\/114587912356084727","error":""},"_links":{"self":[{"href":"https:\/\/www.europesays.com\/fr\/wp-json\/wp\/v2\/posts\/135421","targetHints":{"allow":["GET"]}}],"collection":[{"href":"https:\/\/www.europesays.com\/fr\/wp-json\/wp\/v2\/posts"}],"about":[{"href":"https:\/\/www.europesays.com\/fr\/wp-json\/wp\/v2\/types\/post"}],"author":[{"embeddable":true,"href":"https:\/\/www.europesays.com\/fr\/wp-json\/wp\/v2\/users\/2"}],"replies":[{"embeddable":true,"href":"https:\/\/www.europesays.com\/fr\/wp-json\/wp\/v2\/comments?post=135421"}],"version-history":[{"count":0,"href":"https:\/\/www.europesays.com\/fr\/wp-json\/wp\/v2\/posts\/135421\/revisions"}],"wp:featuredmedia":[{"embeddable":true,"href":"https:\/\/www.europesays.com\/fr\/wp-json\/wp\/v2\/media\/135422"}],"wp:attachment":[{"href":"https:\/\/www.europesays.com\/fr\/wp-json\/wp\/v2\/media?parent=135421"}],"wp:term":[{"taxonomy":"category","embeddable":true,"href":"https:\/\/www.europesays.com\/fr\/wp-json\/wp\/v2\/categories?post=135421"},{"taxonomy":"post_tag","embeddable":true,"href":"https:\/\/www.europesays.com\/fr\/wp-json\/wp\/v2\/tags?post=135421"}],"curies":[{"name":"wp","href":"https:\/\/api.w.org\/{rel}","templated":true}]}}