{"id":135423,"date":"2025-05-28T22:52:19","date_gmt":"2025-05-28T22:52:19","guid":{"rendered":"https:\/\/www.europesays.com\/fr\/135423\/"},"modified":"2025-05-28T22:52:19","modified_gmt":"2025-05-28T22:52:19","slug":"philippe-etchebest-defonce-cette-serie-acclamee-par-la-critique","status":"publish","type":"post","link":"https:\/\/www.europesays.com\/fr\/135423\/","title":{"rendered":"Philippe Etchebest d\u00e9fonce cette s\u00e9rie acclam\u00e9e par la critique"},"content":{"rendered":"<p>Philippe Etchebest n&rsquo;est pas un tr\u00e8s grand fan de cette s\u00e9rie qui rafle tous les prix, et il ne se cache pas pour le dire. Sur le plateau de Clique, le chef \u00e9toil\u00e9 ne s&rsquo;est d&rsquo;ailleurs pas retenu pour dire le fond de sa pens\u00e9e.<\/p>\n<p>S&rsquo;il y a bien une s\u00e9rie qui a marqu\u00e9 le petit \u00e9cran ces derni\u00e8res ann\u00e9es, c&rsquo;est <a href=\"https:\/\/www.programme-tv.net\/news\/series-tv\/317433-trop-trop-bon-et-trop-trop-court-cette-serie-va-vous-donner-faim-et-un-coup-de-chaud-si-vous-ne-savez-pas-quoi-regarder-ce-week-end\/\" data-api-deeplink=\"teleloisirs:\/\/news\/317433\" rel=\"nofollow noopener\" target=\"_blank\">The Bear<\/a>. Se d\u00e9roulant dans les cuisines d&rsquo;un restaurant \u00e0 Chicago, la s\u00e9rie tourne autour de Carmy (incarn\u00e9 par Jeremy Allen White, vu dans Shameless), un ancien chef gastronomique qui h\u00e9rite d&rsquo;une sandwicherie \u00e0 la mort de son fr\u00e8re Michael. Propuls\u00e9 du jour au lendemain \u00e0 la t\u00eate de cet \u00e9tablissement, il va tenter d&rsquo;en faire un restaurant incontournable de la ville gr\u00e2ce \u00e0 son \u00e9quipe compos\u00e9e entre autres de Richie (Ebon Moss-Bachrach), Marcus (Lionel Boyce) et <a href=\"https:\/\/www.programme-tv.net\/news\/evenement\/disney-plus-streaming\/348653-journee-des-droits-des-femmes-5-heroines-inspirantes-dans-les-series-et-les-films\/\" data-api-deeplink=\"teleloisirs:\/\/news\/348653\" rel=\"nofollow noopener\" target=\"_blank\">Sydney (Ayo Edebiri)<\/a>, une apprentie qui se r\u00e9v\u00e9lera \u00eatre un \u00e9l\u00e9ment indispensable. Il n&rsquo;a pas fallu longtemps pour que The Bear &#8211; disponible sur <a href=\"https:\/\/www.programme-tv.net\/evenements\/disney\/\" rel=\"nofollow noopener\" target=\"_blank\">Disney+<\/a> en France &#8211; <a href=\"https:\/\/www.programme-tv.net\/news\/evenement\/disney-plus-streaming\/312202-une-vraie-reussite-lune-des-meilleures-de-lannee-a-savourer-cette-serie-sur-le-monde-la-cuisine-fait-lunanimite\/\" data-api-deeplink=\"teleloisirs:\/\/news\/312202\" rel=\"nofollow noopener\" target=\"_blank\">rencontre le succ\u00e8s aupr\u00e8s du grand public et de la presse<\/a>. Sauf qu&rsquo;elle n&rsquo;est pas du go\u00fbt d&rsquo;un c\u00e9l\u00e8bre chef \u00e9toil\u00e9.<\/p>\n<p><b>\u00ab\u00a0C&rsquo;est tout ce que je n&rsquo;aime pas\u00a0\u00bb<\/b><b> : Philippe Etchebest d\u00e9voile ce qu&rsquo;il n&rsquo;aime pas dans <\/b><b>The Bear<\/b><\/p>\n<p>Le jur\u00e9 de Top Chef Philippe Etchebest est loin d&rsquo;avoir la langue dans sa poche. Invit\u00e9 de l&rsquo;\u00e9mission Clique sur Canal+, le chef \u00e9toil\u00e9 a dit tout le mal qu&rsquo;il pensait de The Bear. \u00ab\u00a0Je n&rsquo;aime pas trop regarder ces trucs-l\u00e0, parce que <b>c&rsquo;est souvent des caricatures de ce qu&rsquo;il se passe dans nos \u00e9tablissements<\/b>. <b>C&rsquo;est tout ce que je n&rsquo;aime pas. Ce vocabulaire, cette fa\u00e7on de parler&#8230;<\/b> Ce n&rsquo;est pas comme \u00e7a que \u00e7a se passe en tout cas, dans mes cuisines. Jamais. Je peux vous l&rsquo;assurer\u00a0\u00bb, d\u00e9clare-t-il face \u00e0 <a href=\"https:\/\/www.programme-tv.net\/biographie\/79099-achour-mouloud\/\" data-link-people=\"ed951c02-3ad3-41d7-a945-f6c947854779\" rel=\"nofollow noopener\" target=\"_blank\">Mouloud Achour<\/a>. D&rsquo;apr\u00e8s l&rsquo;animateur de Cauchemar en cuisine,<b> <\/b>la s\u00e9rie avec Jeremy Allen White renvoie une \u00ab\u00a0mauvaise image\u00a0\u00bb du m\u00e9tier de restaurateur. \u00ab\u00a0Franchement, \u00e7a me fait chier !\u00a0\u00bb, mart\u00e8le-t-il.<\/p>\n<p>                        <b>The Bear<\/b><b> : la saison 4 d\u00e9barque tr\u00e8s prochainement sur Disney+ <\/b><\/p>\n<p>Les critiques de Philippe Etchebest ne vont certainement pas emp\u00eacher les fans de visionner <a href=\"https:\/\/www.programme-tv.net\/news\/evenement\/disney-plus-streaming\/357262-the-bear-y-aura-t-il-une-saison-4\/\" data-api-deeplink=\"teleloisirs:\/\/news\/357262\" rel=\"nofollow noopener\" target=\"_blank\">la prochaine saison de The Bear<\/a> qui arrive tr\u00e8s bient\u00f4t en streaming. Cette ann\u00e9e, la firme aux grandes oreilles mettra en ligne les \u00e9pisodes in\u00e9dits sur Disney+ en m\u00eame temps que la diffusion am\u00e9ricaine sur la cha\u00eene FX et sur la plateforme Hulu. Jusqu&rsquo;\u00e0 pr\u00e9sent, il fallait attendre la diffusion compl\u00e8te des \u00e9pisodes avant que ceux-ci n&rsquo;arrivent sur Disney+ en France. Il va encore falloir faire preuve d&rsquo;un peu de patience puisque la saison 4 arrive d\u00e8s le jeudi 26 juin.<\/p>\n<p>Article \u00e9crit en collaboration avec 6M\u00e9dias<\/p>\n","protected":false},"excerpt":{"rendered":"Philippe Etchebest n&rsquo;est pas un tr\u00e8s grand fan de cette s\u00e9rie qui rafle tous les prix, et il&hellip;\n","protected":false},"author":2,"featured_media":135424,"comment_status":"","ping_status":"","sticky":false,"template":"","format":"standard","meta":{"footnotes":""},"categories":[1356],"tags":[244,10451,58,59,1011,27,5387,10450,129,252,26130,13958,1364],"class_list":{"0":"post-135423","1":"post","2":"type-post","3":"status-publish","4":"format-standard","5":"has-post-thumbnail","7":"category-television","8":"tag-commentaire","9":"tag-disney-plus","10":"tag-divertissement","11":"tag-entertainment","12":"tag-fr","13":"tag-france","14":"tag-philippe-etchebest","15":"tag-pub-streaming-disney-plus","16":"tag-svod","17":"tag-television","18":"tag-the-bear","19":"tag-top-chef-la-brigade-cachu00e9e","20":"tag-tv"},"share_on_mastodon":{"url":"https:\/\/pubeurope.com\/@fr\/114587916335354090","error":""},"_links":{"self":[{"href":"https:\/\/www.europesays.com\/fr\/wp-json\/wp\/v2\/posts\/135423","targetHints":{"allow":["GET"]}}],"collection":[{"href":"https:\/\/www.europesays.com\/fr\/wp-json\/wp\/v2\/posts"}],"about":[{"href":"https:\/\/www.europesays.com\/fr\/wp-json\/wp\/v2\/types\/post"}],"author":[{"embeddable":true,"href":"https:\/\/www.europesays.com\/fr\/wp-json\/wp\/v2\/users\/2"}],"replies":[{"embeddable":true,"href":"https:\/\/www.europesays.com\/fr\/wp-json\/wp\/v2\/comments?post=135423"}],"version-history":[{"count":0,"href":"https:\/\/www.europesays.com\/fr\/wp-json\/wp\/v2\/posts\/135423\/revisions"}],"wp:featuredmedia":[{"embeddable":true,"href":"https:\/\/www.europesays.com\/fr\/wp-json\/wp\/v2\/media\/135424"}],"wp:attachment":[{"href":"https:\/\/www.europesays.com\/fr\/wp-json\/wp\/v2\/media?parent=135423"}],"wp:term":[{"taxonomy":"category","embeddable":true,"href":"https:\/\/www.europesays.com\/fr\/wp-json\/wp\/v2\/categories?post=135423"},{"taxonomy":"post_tag","embeddable":true,"href":"https:\/\/www.europesays.com\/fr\/wp-json\/wp\/v2\/tags?post=135423"}],"curies":[{"name":"wp","href":"https:\/\/api.w.org\/{rel}","templated":true}]}}