{"id":135427,"date":"2025-05-28T22:54:09","date_gmt":"2025-05-28T22:54:09","guid":{"rendered":"https:\/\/www.europesays.com\/fr\/135427\/"},"modified":"2025-05-28T22:54:09","modified_gmt":"2025-05-28T22:54:09","slug":"je-nai-plus-que-cinq-ou-six-ans-a-vivre-une-actrice-de-la-saga-harry-potter-annonce-une-triste-nouvelle","status":"publish","type":"post","link":"https:\/\/www.europesays.com\/fr\/135427\/","title":{"rendered":"\u00ab\u00a0Je n&rsquo;ai plus que cinq ou six ans \u00e0 vivre\u00a0\u00bb, une actrice de la saga Harry Potter annonce une triste nouvelle"},"content":{"rendered":"<p class=\"ap-StoryElement ap-StoryElement--mb ap-StoryText\">\u00c0 84 ans, Miriam Margolyes a fait une annonce bouleversante pour les plus grands fans de la c\u00e9l\u00e8bre saga Harry Potter.<\/p>\n<p class=\"ap-StoryElement ap-StoryElement--mb ap-StoryText\">L&rsquo;interpr\u00e8te de Pomona Chourave, la professeur de botanique \u00e0 l&rsquo;\u00e9cole de sorciers de Poudlard, a r\u00e9v\u00e9l\u00e9 des probl\u00e8mes de sant\u00e9 lors d&rsquo;une interview accord\u00e9e au Times. En 2023, Miriam a subi une lourde op\u00e9ration au c\u0153ur. \u00ab\u00a0Lorsque vous savez qu&rsquo;il ne vous reste plus beaucoup de temps \u00e0 vivre \u2013 je mourrai probablement dans les cinq ou six prochaines ann\u00e9es, peut-\u00eatre m\u00eame avant \u2013 vous vous dites que ce n&rsquo;est pas une bonne id\u00e9e d&rsquo;arr\u00eater de jouer maintenant.\u00a0\u00bb<\/p>\n","protected":false},"excerpt":{"rendered":"\u00c0 84 ans, Miriam Margolyes a fait une annonce bouleversante pour les plus grands fans de la c\u00e9l\u00e8bre&hellip;\n","protected":false},"author":2,"featured_media":135428,"comment_status":"","ping_status":"","sticky":false,"template":"","format":"standard","meta":{"footnotes":""},"categories":[1354],"tags":[26131,2120,312,58,59,1346,1011,27,1360,132,220],"class_list":{"0":"post-135427","1":"post","2":"type-post","3":"status-publish","4":"format-standard","5":"has-post-thumbnail","7":"category-films","8":"tag-brief","9":"tag-conflit","10":"tag-diplomatie","11":"tag-divertissement","12":"tag-entertainment","13":"tag-films","14":"tag-fr","15":"tag-france","16":"tag-movies","17":"tag-russie","18":"tag-ukraine"},"share_on_mastodon":{"url":"https:\/\/pubeurope.com\/@fr\/114587924176349867","error":""},"_links":{"self":[{"href":"https:\/\/www.europesays.com\/fr\/wp-json\/wp\/v2\/posts\/135427","targetHints":{"allow":["GET"]}}],"collection":[{"href":"https:\/\/www.europesays.com\/fr\/wp-json\/wp\/v2\/posts"}],"about":[{"href":"https:\/\/www.europesays.com\/fr\/wp-json\/wp\/v2\/types\/post"}],"author":[{"embeddable":true,"href":"https:\/\/www.europesays.com\/fr\/wp-json\/wp\/v2\/users\/2"}],"replies":[{"embeddable":true,"href":"https:\/\/www.europesays.com\/fr\/wp-json\/wp\/v2\/comments?post=135427"}],"version-history":[{"count":0,"href":"https:\/\/www.europesays.com\/fr\/wp-json\/wp\/v2\/posts\/135427\/revisions"}],"wp:featuredmedia":[{"embeddable":true,"href":"https:\/\/www.europesays.com\/fr\/wp-json\/wp\/v2\/media\/135428"}],"wp:attachment":[{"href":"https:\/\/www.europesays.com\/fr\/wp-json\/wp\/v2\/media?parent=135427"}],"wp:term":[{"taxonomy":"category","embeddable":true,"href":"https:\/\/www.europesays.com\/fr\/wp-json\/wp\/v2\/categories?post=135427"},{"taxonomy":"post_tag","embeddable":true,"href":"https:\/\/www.europesays.com\/fr\/wp-json\/wp\/v2\/tags?post=135427"}],"curies":[{"name":"wp","href":"https:\/\/api.w.org\/{rel}","templated":true}]}}