{"id":135431,"date":"2025-05-28T22:56:11","date_gmt":"2025-05-28T22:56:11","guid":{"rendered":"https:\/\/www.europesays.com\/fr\/135431\/"},"modified":"2025-05-28T22:56:11","modified_gmt":"2025-05-28T22:56:11","slug":"a-roland-garros-un-autre-tennisman-francais-est-a-3000-derriere-le-psg-c1-finale-psg-inter","status":"publish","type":"post","link":"https:\/\/www.europesays.com\/fr\/135431\/","title":{"rendered":"\u00c0 Roland-Garros, un autre tennisman fran\u00e7ais est \u00ab\u00a0\u00e0 3000% derri\u00e8re le PSG\u00a0\u00bb &#8211; C1 &#8211; Finale &#8211; PSG-Inter"},"content":{"rendered":"<p>On parle plus de foot que de tennis cette ann\u00e9e du c\u00f4t\u00e9 de la porte d\u2019Auteuil.<\/p>\n<p><strong>Quentin Halys s\u2019est brillamment qualifi\u00e9 pour le troisi\u00e8me tour de Roland-Garros<\/strong>, ce mercredi, en battant le Serbe Miomir Kecmanovi\u0107 (4-6, 6-3, 7-6 [2], 7-5). Cela va l\u2019obliger \u00e0 revenir sur le court vendredi, sans doute face au dixi\u00e8me joueur mondial, Holger Rune, et donc ne pas pouvoir pr\u00e9parer sereinement la finale de la Ligue des champions. \u00ab\u00a0Malheureusement ou heureusement\u00a0\u00bb, a-t-il plaisant\u00e9 apr\u00e8s sa victoire.<\/p>\n<p>Le Fran\u00e7ais de 28 ans, n\u00e9 \u00e0 Bondy, a confi\u00e9 qu\u2019il \u00e9tait abonn\u00e9 au Parc des Princes, o\u00f9 il se rend \u00ab\u00a0r\u00e9guli\u00e8rement\u00a0\u00bb, et qu\u2019il n\u2019allait rater la finale entre le Paris Saint-Germain et l\u2019Inter Milan pour rien au monde, pas m\u00eame la pr\u00e9paration d\u2019un potentiel huiti\u00e8me de finale \u00e0 Roland. \u00ab\u00a0Bien s\u00fbr, je vais la suivre avec grand int\u00e9r\u00eat.\u00a0Je serai \u00e0 3000% derri\u00e8re le PSG. <strong>Je serai forc\u00e9ment devant ma t\u00e9l\u00e9 et je pousserai \u00e0 fond<\/strong>\u00a0\u00bb, a-t-il expliqu\u00e9. Si Holger Rune est son prochain adversaire, peut-\u00eatre sera-t-il d\u00e9j\u00e0 \u00e9limin\u00e9 et pourra donc se concentrer uniquement sur son \u00e9quipe de c\u0153ur, un mal pour un bien apr\u00e8s tout.<\/p>\n<p>Il faudra songer \u00e0 faire chambre commune <a target=\"_blank\" href=\"https:\/\/www.sofoot.com\/breves\/a-roland-garros-arthur-fils-donne-son-pronostic-pour-la-finale-de-la-ligue-des-champions-psg-inter\" rel=\"noopener nofollow\">avec Arthur Fils et Ugo Humbert<\/a>.<\/p>\n<p>\t\t\t\t\t\t\t\t\t\t<a class=\"lien-connexe\" href=\"https:\/\/www.sofoot.com\/articles\/pourquoi-est-il-difficile-de-feter-les-victoires-sans-casser-les-champs-elysees-a-paris\" rel=\"nofollow noopener\" target=\"_blank\">Champs-\u00c9lys\u00e9es\u202f: c\u00e9l\u00e9brations sous haute tension<\/a>\t\t\t\t\t<\/p>\n","protected":false},"excerpt":{"rendered":"On parle plus de foot que de tennis cette ann\u00e9e du c\u00f4t\u00e9 de la porte d\u2019Auteuil. Quentin Halys&hellip;\n","protected":false},"author":2,"featured_media":135432,"comment_status":"","ping_status":"","sticky":false,"template":"","format":"standard","meta":{"footnotes":""},"categories":[9],"tags":[47,61,69,65,64,63,1011,27,68,66,62,70,67,60],"class_list":{"0":"post-135431","1":"post","2":"type-post","3":"status-publish","4":"format-standard","5":"has-post-thumbnail","7":"category-sports","8":"tag-actualite","9":"tag-actus-football","10":"tag-bundesliga","11":"tag-championnats-europeens","12":"tag-equipe-de-france","13":"tag-football","14":"tag-fr","15":"tag-france","16":"tag-ligua","17":"tag-ligue-1","18":"tag-news-foot","19":"tag-premier-league","20":"tag-serie-a","21":"tag-sports"},"share_on_mastodon":{"url":"https:\/\/pubeurope.com\/@fr\/114587932041831759","error":""},"_links":{"self":[{"href":"https:\/\/www.europesays.com\/fr\/wp-json\/wp\/v2\/posts\/135431","targetHints":{"allow":["GET"]}}],"collection":[{"href":"https:\/\/www.europesays.com\/fr\/wp-json\/wp\/v2\/posts"}],"about":[{"href":"https:\/\/www.europesays.com\/fr\/wp-json\/wp\/v2\/types\/post"}],"author":[{"embeddable":true,"href":"https:\/\/www.europesays.com\/fr\/wp-json\/wp\/v2\/users\/2"}],"replies":[{"embeddable":true,"href":"https:\/\/www.europesays.com\/fr\/wp-json\/wp\/v2\/comments?post=135431"}],"version-history":[{"count":0,"href":"https:\/\/www.europesays.com\/fr\/wp-json\/wp\/v2\/posts\/135431\/revisions"}],"wp:featuredmedia":[{"embeddable":true,"href":"https:\/\/www.europesays.com\/fr\/wp-json\/wp\/v2\/media\/135432"}],"wp:attachment":[{"href":"https:\/\/www.europesays.com\/fr\/wp-json\/wp\/v2\/media?parent=135431"}],"wp:term":[{"taxonomy":"category","embeddable":true,"href":"https:\/\/www.europesays.com\/fr\/wp-json\/wp\/v2\/categories?post=135431"},{"taxonomy":"post_tag","embeddable":true,"href":"https:\/\/www.europesays.com\/fr\/wp-json\/wp\/v2\/tags?post=135431"}],"curies":[{"name":"wp","href":"https:\/\/api.w.org\/{rel}","templated":true}]}}