{"id":135433,"date":"2025-05-28T22:57:09","date_gmt":"2025-05-28T22:57:09","guid":{"rendered":"https:\/\/www.europesays.com\/fr\/135433\/"},"modified":"2025-05-28T22:57:09","modified_gmt":"2025-05-28T22:57:09","slug":"comme-une-grande-soeur-amel-bent-ses-echanges-secrets-avec-diams-reveles","status":"publish","type":"post","link":"https:\/\/www.europesays.com\/fr\/135433\/","title":{"rendered":"\u00ab\u00a0Comme une grande s\u0153ur\u00a0\u00bb : Amel Bent, ses \u00e9changes secrets avec Diam&rsquo;s r\u00e9v\u00e9l\u00e9s"},"content":{"rendered":"<p>      R\u00e9sum\u00e9<\/p>\n<p>Amel Bent, \u00e0 l&rsquo;aube de ses 40 ans, sort un nouvel album abordant des th\u00e8mes personnels et \u00e9voque son lien privil\u00e9gi\u00e9 avec Diam&rsquo;s lors d&rsquo;une interview r\u00e9cente.<\/p>\n<p>        Sommaire<\/p>\n<p>Depuis plus de 20 ans, <a href=\"https:\/\/www.public.fr\/tag\/amel-bent\" rel=\"nofollow noopener\" target=\"_blank\"><strong>Amel Bent<\/strong><\/a> encha\u00eene les projets sans jamais ralentir. Et \u00e0 l&rsquo;aube de ses 40 ans, la chanteuse est loin de songer \u00e0 tirer sa r\u00e9v\u00e9rence. La preuve : le 16 mai dernier, elle d\u00e9voilait <strong>un tout nouvel album sobrement baptis\u00e9 Minuit une<\/strong>. <\/p>\n<p>Dans ce dernier disque, elle aborde pl\u00e9thore de sujets dont le temps qui passe, son couple, ses enfants, mais aussi et surtout <strong>la charge mentale<\/strong>. Des th\u00e8mes sur lesquels elle a souhait\u00e9 revenir lors de son passage sur les ondes de <a href=\"https:\/\/x.com\/franceinter\" target=\"_blank\" rel=\"noreferrer noopener nofollow\">France Inter<\/a> ce mercredi 28 mai 2025. <\/p>\n<p>D\u00e9charge mentale : un hommage \u00e0 Diam&rsquo;s<\/p>\n<p>\u00ab\u00a0Dans la mani\u00e8re dont vous la listez cette to do list, cette chanson-l\u00e0,\u00a0il y a du Diam&rsquo;s quand m\u00eame, non ?\u00a0\u00bb, a d&rsquo;abord demand\u00e9 L\u00e9a Salam\u00e9 en r\u00e9f\u00e9rence \u00e0 la chanson D\u00e9charge mentale. Ce \u00e0 quoi Amel Bent a r\u00e9pondu : \u00ab\u00a0Moi, <strong>j&rsquo;ai appris \u00e0 \u00e9crire avec elle<\/strong>\u00ab\u00a0. <\/p>\n<p>Et la journaliste de poursuivre : \u00ab\u00a0Qu&rsquo;est-ce qu&rsquo;elle vous a appris ? Comment elle vous a appris ?\u00a0\u00bb \u00ab\u00a0Avoir confiance en moi. C&rsquo;est la premi\u00e8re qui m&rsquo;a dit :\u00a0&lsquo;Tu n&rsquo;as besoin de personne. Prends un stylo, un cahier, et vas-y, fonce. T&rsquo;as tout en toi, tu sais ce que tu as \u00e0 dire et tu sais pourquoi tu as envie de le dire et \u00e0 qui tu as envie de le dire, donc tu as tout ce qu&rsquo;il faut pour \u00e9crire'\u00a0\u00bb, a confi\u00e9 la star avant de donner des nouvelles de sa cons\u0153ur.<\/p>\n<p>Amel Bent : \u00ab\u00a0Elle est toujours tr\u00e8s grande s\u0153ur avec moi\u00a0\u00bb<\/p>\n<p>\u00ab\u00a0Vous continuez \u00e0 la voir, \u00e0 lui parler, \u00e0 prendre de ses nouvelles ?\u00a0\u00bb, a os\u00e9 L\u00e9a Salam\u00e9 lors de l&rsquo;entretien. Une question \u00e0 laquelle Amel Bent a \u00e9videmment r\u00e9pondu par la positive. <\/p>\n<p>\u00ab\u00a0Oui, <strong>elle est toujours tr\u00e8s grande s\u0153ur avec moi donc elle prend de mes nouvelles. Souvent<\/strong>\u00ab\u00a0, a-t-elle r\u00e9v\u00e9l\u00e9. <\/p>\n<p>Bien que tr\u00e8s proche de Diam&rsquo;s, l&rsquo;interpr\u00e8te de Ma Philosophie est incapable de dire si son amie s&rsquo;int\u00e9resse \u00e0 son travail. <\/p>\n<p>\u00ab\u00a0Je ne sais pas, on ne parle pas forc\u00e9ment de ma carri\u00e8re, mais par contre,\u00a0<strong>elle me questionne sur mes enfants, sur la vie en g\u00e9n\u00e9ral, elle veut savoir si je suis heureuse.<\/strong> Comme une grande s\u0153ur\u00a0\u00bb. Une belle relation. <\/p>\n<p>      Mentionn\u00e9s dans cet article<\/p>\n<p>\u00c0 lire aussi<\/p>\n","protected":false},"excerpt":{"rendered":"R\u00e9sum\u00e9 Amel Bent, \u00e0 l&rsquo;aube de ses 40 ans, sort un nouvel album abordant des th\u00e8mes personnels et&hellip;\n","protected":false},"author":2,"featured_media":135434,"comment_status":"","ping_status":"","sticky":false,"template":"","format":"standard","meta":{"footnotes":""},"categories":[8],"tags":[20546,3645,58,59,1011,27,9102],"class_list":{"0":"post-135433","1":"post","2":"type-post","3":"status-publish","4":"format-standard","5":"has-post-thumbnail","7":"category-divertissement","8":"tag-amel-bent","9":"tag-diams","10":"tag-divertissement","11":"tag-entertainment","12":"tag-fr","13":"tag-france","14":"tag-france-inter"},"share_on_mastodon":{"url":"https:\/\/pubeurope.com\/@fr\/114587936228591052","error":""},"_links":{"self":[{"href":"https:\/\/www.europesays.com\/fr\/wp-json\/wp\/v2\/posts\/135433","targetHints":{"allow":["GET"]}}],"collection":[{"href":"https:\/\/www.europesays.com\/fr\/wp-json\/wp\/v2\/posts"}],"about":[{"href":"https:\/\/www.europesays.com\/fr\/wp-json\/wp\/v2\/types\/post"}],"author":[{"embeddable":true,"href":"https:\/\/www.europesays.com\/fr\/wp-json\/wp\/v2\/users\/2"}],"replies":[{"embeddable":true,"href":"https:\/\/www.europesays.com\/fr\/wp-json\/wp\/v2\/comments?post=135433"}],"version-history":[{"count":0,"href":"https:\/\/www.europesays.com\/fr\/wp-json\/wp\/v2\/posts\/135433\/revisions"}],"wp:featuredmedia":[{"embeddable":true,"href":"https:\/\/www.europesays.com\/fr\/wp-json\/wp\/v2\/media\/135434"}],"wp:attachment":[{"href":"https:\/\/www.europesays.com\/fr\/wp-json\/wp\/v2\/media?parent=135433"}],"wp:term":[{"taxonomy":"category","embeddable":true,"href":"https:\/\/www.europesays.com\/fr\/wp-json\/wp\/v2\/categories?post=135433"},{"taxonomy":"post_tag","embeddable":true,"href":"https:\/\/www.europesays.com\/fr\/wp-json\/wp\/v2\/tags?post=135433"}],"curies":[{"name":"wp","href":"https:\/\/api.w.org\/{rel}","templated":true}]}}