{"id":135435,"date":"2025-05-28T22:58:15","date_gmt":"2025-05-28T22:58:15","guid":{"rendered":"https:\/\/www.europesays.com\/fr\/135435\/"},"modified":"2025-05-28T22:58:15","modified_gmt":"2025-05-28T22:58:15","slug":"ios-26-au-lieu-dios-19-nouveautes-date-de-sortie-iphone-compatibles-tout-sur-la-mise-a-jour","status":"publish","type":"post","link":"https:\/\/www.europesays.com\/fr\/135435\/","title":{"rendered":"iOS 26 au lieu d&rsquo;iOS 19 : nouveaut\u00e9s, date de sortie, iPhone compatibles\u2026 tout sur la mise \u00e0 jour"},"content":{"rendered":"<p>Apple d\u00e9voilera ses futures mises \u00e0 jour logicielles lors de la WWDC le 9 juin 2025. La marque pr\u00e9parerait un changement de nom pour tous ses OS, en rempla\u00e7ant le num\u00e9ro de version par l\u2019ann\u00e9e (iOS 26 au lieu d\u2019iOS 19). La mise \u00e0 jour de l\u2019iPhone introduirait au passage un redesign de l\u2019interface, le premier depuis 2011.<\/p>\n<p>En attendant les <a href=\"https:\/\/www.numerama.com\/tech\/1926689-iphone-17-toutes-les-infos-apple.html\" data-type=\"post\" data-id=\"1926689\" target=\"_blank\" rel=\"noopener\">iPhone 17<\/a> en septembre, Apple organise sa traditionnelle conf\u00e9rence d\u00e9veloppeur, <a href=\"https:\/\/www.numerama.com\/tech\/1934977-ios-19-sur-iphone-apple-donne-la-date-de-sa-prochaine-conference.html\" data-type=\"post\" data-id=\"1934977\" target=\"_blank\" rel=\"noopener\">la WWDC<\/a>, le 9 juin 2025. C\u2019est l\u00e0 que la marque d\u00e9voile chaque ann\u00e9e ses nouvelles versions d\u2019iOS, iPadOS et macOS, ainsi que d\u2019autres nouveaut\u00e9s (<a href=\"https:\/\/www.numerama.com\/tech\/1758598-on-a-vu-apple-intelligence-en-vrai-les-reponses-a-toutes-vos-questions.html\" data-type=\"post\" data-id=\"1758598\" target=\"_blank\" rel=\"noopener\">Apple Intelligence<\/a> en 2024, <a href=\"https:\/\/www.numerama.com\/tech\/1627178-deux-semaines-avec-lapple-vision-pro-jai-change-davis-sur-le-futur-de-linformatique.html\" data-type=\"post\" data-id=\"1627178\" target=\"_blank\" rel=\"noopener\">Apple Vision Pro<\/a> en 2023, etc.).<\/p>\n<p>Si les rumeurs sont justes, l\u2019\u00e9dition 2025 de la WWDC sera principalement d\u00e9di\u00e9e au logiciel, avec des r\u00e9visions majeures d\u2019iOS, iPadOS, macOS, watchOS, tvOS et visionOS. L\u2019entreprise am\u00e9ricaine pourrait introduire <a href=\"https:\/\/www.numerama.com\/tech\/1977711-vous-avez-des-produits-apple-preparez-vous-a-des-changements-historiques-a-la-rentree.html\" data-type=\"post\" data-id=\"1977711\" target=\"_blank\" rel=\"noopener\">un nouveau design commun \u00e0 tous ses syst\u00e8mes d\u2019exploitation<\/a>, en plus de nombreuses nouveaut\u00e9s.<\/p>\n<p>Pourquoi iOS 26 plut\u00f4t qu\u2019iOS 19 ? <\/p>\n<p>En 2025, Apple pr\u00e9parerait un big bang dans sa mani\u00e8re de nommer les choses. Selon <a target=\"_blank\" href=\"https:\/\/www.bloomberg.com\/news\/articles\/2025-05-28\/apple-to-rebrand-device-operating-systems-ios-26-macos-26-watchos-26?srnd=undefined\" rel=\"noopener\">Bloomberg<\/a>, Apple aurait d\u00e9cid\u00e9 d\u2019apporter de la coh\u00e9rence dans ses num\u00e9ros de version. Il n\u2019y aurait pas d\u2019iOS 19, macOS 16 et visionOS 3, mais des iOS 26, macOS 26 et visionOS 26. Le 26 correspond \u00e0 l\u2019ann\u00e9e 2026, celle o\u00f9 les nouvelles versions seront plus propos\u00e9es plus longtemps. <\/p>\n<p><a href=\"https:\/\/www.numerama.com\/wp-content\/uploads\/2025\/05\/screenshot-2025-05-28-at-212536.jpg\" target=\"_blank\" rel=\"noopener\"><img decoding=\"async\" width=\"1024\" height=\"907\" loading=\"lazy\" alt=\"iOS 26 : la surprise d'Apple\" title=\"iOS 26 : la surprise d'Apple\" class=\"wp-image-1980379 placeholder-default wp-image\" src=\"https:\/\/www.europesays.com\/fr\/wp-content\/uploads\/2025\/05\/screenshot-2025-05-28-at-212536-1024x907.jpg\" \/><\/a>iOS 26 : la surprise d\u2019Apple \/\/ Source : <a href=\"https:\/\/x.com\/markgurman\/status\/1927797417430139114\" rel=\"nofollow noopener\" target=\"_blank\">X<\/a><\/p>\n<p>Si l\u2019on suit cette coh\u00e9rence (et si Bloomberg a raison), la logique voudrait que les iPhone 17 n\u2019existent jamais. Apple pourrait passer des iPhone 16 aux iPhone 26, pour mieux refl\u00e9ter l\u2019ann\u00e9e de sortie de ses nouveaux mod\u00e8les. En tant que m\u00e9dia sp\u00e9cialis\u00e9 sur l\u2019actualit\u00e9 d\u2019Apple, on ne peut que saluer cette grande simplification !<\/p>\n<p>Quand sortira iOS 26 sur iPhone ?<\/p>\n<p>Tous les ans, Apple publie ses nouvelles versions majeures d\u2019iOS en trois temps : <\/p>\n<ul class=\"wp-block-list\">\n<li><strong>Annonce<\/strong> et <strong>b\u00eata d\u00e9veloppeur<\/strong> en juin, dans les minutes qui suivent la WWDC. <\/li>\n<li><strong>B\u00eata publique <\/strong>entre fin juin et mi-juillet. Avec de nouvelles versions b\u00eata toutes les deux semaines environ. <\/li>\n<li><strong>Version finale<\/strong> \u00e0 la mi-septembre, quelques jours avant la sortie du nouvel iPhone. <\/li>\n<\/ul>\n<p>En toute logique, il faut s\u2019attendre \u00e0 une premi\u00e8re b\u00eata d\u2019iOS 26 le 9 juin, puis \u00e0 une sortie de la version d\u00e9finitive autour du 15-16 septembre. Toutes les nouveaut\u00e9s n\u2019arriveront probablement pas simultan\u00e9ment : il y aura des iOS 26.1 et iOS 26.2 dans les semaines qui suivent, comme d\u2019habitude.<\/p>\n<p><a href=\"https:\/\/www.numerama.com\/wp-content\/uploads\/2025\/02\/iphone16e-appleintelligence.jpg\" target=\"_blank\" rel=\"noopener\"><img decoding=\"async\" width=\"1024\" height=\"576\" loading=\"lazy\" alt=\"Apple iPhone 16e \/\/ Source : Nino Barbey \/ Numerama\" title=\"Apple iPhone 16e \/\/ Source : Nino Barbey \/ Numerama\" class=\"wp-image-1913117 placeholder-default wp-image\" src=\"https:\/\/www.europesays.com\/fr\/wp-content\/uploads\/2025\/05\/iphone16e-appleintelligence-1024x576.jpg\" \/><\/a>L\u2019iPhone 16e sous iOS 18. \/\/ Source : Nino Barbey \/ Numerama<\/p>\n<p>\u00c0 quoi ressemblera le nouveau design d\u2019iOS 26 sur iPhone\u00a0?<\/p>\n<p>En mars 2025, Bloomberg a \u00e9t\u00e9 le premier \u00e0 indiquer un changement majeur dans iOS 26 : pour la premi\u00e8re fois depuis iOS 7 (2011), <a href=\"https:\/\/www.numerama.com\/tech\/1922939-ios-19-pourrait-radicalement-transformer-linterface-de-votre-iphone.html\" target=\"_blank\" rel=\"noopener\">Apple s\u2019appr\u00eaterait \u00e0 changer l\u2019interface des iPhone<\/a>.<\/p>\n<p>Ces rumeurs ont \u00e9t\u00e9 reprises par d\u2019autres comptes plus ou moins fiables ensuite : tous annoncent une refonte de l\u2019interface. iOS 26 pourrait ainsi devenir une mise \u00e0 jour marquante, en instaurant les bases du futur d\u2019Apple pour les 10 prochaines ann\u00e9es.<\/p>\n<p><a href=\"https:\/\/www.numerama.com\/wp-content\/uploads\/2024\/02\/home-640x550-1.png\" target=\"_blank\" rel=\"noopener\"><img decoding=\"async\" width=\"640\" height=\"550\" loading=\"lazy\" alt=\"iOS 6 \u00e0 gauche, iOS 7 \u00e0 droite. Une d\u00e9cennie plus tard, Apple a conserv\u00e9 le design plat. \/\/ Source : Numerama \" title=\"iOS 6 \u00e0 gauche, iOS 7 \u00e0 droite. Une d\u00e9cennie plus tard, Apple a conserv\u00e9 le design plat. \/\/ Source : Numerama \" class=\"wp-image-1637542 placeholder-default wp-image\" src=\"https:\/\/www.europesays.com\/fr\/wp-content\/uploads\/2025\/05\/home-640x550-1.png\" \/><\/a>iOS 6 \u00e0 gauche, iOS 7 \u00e0 droite. Une d\u00e9cennie plus tard, Apple a conserv\u00e9 le design plat. \/\/ Source : Numerama <\/p>\n<p>Quels seront les grands changements d\u2019iOS 26 ? Tout ce que l\u2019on sait est <a href=\"https:\/\/www.numerama.com\/tech\/1977711-vous-avez-des-produits-apple-preparez-vous-a-des-changements-historiques-a-la-rentree.html\" target=\"_blank\" rel=\"noopener\">qu\u2019Apple souhaiterait unifier toutes ses interfaces autour d\u2019un style unique<\/a>, vraisemblablement inspir\u00e9 de visionOS (le syst\u00e8me du Vision Pro).<\/p>\n<p>L\u2019interface devrait \u00eatre plus transparente, accueillerait plus d\u2019animations et verrait ses ic\u00f4nes \u00e9voluer. Bloomberg parle aussi de nouveaux gestes de navigation, ce qui signifierait que toutes les applications \u00e9volueraient avec ce nouveau look. Certaines rumeurs sugg\u00e8rent notamment une toute nouvelle application Appareil photo, avec un design in\u00e9dit dans l\u2019univers du smartphone.<\/p>\n<p><a href=\"https:\/\/www.numerama.com\/wp-content\/uploads\/2025\/03\/ios-19.jpg\" target=\"_blank\" rel=\"noopener\"><img decoding=\"async\" width=\"1024\" height=\"576\" loading=\"lazy\" alt=\"iOS 19 inspir\u00e9 de visionOS.  \/\/ Source : X \/ AppleTrack\" title=\"iOS 19 inspir\u00e9 de visionOS.  \/\/ Source : X \/ AppleTrack\" class=\"wp-image-1922985 placeholder-default wp-image\" src=\"https:\/\/www.europesays.com\/fr\/wp-content\/uploads\/2025\/05\/ios-19-1024x576.jpg\" \/><\/a>iOS 19 inspir\u00e9 de visionOS ? Voici un rendu 3D qui imagine qui des ic\u00f4nes rondes.  \/\/ Source : <a href=\"https:\/\/x.com\/appltrack\/status\/1899176006482878813\" target=\"_blank\">X \/ AppleTrack<\/a><\/p>\n<p>Le nom de code de ce projet serait Solarium, en r\u00e9f\u00e9rence au toit de verre qui laisse passer de la lumi\u00e8re. On peut imaginer qu\u2019Apple jouera sur les reflets et la transparence pour donner un style unique \u00e0 ses appareils. Il se murmure d\u2019ailleurs que de futurs iPhone, en 2027, pourraient tenter d\u2019\u00e9liminer compl\u00e8tement les bordures. Une interface inspir\u00e9e du verre aurait alors beaucoup plus de sens. <\/p>\n<p>Quelles sont les nouveaut\u00e9s d\u2019iOS 26 sur iPhone ?<\/p>\n<p>Outre ce nouveau design, qui devrait sans doute justifier \u00e0 lui seul la mise \u00e0 jour vers iOS 26, Apple introduira bien logiquement d\u2019autres nouveaut\u00e9s sur iPhone \u00e0 la rentr\u00e9e 2025. La marque a d\u00e9j\u00e0 confirm\u00e9 des premi\u00e8res fonctionnalit\u00e9s li\u00e9es \u00e0 l\u2019accessibilit\u00e9, comme un mode pour sous-titrer en temps r\u00e9el tout ce que l\u2019iPhone entend.<\/p>\n<p>    Pour aller plus loin<\/p>\n<p>                <img decoding=\"async\" width=\"87\" height=\"87\" loading=\"lazy\" alt=\"La loupe de macOS avec l'iPhone. \/\/ Source : Apple\" title=\"La loupe de macOS avec l'iPhone. \/\/ Source : Apple\" class=\"placeholder-default wp-image\" src=\"https:\/\/www.europesays.com\/fr\/wp-content\/uploads\/2025\/05\/ios-19-accessibilite-200x200.jpg\" \/>            <\/p>\n<p>Quelles seront les autres nouveaut\u00e9s ? <strong>Avant le 9 juin, il vaut mieux \u00eatre prudent<\/strong>. Les rumeurs mentionnent les nouveaut\u00e9s ci-dessous, mais rien ne dit qu\u2019elles arriveront vraiment dans iOS 26. Par le pass\u00e9, la pr\u00e9diction des nouveaut\u00e9s d\u2019une mise \u00e0 jour Apple s\u2019est souvent av\u00e9r\u00e9e p\u00e9rilleuse :<\/p>\n<ul class=\"wp-block-list\">\n<li>Apple pourrait lancer <a href=\"https:\/\/www.numerama.com\/tech\/1979557-le-mac-pas-fait-pour-jouer-apple-prevoirait-une-grosse-annonce-pour-le-jeu-video.html\" data-type=\"post\" data-id=\"1979557\" target=\"_blank\" rel=\"noopener\">une application \u00ab Gaming \u00bb d\u00e9di\u00e9 aux jeux vid\u00e9o<\/a>. Elle r\u00e9unirait tous les titres install\u00e9s sur son appareil, ses troph\u00e9es, l\u2019aspect communautaire, l\u2019App Store et Apple Arcade. De quoi transformer l\u2019iPhone en mini-console. <\/li>\n<li>Apple pourrait introduire un nouveau syst\u00e8me de pr\u00e9diction du temps de recharge. L\u2019iPhone indiquerait le temps n\u00e9cessaire pour arriver \u00e0 100 %. On parle aussi d\u2019un nouveau mode d\u2019\u00e9conomie d\u2019\u00e9nergie qui utiliserait l\u2019IA pour optimiser l\u2019iPhone. <\/li>\n<li>Google Gemini pourrait \u00eatre int\u00e9gr\u00e9 aux r\u00e9glages d\u2019Apple Intelligence, comme ChatGPT. On imagine qu\u2019il sera possible de g\u00e9n\u00e9rer du texte ou des images avec les mod\u00e8les de Google. <\/li>\n<li>Le nouveau Siri, <a href=\"https:\/\/www.numerama.com\/tech\/1949885-le-retard-dapple-aurait-ete-exagere-le-nouveau-siri-pourrait-arriver-des-ios-19.html\" data-type=\"post\" data-id=\"1949885\" target=\"_blank\" rel=\"noopener\">qui devait arriver avec iOS 18.4<\/a>, devrait arriver dans une future version d\u2019iOS 26. Il ne devrait pas encore s\u2019agir d\u2019un vrai rival de ChatGPT, mais plut\u00f4t d\u2019une am\u00e9lioration du syst\u00e8me actuel avec la possibilit\u00e9 d\u2019acc\u00e9der \u00e0 votre historique personnel.<\/li>\n<li>Apple pourrait introduire un service de traduction en temps r\u00e9el pour les propri\u00e9taires d\u2019AirPods. Il y aurait aussi une refonte majeure de l\u2019application Traduire, avec l\u2019int\u00e9gration du mode live pour traduire en temps r\u00e9el. <\/li>\n<\/ul>\n<p><a href=\"https:\/\/www.numerama.com\/wp-content\/uploads\/2024\/09\/airpods4-06.jpg\" target=\"_blank\" rel=\"noopener\"><img decoding=\"async\" width=\"1024\" height=\"576\" loading=\"lazy\" alt=\"Les AirPods 4 d'Apple. \/\/ Source : Nino Barbey pour Numerama\" title=\"Les AirPods 4 d'Apple. \/\/ Source : Nino Barbey pour Numerama\" class=\"wp-image-1808290 placeholder-default wp-image\" src=\"https:\/\/www.europesays.com\/fr\/wp-content\/uploads\/2025\/05\/airpods4-06-1024x576.jpg\" \/><\/a>Les AirPods 4 d\u2019Apple. \/\/ Source : Nino Barbey pour Numerama<\/p>\n<ul class=\"wp-block-list\">\n<li>iOS 26 introduirait une nouveaut\u00e9 importante pour les r\u00e9seaux Wi-Fi publics avec un portail de connexion, qui demandent un mail ou des informations personnelles pour continuer. Un syst\u00e8me de \u00ab m\u00e9moire \u00bb permettrait de connecter automatiquement tous ses appareils.<\/li>\n<li>Un mode \u00ab Stage Manager \u00bb pourrait faire son apparition sur iPhone. Il permettrait de brancher son iPhone \u00e0 un \u00e9cran et de l\u2019utiliser comme un mini-Mac, avec une souris. <\/li>\n<li>Apple pourrait lancer une nouvelle application Sant\u00e9 avec un abonnement payant (Apple Health+) pour vous proposer un coach personnel gr\u00e2ce \u00e0 une IA g\u00e9n\u00e9rative. <\/li>\n<li>iOS 26 introduirait la possibilit\u00e9 de transf\u00e9rer une eSIM d\u2019un iPhone vers Android.<\/li>\n<li>Apple pr\u00e9voirait quelques annonces pour simplifier la vie des personnes qui parlent plusieurs langues. Bloomberg mentionne notamment un clavier qui supporte l\u2019anglais et l\u2019arabe. <\/li>\n<\/ul>\n<p><a href=\"https:\/\/www.numerama.com\/wp-content\/uploads\/2024\/06\/apple-intelligence-in-5-minutes-3-6-screenshot.jpg\" target=\"_blank\" rel=\"noopener\"><img decoding=\"async\" width=\"1024\" height=\"576\" loading=\"lazy\" alt=\"Le nouveau Siri utilisera vos donn\u00e9es locales pour fournir des r\u00e9ponses personnalis\u00e9es.\" title=\"Le nouveau Siri utilisera vos donn\u00e9es locales pour fournir des r\u00e9ponses personnalis\u00e9es.\" class=\"wp-image-1758628 placeholder-default wp-image\" src=\"https:\/\/www.europesays.com\/fr\/wp-content\/uploads\/2025\/05\/apple-intelligence-in-5-minutes-3-6-screenshot-1024x576.jpg\" \/><\/a>Le nouveau Siri utilisera vos donn\u00e9es locales pour fournir des r\u00e9ponses personnalis\u00e9es.  \/\/ Source : Apple<\/p>\n<p>Comme dit plus haut : toutes ces nouveaut\u00e9s sont \u00e0 lire avec beaucoup de pr\u00e9caution. Numerama actualisera cet article le 9 juin avec la liste officielle des nouveaut\u00e9s, que l\u2019on esp\u00e8re g\u00e9n\u00e9reuse.<\/p>\n<p>Apple Intelligence : y aura-t-il des nouveaut\u00e9s IA dans iOS 26 ?<\/p>\n<p>Et l\u2019intelligence artificielle ? Outre Gemini et l\u2019optimisation de la batterie, il pourrait y avoir plusieurs nouveaut\u00e9s, notamment dans les logiciels Apple. Mais la marque ne devrait pas reproduire <a href=\"https:\/\/www.numerama.com\/tech\/1921941-siri-repousse-apple-est-il-completement-largue-en-intelligence-artificielle.html\" data-type=\"post\" data-id=\"1921941\" target=\"_blank\" rel=\"noopener\">ses erreurs de l\u2019ann\u00e9e derni\u00e8re<\/a> en annon\u00e7ant des choses pas pr\u00eates. Il est probable qu\u2019Apple Intelligence soit rel\u00e9gu\u00e9 au second plan en 2025.  <\/p>\n<p>Quels seront les iPhone compatibles avec iOS 26 ?<\/p>\n<p>Selon les rumeurs (Apple confirmera cette information le 9 juin), les iPhone XR, iPhone XS et iPhone XS Max seront abandonn\u00e9s par iOS 26. Tous les autres iPhone sous iOS 18 aujourd\u2019hui devraient \u00eatre compatibles :<\/p>\n<ul class=\"wp-block-list\">\n<li><strong>iPhone 16 : <\/strong>16e, 16, 16 Plus, 16 Pro et 16 Pro Max, <\/li>\n<li><strong>iPhone 15 : <\/strong>15, 15 Plus, 15 Pro et 15 Pro Max, <\/li>\n<li><strong>iPhone 14 : <\/strong>14, 14 Plus, 14 Pro et 14 Pro Max, <\/li>\n<li><strong>iPhone 13 : <\/strong>13, 13 mini, 13 Pro et 13 Pro Max,<\/li>\n<li><strong>iPhone 12 :<\/strong> 12, 12 mini, 12 Pro et 12 Pro Max, <\/li>\n<li><strong>iPhone 11<\/strong>, 11, 11 Pro et 11 Pro Max, <\/li>\n<li><strong>SE : <\/strong>mod\u00e8le 2020 et mod\u00e8le 2022. <\/li>\n<\/ul>\n<p>            Ce contenu est bloqu\u00e9 car vous n\u2019avez pas accept\u00e9 les cookies et autres traceurs. Ce contenu est fourni par YouTube.<br \/>Pour pouvoir le visualiser, vous devez accepter l\u2019usage \u00e9tant op\u00e9r\u00e9 par YouTube avec vos donn\u00e9es qui pourront \u00eatre utilis\u00e9es pour les finalit\u00e9s suivantes : vous permettre de visualiser et de partager des contenus avec des m\u00e9dias sociaux, favoriser le d\u00e9veloppement et l\u2019am\u00e9lioration des produits d\u2019Humanoid et de ses partenaires, vous afficher des publicit\u00e9s personnalis\u00e9es par rapport \u00e0 votre profil et activit\u00e9, vous d\u00e9finir un profil publicitaire personnalis\u00e9, mesurer la performance des publicit\u00e9s et du contenu de ce site et mesurer l\u2019audience de ce site <a href=\"#\" class=\"js-privacy\" target=\"_blank\">(en savoir plus)<\/a>        <\/p>\n<p>            En cliquant sur \u00ab J\u2019accepte tout \u00bb, vous consentez aux finalit\u00e9s susmentionn\u00e9es pour l\u2019ensemble des cookies et autres traceurs d\u00e9pos\u00e9s par Humanoid et <a class=\"embed-consent-overlay-vendors-link\" href=\"#preferences-vendeurs\">ses partenaires<\/a>.        <\/p>\n<p>            Vous gardez la possibilit\u00e9 de retirer votre consentement \u00e0 tout moment. Pour plus d\u2019informations, nous vous invitons \u00e0 prendre connaissance de notre <a href=\"https:\/\/www.numerama.com\/politique-cookies\" target=\"_blank\" rel=\"noopener\">Politique cookies<\/a>.        <\/p>\n<p>        J\u2019accepte tout    <\/p>\n<p class=\"embed-consent-overlay-manage-choices\">        <a href=\"#preferences-publicitaires\">G\u00e9rer mes choix<\/a>    <\/p>\n<p>Pourra-t-on installer iOS 26 avant sa sortie ?<\/p>\n<p>D\u00e8s le 9 juin, Apple devrait publier une b\u00eata d\u00e9veloppeur d\u2019iOS 26. Il est n\u00e9anmoins recommand\u00e9 de ne pas l\u2019installer et d\u2019attendre la premi\u00e8re b\u00eata publique, moins bugu\u00e9e et avec plus de nouveaut\u00e9s, d\u2019ici \u00e0 la mi-juillet. Tout le monde pourra alors installer une pr\u00e9version d\u2019iOS 26, et de son nouveau design, en avant-premi\u00e8re.<\/p>\n<p>Numerama sera en direct de Cupertino le 9 juin pour vous faire vivre les annonces de la WWDC 2025. <\/p>\n<p>            <img decoding=\"async\" src=\"https:\/\/www.europesays.com\/fr\/wp-content\/uploads\/2025\/04\/iPhone-16-pro.png\" alt=\"Toute l'actu tech en un clien d'oeil\"\/><\/p>\n<p class=\"card-install-pwa__title\">Toute l&rsquo;actu tech en un clin d&rsquo;\u0153il<\/p>\n<p class=\"card-install-pwa__description\">Ajoutez Numerama \u00e0 votre \u00e9cran d&rsquo;accueil et restez connect\u00e9s au futur !<\/p>\n<p>            <img decoding=\"async\" src=\"https:\/\/www.europesays.com\/fr\/wp-content\/uploads\/2025\/04\/logo-card-pwa-coupe.svg.svg+xml\" alt=\"Logo PWA\"\/><\/p>\n<p>       Installer Numerama<\/p>\n","protected":false},"excerpt":{"rendered":"Apple d\u00e9voilera ses futures mises \u00e0 jour logicielles lors de la WWDC le 9 juin 2025. La marque&hellip;\n","protected":false},"author":2,"featured_media":135436,"comment_status":"","ping_status":"","sticky":false,"template":"","format":"standard","meta":{"footnotes":""},"categories":[7],"tags":[26054,26132,26133,983,13077,12575,12576,12578,26134,1011,27,268,26135,43,40,41,39,42,44,742,26136],"class_list":{"0":"post-135435","1":"post","2":"type-post","3":"status-publish","4":"format-standard","5":"has-post-thumbnail","7":"category-sciences-et-technologies","8":"tag-apple-iphone","9":"tag-apple-iphone-16","10":"tag-apple-iphone-16-plus","11":"tag-apple-iphone-16-pro","12":"tag-apple-iphone-16-pro-max","13":"tag-apple-iphone-17","14":"tag-apple-iphone-17-air","15":"tag-apple-iphone-17-pro","16":"tag-apple-iphone-17-ultra","17":"tag-fr","18":"tag-france","19":"tag-ios-19","20":"tag-iphone-16e","21":"tag-science","22":"tag-science-and-technology","23":"tag-sciences","24":"tag-sciences-et-technologies","25":"tag-technologies","26":"tag-technology","27":"tag-update","28":"tag-wwdc-2025"},"share_on_mastodon":{"url":"https:\/\/pubeurope.com\/@fr\/114587941417730583","error":""},"_links":{"self":[{"href":"https:\/\/www.europesays.com\/fr\/wp-json\/wp\/v2\/posts\/135435","targetHints":{"allow":["GET"]}}],"collection":[{"href":"https:\/\/www.europesays.com\/fr\/wp-json\/wp\/v2\/posts"}],"about":[{"href":"https:\/\/www.europesays.com\/fr\/wp-json\/wp\/v2\/types\/post"}],"author":[{"embeddable":true,"href":"https:\/\/www.europesays.com\/fr\/wp-json\/wp\/v2\/users\/2"}],"replies":[{"embeddable":true,"href":"https:\/\/www.europesays.com\/fr\/wp-json\/wp\/v2\/comments?post=135435"}],"version-history":[{"count":0,"href":"https:\/\/www.europesays.com\/fr\/wp-json\/wp\/v2\/posts\/135435\/revisions"}],"wp:featuredmedia":[{"embeddable":true,"href":"https:\/\/www.europesays.com\/fr\/wp-json\/wp\/v2\/media\/135436"}],"wp:attachment":[{"href":"https:\/\/www.europesays.com\/fr\/wp-json\/wp\/v2\/media?parent=135435"}],"wp:term":[{"taxonomy":"category","embeddable":true,"href":"https:\/\/www.europesays.com\/fr\/wp-json\/wp\/v2\/categories?post=135435"},{"taxonomy":"post_tag","embeddable":true,"href":"https:\/\/www.europesays.com\/fr\/wp-json\/wp\/v2\/tags?post=135435"}],"curies":[{"name":"wp","href":"https:\/\/api.w.org\/{rel}","templated":true}]}}